{"id":157345,"date":"2025-10-05T01:26:08","date_gmt":"2025-10-05T01:26:08","guid":{"rendered":"https:\/\/www.europesays.com\/es\/157345\/"},"modified":"2025-10-05T01:26:08","modified_gmt":"2025-10-05T01:26:08","slug":"la-gran-via-cierra-al-trafico-entre-las-16-y-las-22-horas-de-este-domingo-por-la-cabalgata-de-la-hispanidad","status":"publish","type":"post","link":"https:\/\/www.europesays.com\/es\/157345\/","title":{"rendered":"La Gran V\u00eda cierra al tr\u00e1fico entre las 16 y las 22 horas de este domingo por la cabalgata de la Hispanidad"},"content":{"rendered":"<p class=\"voc-p\" style=\"\">El Ayuntamiento de Madrid desplegar\u00e1 unos 800 agentes de la Pol\u00edc\u00eda Municipal para velar por la seguridad de los asistentes a los distintos eventos programados <a href=\"https:\/\/www.abc.es\/espana\/madrid\/hispanidad-2024-impacto-millones-madrid-euro-invertido-20250926173802-nt.html\" target=\"_self\" data-voc-vtm-id=\"in-text-traffic\" title=\"en la Hispanidad 2025\" data-mrf-link=\"www.abc.es\" rel=\"nofollow noopener\">en la Hispanidad 2025<\/a>, que ha arrancado este fin de semana en la capital y que terminar\u00e1 el 12 de octubre.<\/p>\n<p class=\"voc-p\" style=\"\">Hoy a las 13 horas, en la Plaza de Col\u00f3n, est\u00e1 previsto el concierto gratuito de Gloria Estefan, para el que el Ayuntamiento desplegar\u00e1 un total de 190 agentes municipales, incluidos de paisano, especialmente de la Comisar\u00eda Central de Seguridad, de la Comisar\u00eda de Servicios Especiales, de las comisar\u00edas integrales de distrito, junto a agentes de la Secci\u00f3n de Apoyo A\u00e9reo.<\/p>\n<p class=\"voc-p\" style=\"\">El segundo gran evento en el que se reforzar\u00e1 la seguridad ser\u00e1 la cabalgata organizada por la Comunidad de Madrid, con Argentina como pa\u00eds invitado y en la que participar\u00e1n delegaciones de 23 pa\u00edses de habla hispana, incluida Filipinas, que se une por primera vez a la fiesta. El recorrido partir\u00e1 de Gran V\u00eda a partir de las 18 horas de este domingo. All\u00ed habr\u00e1 170 agentes municipales.<\/p>\n<p class=\"voc-p\" style=\"\">A lo largo del d\u00eda <a href=\"https:\/\/www.abc.es\/espana\/madrid\/cortes-gran-via-colon-fiestas-hispanidad-20251002182905-nt.html\" target=\"_self\" data-voc-vtm-id=\"in-text-traffic\" title=\"se prev\u00e9n cortes de tr\u00e1fico\" data-mrf-link=\"www.abc.es\" rel=\"nofollow noopener\">se prev\u00e9n cortes de tr\u00e1fico<\/a> por estos eventos. En concreto, desde las 16 hasta las 22 horas estar\u00e1 totalmente cerrada al tr\u00e1fico la Gran V\u00eda. Por su parte, el tramo de la calle Alcal\u00e1 entre la Plaza de Cibeles y Gran V\u00eda en sentido hacia Plaza de Espa\u00f1a lo har\u00e1 hasta las 23 horas.<\/p>\n<p class=\"voc-p\" style=\"\">Asimismo, en funci\u00f3n de la afluencia de p\u00fablico, por motivos de seguridad, se encuentra programado el cierre de algunos accesos a las estaciones de Metro de Plaza de Espa\u00f1a, de Callao y de Gran V\u00eda, y tambi\u00e9n se ver\u00e1n afectadas las rutas de la EMT por Gran V\u00eda, Alcal\u00e1\/Banco de Espa\u00f1a y Plaza de Espa\u00f1a y zonas aleda\u00f1as a la Gran V\u00eda.<\/p>\n<p class=\"voc-p\" style=\"\">El dispositivo de seguridad del Ayuntamiento llegar\u00e1 a todos los puntos de la programaci\u00f3n, as\u00ed como a los conciertos en Plaza de Espa\u00f1a, en Puente del Rey, en Puerta del Sol o en Plaza Mayor.<\/p>\n<p>Reportar un error<\/p>\n","protected":false},"excerpt":{"rendered":"El Ayuntamiento de Madrid desplegar\u00e1 unos 800 agentes de la Pol\u00edc\u00eda Municipal para velar por la seguridad de&hellip;\n","protected":false},"author":2,"featured_media":157346,"comment_status":"","ping_status":"","sticky":false,"template":"","format":"standard","meta":{"footnotes":""},"categories":[8],"tags":[17,18,46974,500,1053,25,24,13,14,3956,11,26839,297,19,20,9,10,15,16,23,12,589,21,22,3252],"class_list":{"0":"post-157345","1":"post","2":"type-post","3":"status-publish","4":"format-standard","5":"has-post-thumbnail","7":"category-espana","8":"tag-breaking-news","9":"tag-breakingnews","10":"tag-cabalgata","11":"tag-cierra","12":"tag-domingo","13":"tag-es","14":"tag-espana","15":"tag-featured-news","16":"tag-featurednews","17":"tag-gran","18":"tag-headlines","19":"tag-hispanidad","20":"tag-horas","21":"tag-latest-news","22":"tag-latestnews","23":"tag-news","24":"tag-noticias","25":"tag-noticias-destacadas","26":"tag-noticiasdestacadas","27":"tag-spain","28":"tag-titulares","29":"tag-trafico","30":"tag-ultimas-noticias","31":"tag-ultimasnoticias","32":"tag-via"},"share_on_mastodon":{"url":"","error":""},"_links":{"self":[{"href":"https:\/\/www.europesays.com\/es\/wp-json\/wp\/v2\/posts\/157345","targetHints":{"allow":["GET"]}}],"collection":[{"href":"https:\/\/www.europesays.com\/es\/wp-json\/wp\/v2\/posts"}],"about":[{"href":"https:\/\/www.europesays.com\/es\/wp-json\/wp\/v2\/types\/post"}],"author":[{"embeddable":true,"href":"https:\/\/www.europesays.com\/es\/wp-json\/wp\/v2\/users\/2"}],"replies":[{"embeddable":true,"href":"https:\/\/www.europesays.com\/es\/wp-json\/wp\/v2\/comments?post=157345"}],"version-history":[{"count":0,"href":"https:\/\/www.europesays.com\/es\/wp-json\/wp\/v2\/posts\/157345\/revisions"}],"wp:featuredmedia":[{"embeddable":true,"href":"https:\/\/www.europesays.com\/es\/wp-json\/wp\/v2\/media\/157346"}],"wp:attachment":[{"href":"https:\/\/www.europesays.com\/es\/wp-json\/wp\/v2\/media?parent=157345"}],"wp:term":[{"taxonomy":"category","embeddable":true,"href":"https:\/\/www.europesays.com\/es\/wp-json\/wp\/v2\/categories?post=157345"},{"taxonomy":"post_tag","embeddable":true,"href":"https:\/\/www.europesays.com\/es\/wp-json\/wp\/v2\/tags?post=157345"}],"curies":[{"name":"wp","href":"https:\/\/api.w.org\/{rel}","templated":true}]}}