{"id":157365,"date":"2025-10-05T01:50:09","date_gmt":"2025-10-05T01:50:09","guid":{"rendered":"https:\/\/www.europesays.com\/es\/157365\/"},"modified":"2025-10-05T01:50:09","modified_gmt":"2025-10-05T01:50:09","slug":"si-ya-es-dificil-ganar-en-bernabeu-asi-mucho-mas-complicado","status":"publish","type":"post","link":"https:\/\/www.europesays.com\/es\/157365\/","title":{"rendered":"Si ya es dif\u00edcil ganar en Bernab\u00e9u, as\u00ed mucho m\u00e1s complicado"},"content":{"rendered":"<p data-gtm-element-container=\"modulo-texto-link\" class=\"paragraph\"><strong>Santi<\/strong> <strong>Comesa\u00f1a<\/strong>, futbolista del Villarreal, critic\u00f3 el arbitraje de <strong>Guillermo<\/strong> <strong>Cuadra<\/strong> <strong>Fern\u00e1ndez<\/strong> en el partido que su equipo perdi\u00f3 ante el Real Madrid (3-1) y afirm\u00f3 que \u201csi ya es dif\u00edcil ganar en el Santiago Bernab\u00e9u\u201d, con las decisiones que tom\u00f3 el colegiado se hace \u201cmucho m\u00e1s complicado\u201d.<\/p>\n<p data-gtm-element-container=\"modulo-texto-link\" class=\"paragraph\">\u201cVen\u00edamos aqu\u00ed con la esperanza de ganar y sacar algo positivo. Empezamos bien el partido, en bloque medio y con la idea de salir r\u00e1pido a la contra, y nos sali\u00f3 bien. Pero luego llega el gol, que tira Vin\u00edcius, me rebota a m\u00ed y acaba entrando\u2026 ah\u00ed nos fuimos del partido\u201d, dijo en <strong>DAZN<\/strong> antes de valorar las decisiones del \u00e1rbitro.<\/p>\n<p data-gtm-element-container=\"modulo-texto-link\" class=\"paragraph\">\u201cY luego viene el penalti. Para m\u00ed tiene que ser algo m\u00e1s, es un penalti que nos hace much\u00edsimo da\u00f1o porque con 1-0 est\u00e1bamos en el partido. Solo hay que ver c\u00f3mo se tira (Vin\u00edcius), se tira con los dos pies\u2026\u201d, critic\u00f3.<\/p>\n<p>    M\u00e1s sobre el Real Madrid<\/p>\n<p data-gtm-element-container=\"modulo-texto-link\" class=\"paragraph\">\u201cLuego hay que ver la expulsi\u00f3n (de Mouri\u00f1o), se pone delante (de Vin\u00edcius) y le expulsa. Si ya es dif\u00edcil ganar en el Bernab\u00e9u, con este tipo de cosas es mucho m\u00e1s complicado\u201d, concluy\u00f3.<\/p>\n","protected":false},"excerpt":{"rendered":"Santi Comesa\u00f1a, futbolista del Villarreal, critic\u00f3 el arbitraje de Guillermo Cuadra Fern\u00e1ndez en el partido que su equipo&hellip;\n","protected":false},"author":2,"featured_media":157366,"comment_status":"","ping_status":"","sticky":false,"template":"","format":"standard","meta":{"footnotes":""},"categories":[5],"tags":[17,18,25,24,13,14,11,19,20,9,10,15,16,23,12,21,22],"class_list":{"0":"post-157365","1":"post","2":"type-post","3":"status-publish","4":"format-standard","5":"has-post-thumbnail","7":"category-titulares","8":"tag-breaking-news","9":"tag-breakingnews","10":"tag-es","11":"tag-espana","12":"tag-featured-news","13":"tag-featurednews","14":"tag-headlines","15":"tag-latest-news","16":"tag-latestnews","17":"tag-news","18":"tag-noticias","19":"tag-noticias-destacadas","20":"tag-noticiasdestacadas","21":"tag-spain","22":"tag-titulares","23":"tag-ultimas-noticias","24":"tag-ultimasnoticias"},"share_on_mastodon":{"url":"","error":""},"_links":{"self":[{"href":"https:\/\/www.europesays.com\/es\/wp-json\/wp\/v2\/posts\/157365","targetHints":{"allow":["GET"]}}],"collection":[{"href":"https:\/\/www.europesays.com\/es\/wp-json\/wp\/v2\/posts"}],"about":[{"href":"https:\/\/www.europesays.com\/es\/wp-json\/wp\/v2\/types\/post"}],"author":[{"embeddable":true,"href":"https:\/\/www.europesays.com\/es\/wp-json\/wp\/v2\/users\/2"}],"replies":[{"embeddable":true,"href":"https:\/\/www.europesays.com\/es\/wp-json\/wp\/v2\/comments?post=157365"}],"version-history":[{"count":0,"href":"https:\/\/www.europesays.com\/es\/wp-json\/wp\/v2\/posts\/157365\/revisions"}],"wp:featuredmedia":[{"embeddable":true,"href":"https:\/\/www.europesays.com\/es\/wp-json\/wp\/v2\/media\/157366"}],"wp:attachment":[{"href":"https:\/\/www.europesays.com\/es\/wp-json\/wp\/v2\/media?parent=157365"}],"wp:term":[{"taxonomy":"category","embeddable":true,"href":"https:\/\/www.europesays.com\/es\/wp-json\/wp\/v2\/categories?post=157365"},{"taxonomy":"post_tag","embeddable":true,"href":"https:\/\/www.europesays.com\/es\/wp-json\/wp\/v2\/tags?post=157365"}],"curies":[{"name":"wp","href":"https:\/\/api.w.org\/{rel}","templated":true}]}}