{"id":157383,"date":"2025-10-05T02:13:08","date_gmt":"2025-10-05T02:13:08","guid":{"rendered":"https:\/\/www.europesays.com\/es\/157383\/"},"modified":"2025-10-05T02:13:08","modified_gmt":"2025-10-05T02:13:08","slug":"malas-sensaciones-para-empezar-la-voz-de-galicia","status":"publish","type":"post","link":"https:\/\/www.europesays.com\/es\/157383\/","title":{"rendered":"Malas sensaciones para empezar &#8211; La Voz de Galicia"},"content":{"rendered":"<ol>\n<li><a href=\"https:\/\/news.google.com\/rss\/articles\/CBMisgFBVV95cUxOX2o1U3k0WmNfZmtSWGhRY21lZGRkOEQ0ekdQZkpJRFRHcEsteTRITUhaVEVKQ19taS14a05VaW8wWjVlaUlJajJ6V3NraVl1bWFQTkI1NEVicTU3UjBtYnpJUmpCQWE1cUVUVTZpUml6LUkzemNCUWNjX3I3YkpIc3FpeERDbXk3Y2pQY21qbWJMc3M0ekRkallXZFhuRTZZVnhBVWxDY2x3S2x1bUpudnVR0gHOAUFVX3lxTE1LUUVMS3NIZE1XamNPdDNJd21TSE94clFzbzUyVjBVdWVTMjd0Z2EtbEZ5anVGMkdyTVlabkNhNndUWkdmVWJOTmdmQk9HVEN5TDJPd1FDRjZNZzhhUXNXUWl2WEtnUUtpWFkxNFNOeFRUTlRaN2RGYlJUUXVLOVJRa1FOZXg0RUpPSi05X2FUSGptV3pKSmNfWWp4cHVqZ0FidGZISjl3Q1Z4Rm5ETnhTcmJyMllCNEpuOU5wZGwzT2RuclV0dDMxanN2bmlR?oc=5\" target=\"_blank\" rel=\"nofollow noopener\">Malas sensaciones para empezar<\/a>&nbsp;&nbsp;La Voz de Galicia<\/li>\n<li><a href=\"https:\/\/news.google.com\/rss\/articles\/CBMiowFBVV95cUxPZU56TWlKeWJodEhyS0stclZ3S2N5RGpsZ2FfYlFadjJuaXZZbVp5amxVMmxkZW1oVDR1UjNxRFozdzBCRnJMbHJtVmdMSDNHM1kySTNfU05DV2dnLXpHUWluRE8xY1hCUDByS1V0WUcxSU5KalRzZlAzT1hhcUR1YlJ3ZlBnVVp0dk5Xc2loc05jOFhYeUVzdWJhWkxFRk9ENkln?oc=5\" target=\"_blank\" rel=\"nofollow noopener\">Un Hiopos Lleida vibrante se acuesta en lo m\u00e1s alto (87-68)<\/a>&nbsp;&nbsp;ACB.COM<\/li>\n<li><a href=\"https:\/\/news.google.com\/rss\/articles\/CBMi3gFBVV95cUxOZjU4alhyWnpiNnhHbDRvTlVkNVVBMXRBZ0diNWFIcHhXSGlWbi1kRGJJOGh4TnNCQjJNX2swejQ4MUNLMW5fX200b3JYTHlJSlRGQ3FNYWMxbE9DQXpPQlUwTEpIdU5JaURwaTVoODA4cEM2WXFuVXQ3REExWU5YTmN0OE5XQVY2RktPSGNzUEJHemZWSTY2aU83czhpM3JrUklmZlNHbW1oamhaY0lXZVBZcGZfd0xTa19kcUpyOFVJWGc5RmlJNkJVTG9EdF9oVmx4MXdqemh2MW0zVVHSAfoBQVVfeXFMTnNoZTQxSUZnMmxXbTNRM1dWbTVrejBXQ0JUdkVpN21JTG52em9kYnlIZDVDbHM4b29NeGZaX19sM2ZfcGZfeDljRHlmU1VJdm13WXNMWWh6cVpLZ0x0WXptQi1nMy1IX1I2VXNISnJfVFBhdDQ3TGpPc1ZnUHdWVjNMMVhPZloyYm9wZ2V0OG1sSnBlYjJqYUNMdmRUalhMWGpqeXNqZGZVZWdPQlBZcm9VRGtQcGNWM3ZIZGhPcmpWNnZkb1g2R2cxeFN5NVBWNk5JcDBOMWI4SmhSckJTSW5MUlVzcWxiYmNfYkNubHg1em1NOWtoWnMzQQ?oc=5\" target=\"_blank\" rel=\"nofollow noopener\">\u00abHa habido dos partes totalmente diferenciadas\u00bb, resume Casimiro<\/a>&nbsp;&nbsp;La Voz de Galicia<\/li>\n<li><a href=\"https:\/\/news.google.com\/rss\/articles\/CBMikAFBVV95cUxNRHMxbU5XX1czSFJqMXhRSWp0dTRqZ1dPUXNfa3AyRWE5M1VLaTAyWThzbHJXY3BFeUpKQ0tNLXZfVEc4OTdXWEJqUkVoMjNOTzJldG1aZVRfZWZORnB6dmJXdmNIOV8zbE5FclQtck0xdDRDOXpQdlJ0MnhxaENYV1VqVnRYQ1NDWEExd01UZUU?oc=5\" target=\"_blank\" rel=\"nofollow noopener\">ICG For\u00e7a Lleida vs R\u00edo Breog\u00e1n: estad\u00edsticas previas y datos en directo | ACB 2025\/2026<\/a>&nbsp;&nbsp;Diario AS<\/li>\n<li><a href=\"https:\/\/news.google.com\/rss\/articles\/CBMiiAFBVV95cUxPNVUwbEFkMWxneVNiRXR5NGE5VDdLLUpROHN0TjhodldIVTJ2UVphOEYyT3VhVDZVcGhuSUMxTENaTnV6aWNRVFRDejJmdEJZbklzZ1BpQmhOblF2WlhLRlg3dzZDMWdjazlpcElsWEY2eDJrY25WRWpIa3VaZkJKRFhYV3FzQUxa?oc=5\" target=\"_blank\" rel=\"nofollow noopener\">En busca de la consolidaci\u00f3n<\/a>&nbsp;&nbsp;Segre.com<\/li>\n<\/ol>\n","protected":false},"excerpt":{"rendered":"Malas sensaciones para empezar&nbsp;&nbsp;La Voz de Galicia Un Hiopos Lleida vibrante se acuesta en lo m\u00e1s alto (87-68)&nbsp;&nbsp;ACB.COM&hellip;\n","protected":false},"author":2,"featured_media":157384,"comment_status":"","ping_status":"","sticky":false,"template":"","format":"standard","meta":{"footnotes":""},"categories":[5],"tags":[17,18,25,24,13,14,11,19,20,831,665,9,10,15,16,23,12,21,22],"class_list":{"0":"post-157383","1":"post","2":"type-post","3":"status-publish","4":"format-standard","5":"has-post-thumbnail","7":"category-titulares","8":"tag-breaking-news","9":"tag-breakingnews","10":"tag-es","11":"tag-espana","12":"tag-featured-news","13":"tag-featurednews","14":"tag-headlines","15":"tag-latest-news","16":"tag-latestnews","17":"tag-liga-acb","18":"tag-liga-endesa","19":"tag-news","20":"tag-noticias","21":"tag-noticias-destacadas","22":"tag-noticiasdestacadas","23":"tag-spain","24":"tag-titulares","25":"tag-ultimas-noticias","26":"tag-ultimasnoticias"},"share_on_mastodon":{"url":"","error":""},"_links":{"self":[{"href":"https:\/\/www.europesays.com\/es\/wp-json\/wp\/v2\/posts\/157383","targetHints":{"allow":["GET"]}}],"collection":[{"href":"https:\/\/www.europesays.com\/es\/wp-json\/wp\/v2\/posts"}],"about":[{"href":"https:\/\/www.europesays.com\/es\/wp-json\/wp\/v2\/types\/post"}],"author":[{"embeddable":true,"href":"https:\/\/www.europesays.com\/es\/wp-json\/wp\/v2\/users\/2"}],"replies":[{"embeddable":true,"href":"https:\/\/www.europesays.com\/es\/wp-json\/wp\/v2\/comments?post=157383"}],"version-history":[{"count":0,"href":"https:\/\/www.europesays.com\/es\/wp-json\/wp\/v2\/posts\/157383\/revisions"}],"wp:featuredmedia":[{"embeddable":true,"href":"https:\/\/www.europesays.com\/es\/wp-json\/wp\/v2\/media\/157384"}],"wp:attachment":[{"href":"https:\/\/www.europesays.com\/es\/wp-json\/wp\/v2\/media?parent=157383"}],"wp:term":[{"taxonomy":"category","embeddable":true,"href":"https:\/\/www.europesays.com\/es\/wp-json\/wp\/v2\/categories?post=157383"},{"taxonomy":"post_tag","embeddable":true,"href":"https:\/\/www.europesays.com\/es\/wp-json\/wp\/v2\/tags?post=157383"}],"curies":[{"name":"wp","href":"https:\/\/api.w.org\/{rel}","templated":true}]}}