{"id":157427,"date":"2025-10-05T02:58:15","date_gmt":"2025-10-05T02:58:15","guid":{"rendered":"https:\/\/www.europesays.com\/es\/157427\/"},"modified":"2025-10-05T02:58:15","modified_gmt":"2025-10-05T02:58:15","slug":"matan-a-punaladas-a-un-hombre-tras-una-pelea-en-un-bar-en-puente-de-vallecas","status":"publish","type":"post","link":"https:\/\/www.europesays.com\/es\/157427\/","title":{"rendered":"Matan a pu\u00f1aladas a un hombre tras una pelea en un bar en Puente de Vallecas"},"content":{"rendered":"<p class=\"L6-news-detail__text\">Un hombre <b>ha muerto despu\u00e9s de recibir una pu\u00f1alada<\/b> en el pecho en el distrito de Puente de Vallecas, en Madrid, tras una discusi\u00f3n con otro individuo en un bar de la zona. El presunto autor, de 58 a\u00f1os, <b>ya est\u00e1 detenido <\/b>acusado de un delito de homicidio, tal y como han informado a EFE fuentes policiales.<\/p>\n<p class=\"L6-news-detail__text\">Todo sucedi\u00f3 a eso de las 22:00 de la noche del viernes, cuando el hombre recibi\u00f3 una herida con <b>un arma blanca en la zona del pecho<\/b>, cerca de la axila izquierda, a la altura del n\u00famero 40 de la calle Carlos Aurioles.<\/p>\n<p class=\"L6-news-detail__text\">Al lugar se desplazaron<b> primero agentes de la Polic\u00eda Municipal de Madrid<\/b>, que realizaron un taponamiento de urgencia para contener la hemorragia mientras esperaban la llegada de los servicios m\u00e9dicos.<\/p>\n<p class=\"L6-news-detail__text\">Pocos minutos despu\u00e9s, los efectivos del SAMUR-Protecci\u00f3n Civil asumieron la asistencia sanitaria para iniciar maniobras de reanimaci\u00f3n cardiopulmonar despu\u00e9s de <b>que el hombre entrase en parada cardiorrespiratoria.<\/b><\/p>\n<p class=\"L6-news-detail__text\">A pesar de que prolongaron <b>los intentos de reanimaci\u00f3n durante m\u00e1s de 30 minutos<\/b>, finalmente no pudieron revertir el estado del paciente y terminaron confirmando su muerte en el lugar de los hechos.<\/p>\n<p class=\"L6-news-detail__text\">Adem\u00e1s de polic\u00edas de Seguridad Ciudadana de la Polic\u00eda Nacional, a la zona<b> se desplazaron agentes de Polic\u00eda Cient\u00edfica <\/b>y del grupo VI de Homicidios, que se han hecho cargo de la investigaci\u00f3n.<\/p>\n<p class=\"L6-news-detail__text\"><b><a title=\"*Sigue a laSexta en Google. Toda la actualidad y el mejor contenido aqu\u00ed.\" href=\"https:\/\/profile.google.com\/cp\/CgkvbS8wZG5xejA\" target=\"_blank\" rel=\"nofollow noopener\">*Sigue a laSexta en Google. Toda la actualidad y el mejor contenido aqu\u00ed.<\/a><\/b><\/p>\n<p class=\"L6-support-news-video__title\">Contra el desahucio<\/p>\n<p>            <a href=\"https:\/\/www.lasexta.com\/noticias\/sociedad\/vecinos-viviendas-seguridad-social-denuncian-que-sus-hogares-van-ser-subastados-gobierno-nos-desahucia_2025100468e178062aac281a5cbda6de.html\" class=\"L6-news__link\" rel=\"nofollow noopener\" target=\"_blank\"><br \/>\n                Los vecinos de unas viviendas de la Seguridad Social denuncian la subasta de sus hogares: \u00abEl Gobierno nos desahucia\u00bb<\/p>\n<p class=\"recirculation-video-desc\">El contexto Pese a los reproches de quienes intentaban pujar por ellas, han contado con el apoyo del Sindicato de Inquilinas, que tambi\u00e9n protesta contra la incoherencia del Ejecutivo, el cual es favorable a prohibir hacer negocio con la vivienda p\u00fablica.<\/p>\n<p>            <\/a><\/p>\n","protected":false},"excerpt":{"rendered":"Un hombre ha muerto despu\u00e9s de recibir una pu\u00f1alada en el pecho en el distrito de Puente de&hellip;\n","protected":false},"author":2,"featured_media":157428,"comment_status":"","ping_status":"","sticky":false,"template":"","format":"standard","meta":{"footnotes":""},"categories":[8],"tags":[17,18,25,24,13,14,11,19,20,9,10,15,16,23,12,21,22],"class_list":{"0":"post-157427","1":"post","2":"type-post","3":"status-publish","4":"format-standard","5":"has-post-thumbnail","7":"category-espana","8":"tag-breaking-news","9":"tag-breakingnews","10":"tag-es","11":"tag-espana","12":"tag-featured-news","13":"tag-featurednews","14":"tag-headlines","15":"tag-latest-news","16":"tag-latestnews","17":"tag-news","18":"tag-noticias","19":"tag-noticias-destacadas","20":"tag-noticiasdestacadas","21":"tag-spain","22":"tag-titulares","23":"tag-ultimas-noticias","24":"tag-ultimasnoticias"},"share_on_mastodon":{"url":"","error":""},"_links":{"self":[{"href":"https:\/\/www.europesays.com\/es\/wp-json\/wp\/v2\/posts\/157427","targetHints":{"allow":["GET"]}}],"collection":[{"href":"https:\/\/www.europesays.com\/es\/wp-json\/wp\/v2\/posts"}],"about":[{"href":"https:\/\/www.europesays.com\/es\/wp-json\/wp\/v2\/types\/post"}],"author":[{"embeddable":true,"href":"https:\/\/www.europesays.com\/es\/wp-json\/wp\/v2\/users\/2"}],"replies":[{"embeddable":true,"href":"https:\/\/www.europesays.com\/es\/wp-json\/wp\/v2\/comments?post=157427"}],"version-history":[{"count":0,"href":"https:\/\/www.europesays.com\/es\/wp-json\/wp\/v2\/posts\/157427\/revisions"}],"wp:featuredmedia":[{"embeddable":true,"href":"https:\/\/www.europesays.com\/es\/wp-json\/wp\/v2\/media\/157428"}],"wp:attachment":[{"href":"https:\/\/www.europesays.com\/es\/wp-json\/wp\/v2\/media?parent=157427"}],"wp:term":[{"taxonomy":"category","embeddable":true,"href":"https:\/\/www.europesays.com\/es\/wp-json\/wp\/v2\/categories?post=157427"},{"taxonomy":"post_tag","embeddable":true,"href":"https:\/\/www.europesays.com\/es\/wp-json\/wp\/v2\/tags?post=157427"}],"curies":[{"name":"wp","href":"https:\/\/api.w.org\/{rel}","templated":true}]}}