{"id":157429,"date":"2025-10-05T02:59:19","date_gmt":"2025-10-05T02:59:19","guid":{"rendered":"https:\/\/www.europesays.com\/es\/157429\/"},"modified":"2025-10-05T02:59:19","modified_gmt":"2025-10-05T02:59:19","slug":"aemet-anuncia-las-dos-zonas-a-las-que-regresan-las-lluvias-este-domingo-en-la-comunidad-valenciana","status":"publish","type":"post","link":"https:\/\/www.europesays.com\/es\/157429\/","title":{"rendered":"Aemet anuncia las dos zonas a las que regresan las lluvias este domingo en la Comunidad Valenciana"},"content":{"rendered":"<p class=\"paragraph\">Llega un domingo de baj\u00f3n generalizado de las temperaturas m\u00e1ximas y el regreso de las lluvias a dos puntos de la Comunidad Valenciana. Prev\u00e9 <b>Aemet<\/b> que este 5 de octubre ser\u00e1 una jornada en la que incluso podr\u00edan darse rachas muy fuertes de viento. A partir de ah\u00ed, se inicia una semana en la que las lluvias se espera que vayan a m\u00e1s, incluso se presenta un escenario con todo el macropuente pasado por agua en la Comunidad Valenciana.<\/p>\n<p class=\"paragraph\">Este <b>domingo<\/b> se espera cielo \u00abpoco nuboso\u00bb, aunque tendiendo a \u00abnuboso\u00bb de cara a la segunda mitad del d\u00eda, \u00aba excepci\u00f3n del norte de Castell\u00f3n\u00bb. A partir de la tarde se indica la \u00abprobabilidad de chubascos en Valencia y Alicante\u00bb, aunque no se activa ninguna alerta. En las temperaturas, m\u00ednimas en descenso en el interior del tercio norte y m\u00e1ximas que registrar\u00e1n una bajada localmente notable. Durante la primera mitad del d\u00eda se dar\u00e1n rachas muy fuertes de viento en el norte de Castell\u00f3n.<\/p>\n<p class=\"c-detail__media__subtitle composite_image\">\n<p>        Mapa con la previsi\u00f3n de lluvias para este domingo 5 de octubre en la Comunidad Valenciana.Aemet<\/p>\n<p class=\"paragraph\">El <b>lunes<\/b> comenzar\u00e1 con \u00abintervalos de nubes, a excepci\u00f3n del norte de Castell\u00f3n, tendiendo a cielo poco nuboso de cara a la segunda mitad del d\u00eda\u00bb. Adem\u00e1s, se indica la \u00abprobabilidad de precipitaciones d\u00e9biles en Valencia y Alicante\u00bb, aunque \u00e9stas tender\u00e1n a remitir por la tarde. En las temperaturas, m\u00ednimas que bajar\u00e1n en la mitad norte y m\u00e1ximas que a\u00fan descender\u00e1n m\u00e1s en todo el territorio.<\/p>\n<p class=\"paragraph\">La previsi\u00f3n para el <b>martes<\/b> anuncia \u00abcielo poco nuboso\u00bb, aunque \u00abcon intervalos de nubes bajas a primeras horas en Valencia y Alicante\u00bb. Por ahora no se indica probabilidad alguna de precipitaciones. En las temperaturas, m\u00ednimas que subir\u00e1n en el interior de la mitad norte, pero bajar\u00e1n en el litoral de la mitad sur y m\u00e1ximas que aumentar\u00e1n de forma generalizada.<\/p>\n<p>            <a href=\"#\" title=\"\"><br \/>\n                <img decoding=\"async\" loading=\"lazy\" width=\"120px\" height=\"90px\" alt=\"Imagen a\u00e9rea de Cortes de Pall\u00e1s, Valencia\" src=\"https:\/\/imagenes.eldebate.com\/files\/related_image\/files\/fp\/uploads\/2025\/10\/02\/68de381d0a825.r_d.824-919.jpeg\" data-full-src=\"https:\/\/www.europesays.com\/es\/wp-content\/uploads\/2025\/10\/68de381d0a825.jpeg\"\/><br \/>\n            <\/a><\/p>\n<p class=\"paragraph\">De cara al <b>mi\u00e9rcoles<\/b> se prev\u00e9 \u00abcielo poco nuboso a primeras horas\u00bb, aunque \u00abaumentando a intervalos nubosos durante la ma\u00f1ana\u00bb. No se esperan lluvias, por ahora para este d\u00eda, aunque s\u00ed se contempla la llegada de un frente que pueda dejar chubascos durante todo el macropuente en la Comunidad Valenciana. Las temperaturas, sin cambios.<\/p>\n","protected":false},"excerpt":{"rendered":"Llega un domingo de baj\u00f3n generalizado de las temperaturas m\u00e1ximas y el regreso de las lluvias a dos&hellip;\n","protected":false},"author":2,"featured_media":157430,"comment_status":"","ping_status":"","sticky":false,"template":"","format":"standard","meta":{"footnotes":""},"categories":[5],"tags":[17,18,25,24,13,14,11,19,20,9,10,15,16,23,12,21,22],"class_list":{"0":"post-157429","1":"post","2":"type-post","3":"status-publish","4":"format-standard","5":"has-post-thumbnail","7":"category-titulares","8":"tag-breaking-news","9":"tag-breakingnews","10":"tag-es","11":"tag-espana","12":"tag-featured-news","13":"tag-featurednews","14":"tag-headlines","15":"tag-latest-news","16":"tag-latestnews","17":"tag-news","18":"tag-noticias","19":"tag-noticias-destacadas","20":"tag-noticiasdestacadas","21":"tag-spain","22":"tag-titulares","23":"tag-ultimas-noticias","24":"tag-ultimasnoticias"},"share_on_mastodon":{"url":"","error":""},"_links":{"self":[{"href":"https:\/\/www.europesays.com\/es\/wp-json\/wp\/v2\/posts\/157429","targetHints":{"allow":["GET"]}}],"collection":[{"href":"https:\/\/www.europesays.com\/es\/wp-json\/wp\/v2\/posts"}],"about":[{"href":"https:\/\/www.europesays.com\/es\/wp-json\/wp\/v2\/types\/post"}],"author":[{"embeddable":true,"href":"https:\/\/www.europesays.com\/es\/wp-json\/wp\/v2\/users\/2"}],"replies":[{"embeddable":true,"href":"https:\/\/www.europesays.com\/es\/wp-json\/wp\/v2\/comments?post=157429"}],"version-history":[{"count":0,"href":"https:\/\/www.europesays.com\/es\/wp-json\/wp\/v2\/posts\/157429\/revisions"}],"wp:featuredmedia":[{"embeddable":true,"href":"https:\/\/www.europesays.com\/es\/wp-json\/wp\/v2\/media\/157430"}],"wp:attachment":[{"href":"https:\/\/www.europesays.com\/es\/wp-json\/wp\/v2\/media?parent=157429"}],"wp:term":[{"taxonomy":"category","embeddable":true,"href":"https:\/\/www.europesays.com\/es\/wp-json\/wp\/v2\/categories?post=157429"},{"taxonomy":"post_tag","embeddable":true,"href":"https:\/\/www.europesays.com\/es\/wp-json\/wp\/v2\/tags?post=157429"}],"curies":[{"name":"wp","href":"https:\/\/api.w.org\/{rel}","templated":true}]}}