{"id":157431,"date":"2025-10-05T03:00:22","date_gmt":"2025-10-05T03:00:22","guid":{"rendered":"https:\/\/www.europesays.com\/es\/157431\/"},"modified":"2025-10-05T03:00:22","modified_gmt":"2025-10-05T03:00:22","slug":"al-balonmano-soria-le-cambia-la-cara","status":"publish","type":"post","link":"https:\/\/www.europesays.com\/es\/157431\/","title":{"rendered":"Al Balonmano Soria le cambia la cara"},"content":{"rendered":"<p class=\"paragraph\">El estreno victorioso del <b>BM Soria<\/b> en la \u00faltima jornada, la tercera del calendario de la <b>Divisi\u00f3n de Honor Plata<\/b>, ha mutado la cara al entorno del equipo amarillo. Una gran noticia. El desaf\u00edo es dar continuidad a ese resultado favorable en las pr\u00f3ximas semanas. Dificultad m\u00e1xima frente a rivales tan cualificados como el <b>BM Benidorm<\/b>, siguiente contendiente en el trayecto soriano.\u00a0<\/p>\n<p class=\"paragraph\">\u00abEs un equipazo, muy peligroso porque tiene jugadores de experiencia en la categor\u00eda e incluso en la superior. Su posici\u00f3n en la clasificaci\u00f3n en estos momentos no refleja su potencial\u00bb, coment\u00f3 el t\u00e9cnico amarillo <b>Oriol Castellarnau<\/b> en su comparecencia semanal repasando la actualidad de su equipo.<\/p>\n<p class=\"paragraph\">Lograda la primera victoria, el entrenador centr\u00f3 su discurso en la autocr\u00edtica para mejorar y necesaria de cara a mandar un mensaje inequ\u00edvoco a sus jugadores.\u00a0<\/p>\n<p class=\"paragraph\">\u00abAfrontamos los partidos sin presi\u00f3n, sin ansiedad.\u00a0<b>La temporada es larga<\/b> y nos situamos cada semana frente al rival que nos toca. Solo podemos influir en el presente, ya sea entrenando ya sea en los partidos\u00bb, explic\u00f3 Castellarnau, consciente de que deber\u00e1n tener \u00abpaciencia\u00bb a la hora de jugar, adem\u00e1s de mucha atenci\u00f3n al despliegue del rival por el centro de su ataque al apoyarse en el juego con el pivote.\u00a0<\/p>\n<p class=\"paragraph\">\u00abNuestro trabajo semanal ha ido dirigido a las <b>acciones defensivas<\/b> en el bloque central porque sabemos de su insistencia con el pivote\u00bb, analiz\u00f3.<\/p>\n<p class=\"paragraph\">En la misma l\u00ednea de reconocimiento del potencial del rival se manifest\u00f3 <b>Henrique Peter<\/b>, presente en la comparecencia ante los medios de informaci\u00f3n.\u00a0<\/p>\n<p class=\"paragraph\">\u00abSon jugadores muy experimentados, saben competir y ser\u00e1 un rival duro\u00bb, destac\u00f3 el <b>primera l\u00ednea<\/b>, que tambi\u00e9n reconoci\u00f3 que la primera victoria les sirve de aprendizaje en una liga muy dif\u00edcil y en una competici\u00f3n en la que deben gestionar los momentos malos con los impulsos a favor llegados con victorias como la del pasado fin de semana.\u00a0<\/p>\n<p class=\"paragraph\">\u00abDebemos tener los pies en el suelo. No hay tiempo para dar continuidad a la alegr\u00eda sino pensar en el pr\u00f3ximo rival. Centrarnos en el partido, sin excusas, y dar la respuesta en la pista\u00bb, argument\u00f3, sabedor de que es un referente dentro de un <b>grupo joven, humilde y con ganas de aprender<\/b>.<\/p>\n<p>            <a href=\"#\" title=\"\"><\/p>\n<p>                    <img loading=\"lazy\" decoding=\"async\" data-index=\"\" width=\"140\" height=\"140\" alt=\"Importante primera victoria para el Balonmano Soria en la presente temporada.\" data-full=\"[object Object]\" data-original=\"[object Object]\" src=\"https:\/\/imagenes.heraldodiariodesoria.es\/files\/related_image\/uploads\/2025\/09\/27\/68d82e1cca4c8.jpeg\" data-full-src=\"https:\/\/www.europesays.com\/es\/wp-content\/uploads\/2025\/10\/68d82e1cca4c8.jpeg\"\/><\/p>\n<p>            <\/a><\/p>\n","protected":false},"excerpt":{"rendered":"El estreno victorioso del BM Soria en la \u00faltima jornada, la tercera del calendario de la Divisi\u00f3n de&hellip;\n","protected":false},"author":2,"featured_media":157432,"comment_status":"","ping_status":"","sticky":false,"template":"","format":"standard","meta":{"footnotes":""},"categories":[278],"tags":[376,4535,168,25,24,375,23,167],"class_list":{"0":"post-157431","1":"post","2":"type-post","3":"status-publish","4":"format-standard","5":"has-post-thumbnail","7":"category-balonmano","8":"tag-balonmano","9":"tag-bm-soria","10":"tag-deportes","11":"tag-es","12":"tag-espana","13":"tag-handball","14":"tag-spain","15":"tag-sports"},"share_on_mastodon":{"url":"","error":""},"_links":{"self":[{"href":"https:\/\/www.europesays.com\/es\/wp-json\/wp\/v2\/posts\/157431","targetHints":{"allow":["GET"]}}],"collection":[{"href":"https:\/\/www.europesays.com\/es\/wp-json\/wp\/v2\/posts"}],"about":[{"href":"https:\/\/www.europesays.com\/es\/wp-json\/wp\/v2\/types\/post"}],"author":[{"embeddable":true,"href":"https:\/\/www.europesays.com\/es\/wp-json\/wp\/v2\/users\/2"}],"replies":[{"embeddable":true,"href":"https:\/\/www.europesays.com\/es\/wp-json\/wp\/v2\/comments?post=157431"}],"version-history":[{"count":0,"href":"https:\/\/www.europesays.com\/es\/wp-json\/wp\/v2\/posts\/157431\/revisions"}],"wp:featuredmedia":[{"embeddable":true,"href":"https:\/\/www.europesays.com\/es\/wp-json\/wp\/v2\/media\/157432"}],"wp:attachment":[{"href":"https:\/\/www.europesays.com\/es\/wp-json\/wp\/v2\/media?parent=157431"}],"wp:term":[{"taxonomy":"category","embeddable":true,"href":"https:\/\/www.europesays.com\/es\/wp-json\/wp\/v2\/categories?post=157431"},{"taxonomy":"post_tag","embeddable":true,"href":"https:\/\/www.europesays.com\/es\/wp-json\/wp\/v2\/tags?post=157431"}],"curies":[{"name":"wp","href":"https:\/\/api.w.org\/{rel}","templated":true}]}}