{"id":157433,"date":"2025-10-05T03:01:10","date_gmt":"2025-10-05T03:01:10","guid":{"rendered":"https:\/\/www.europesays.com\/es\/157433\/"},"modified":"2025-10-05T03:01:10","modified_gmt":"2025-10-05T03:01:10","slug":"rotunda-tarde-para-javier-funtanet-en-pachuca","status":"publish","type":"post","link":"https:\/\/www.europesays.com\/es\/157433\/","title":{"rendered":"Rotunda tarde para Javier Funtanet en Pachuca"},"content":{"rendered":"<p>La segunda corrida de la <strong>Feria de Pachuca<\/strong> en la <strong>Plaza Vicente Segura<\/strong> reuni\u00f3 un cartel de <strong>juventud<\/strong> y <strong>proyecci\u00f3n<\/strong> que respondi\u00f3 con entrega al p\u00fablico hidalguense. Los actuantes ofrecieron <strong>faenas de distinto corte<\/strong> pero con un denominador com\u00fan: <strong>compromiso<\/strong> y <strong>b\u00fasqueda de triunfo<\/strong>.<\/p>\n<p class=\"has-blue-ova-color has-white-background-color has-text-color has-background\"><strong>TE PUEDE INTERESAR: <a href=\"https:\/\/ovaciones.com\/isaac-del-toro-gana-el-giro-dellemilia-y-llega-a-14-victorias-en-la-temporada\/\" rel=\"nofollow noopener\" target=\"_blank\">Isaac del Toro gana el Giro dell\u2019Emilia y llega a 14 victorias en la temporada<\/a><\/strong><\/p>\n<p>El gran triunfador de la jornada fue el <strong>rejoneador Javier Funtanet<\/strong>, que se alz\u00f3 con <strong>dos orejas<\/strong> en una actuaci\u00f3n que confirm\u00f3 su <strong>crecimiento<\/strong> y <strong>temple<\/strong> sobre la plaza. Con maestr\u00eda y valor, firm\u00f3 <strong>faenas de peso<\/strong>, cargadas de <strong>emoci\u00f3n<\/strong> y <strong>precisi\u00f3n<\/strong> en los terrenos m\u00e1s comprometidos, conquistando al <strong>tendido<\/strong> y dejando claro que es uno de los <strong>nombres llamados a encabezar el rejoneo mexicano<\/strong>.<\/p>\n<p>No menos destacado fue el paso de <strong>Arturo Gilio<\/strong>, que rubric\u00f3 una de las <strong>faenas m\u00e1s completas<\/strong> de su carrera en <strong>Pachuca<\/strong>. Aunque no coron\u00f3 con la <strong>espada<\/strong>, su labor tuvo el <strong>empaque<\/strong> y la <strong>profundidad<\/strong> que sit\u00faan a un torero en la \u00f3rbita.<\/p>\n<p>Entre ambos, y con las intervenciones de <strong>H\u00e9ctor Guti\u00e9rrez<\/strong>, la tarde ofreci\u00f3 <strong>pasajes de toreo cl\u00e1sico<\/strong> y <strong>emocionante<\/strong> que quedar\u00e1n en la memoria de la afici\u00f3n.<\/p>\n<p>El triunfador de la tarde<\/p>\n<p><strong>Javier Funtanet<\/strong> volvi\u00f3 a dejar constancia de su <strong>crecimiento<\/strong> como rejoneador con \u201c<strong>H\u00e9ctor<\/strong>\u201d, de 375 kilos de <strong>Xajay<\/strong>.<\/p>\n<p>Desde el recibo en \u201c<strong>Generoso<\/strong>\u201d se not\u00f3 el <strong>pulso<\/strong> y el <strong>mando<\/strong>, pasando al novillo con dos <strong>rejones de castigo<\/strong> que marcaron el tono de la faena. Con \u201c<strong>Sabina<\/strong>\u201d firm\u00f3 un <strong>inicio tit\u00e1nico<\/strong> en <strong>banderillas<\/strong>, ejecutando <strong>batidas perfectas<\/strong> que cargaron de emoci\u00f3n cada encuentro.<\/p>\n<p>El ejemplar de <strong>Xajay<\/strong>, con <strong>movilidad<\/strong> y <strong>fijeza<\/strong>, permiti\u00f3 al caballista lucir en <strong>banderillas largas<\/strong>, siempre dando el <strong>pecho<\/strong> en la ejecuci\u00f3n. Lleg\u00f3 despu\u00e9s \u201c<strong>Gitano<\/strong>\u201d, para acortar <strong>distancias<\/strong> y clavar una <strong>soberbia banderilla al viol\u00edn<\/strong> que levant\u00f3 al p\u00fablico, rematada con <strong>adornos<\/strong> y <strong>piruetas<\/strong> que a\u00f1adieron sabor a la lidia.<\/p>\n<p>\u201c<strong>Detalle<\/strong>\u201d cerr\u00f3 la obra en terrenos <strong>comprometidos<\/strong>, completando con las <strong>cortas<\/strong> y las <strong>rosas<\/strong> con torer\u00eda y entrega. El <strong>rej\u00f3n de muerte<\/strong>, hundido al <strong>tercer intento<\/strong>, no rest\u00f3 brillo a una faena que tuvo <strong>mando<\/strong>, <strong>riesgo<\/strong> y <strong>emoci\u00f3n<\/strong>.<\/p>\n<p>La <strong>vuelta al ruedo<\/strong> fue un reconocimiento a una actuaci\u00f3n que conjuga <strong>juventud<\/strong> y <strong>madurez<\/strong>, y que confirma a <strong>Funtanet<\/strong> como uno de los <strong>rejoneadores llamados a dar que hablar<\/strong>.<\/p>\n<p>Javier Funtanet firm\u00f3 una actuaci\u00f3n que dej\u00f3 huella con \u201cWingston\u201d, de 382 kilos, segundo de su lote.<\/p>\n<p>Desde el saludo sobre \u201c<strong>Aztl\u00e1n<\/strong>\u201d y el primer <strong>rej\u00f3n de castigo<\/strong>, mostr\u00f3 <strong>temple<\/strong> y <strong>autoridad<\/strong>.<\/p>\n<p>La presencia de \u201c<strong>Sue\u00f1o<\/strong>\u201d en el tercio de <strong>banderillas<\/strong> fue clave para acentuar ese <strong>dominio<\/strong> de terrenos y <strong>querencias<\/strong>, acariciando las acometidas de un novillo con <strong>clase<\/strong> y <strong>emotividad<\/strong>. Lo que marc\u00f3 la diferencia fue la <strong>actitud<\/strong>: Funtanet se qued\u00f3 entre los <strong>pitones<\/strong>, a cent\u00edmetros, muy <strong>templado<\/strong> y siempre de frente, convencido de su <strong>toreo<\/strong>.<\/p>\n<p>Tres <strong>banderillas vibrantes<\/strong>, clavadas en el <strong>tiempo justo<\/strong>, rubricaron un tercio de gran <strong>pulcritud<\/strong>. Con las <strong>cortas<\/strong> y <strong>rosas<\/strong> cerr\u00f3 una faena en la que el <strong>p\u00fablico<\/strong> sinti\u00f3 esa mezcla de <strong>riesgo<\/strong> y <strong>est\u00e9tica<\/strong> que engrandece el rejoneo.<\/p>\n<p>El <strong>rej\u00f3n final<\/strong> fue certero y las <strong>orejas<\/strong> llegaron como premio a una <strong>labor seria<\/strong> y <strong>entregada<\/strong>. \u201c<strong>Wingston<\/strong>\u201d, aplaudido en el arrastre, puso la <strong>casta<\/strong>; <strong>Funtanet<\/strong>, la <strong>torer\u00eda<\/strong>. Una conjunci\u00f3n que alimenta la <strong>esperanza<\/strong> en el <strong>futuro<\/strong> del rejoneo mexicano.<\/p>\n","protected":false},"excerpt":{"rendered":"La segunda corrida de la Feria de Pachuca en la Plaza Vicente Segura reuni\u00f3 un cartel de juventud&hellip;\n","protected":false},"author":2,"featured_media":157434,"comment_status":"","ping_status":"","sticky":false,"template":"","format":"standard","meta":{"footnotes":""},"categories":[277],"tags":[373,168,25,24,23,167,374],"class_list":{"0":"post-157433","1":"post","2":"type-post","3":"status-publish","4":"format-standard","5":"has-post-thumbnail","7":"category-toreo","8":"tag-bullfighting","9":"tag-deportes","10":"tag-es","11":"tag-espana","12":"tag-spain","13":"tag-sports","14":"tag-toreo"},"share_on_mastodon":{"url":"","error":""},"_links":{"self":[{"href":"https:\/\/www.europesays.com\/es\/wp-json\/wp\/v2\/posts\/157433","targetHints":{"allow":["GET"]}}],"collection":[{"href":"https:\/\/www.europesays.com\/es\/wp-json\/wp\/v2\/posts"}],"about":[{"href":"https:\/\/www.europesays.com\/es\/wp-json\/wp\/v2\/types\/post"}],"author":[{"embeddable":true,"href":"https:\/\/www.europesays.com\/es\/wp-json\/wp\/v2\/users\/2"}],"replies":[{"embeddable":true,"href":"https:\/\/www.europesays.com\/es\/wp-json\/wp\/v2\/comments?post=157433"}],"version-history":[{"count":0,"href":"https:\/\/www.europesays.com\/es\/wp-json\/wp\/v2\/posts\/157433\/revisions"}],"wp:featuredmedia":[{"embeddable":true,"href":"https:\/\/www.europesays.com\/es\/wp-json\/wp\/v2\/media\/157434"}],"wp:attachment":[{"href":"https:\/\/www.europesays.com\/es\/wp-json\/wp\/v2\/media?parent=157433"}],"wp:term":[{"taxonomy":"category","embeddable":true,"href":"https:\/\/www.europesays.com\/es\/wp-json\/wp\/v2\/categories?post=157433"},{"taxonomy":"post_tag","embeddable":true,"href":"https:\/\/www.europesays.com\/es\/wp-json\/wp\/v2\/tags?post=157433"}],"curies":[{"name":"wp","href":"https:\/\/api.w.org\/{rel}","templated":true}]}}