{"id":157435,"date":"2025-10-05T03:02:08","date_gmt":"2025-10-05T03:02:08","guid":{"rendered":"https:\/\/www.europesays.com\/es\/157435\/"},"modified":"2025-10-05T03:02:08","modified_gmt":"2025-10-05T03:02:08","slug":"dustin-poirier-asegura-que-paddy-pimblett-no-merece-pelear-contra-ilia-topuria-es-un-poco-apresurado","status":"publish","type":"post","link":"https:\/\/www.europesays.com\/es\/157435\/","title":{"rendered":"Dustin Poirier asegura que Paddy Pimblett \u00abno merece\u00bb pelear contra Ilia Topuria: \u00abEs un poco apresurado\u00bb"},"content":{"rendered":"<p class=\"voc-p\" style=\"\">El estadounidense<strong> Dustin Poirier<\/strong> decidi\u00f3 colgar las guantillas para siempre el pasado verano. El Diamante, como se le conoce a este hist\u00f3rico atleta, brind\u00f3 a los aficionados a las artes marciales mixtas (MMA) algunas de las m\u00e1s legendarias batallas, como su trilog\u00eda <a href=\"https:\/\/www.abc.es\/deportes\/mma\/conor-mcgregor-camina-casa-blanca-obra-maestra-20250928045040-nt.html\" target=\"_self\" data-voc-vtm-id=\"in-text-traffic\" title=\"ante el irland\u00e9s Conor McGregor\" rel=\"nofollow noopener\">ante el irland\u00e9s Conor McGregor<\/a>. A partir de ahora, seguir\u00e1 vinculado a este deporte, pero de una manera menos lesiva; lo har\u00e1 a trav\u00e9s de las retransmisiones oficiales de la UFC, como comentarista t\u00e9cnico. <\/p>\n<p class=\"voc-p\" style=\"\">Ya durante su etapa como peleador, Dustin Poirier siempre ha hecho gala de ser un analista muy preciso, que realizaba sus comentarios sin pelos en la lengua. Recientemente, le preguntaron por el asunto de la divisi\u00f3n del peso ligero (70,3 kilos), la categor\u00eda en la que realiz\u00f3 gran parte de su carrera, y <a href=\"https:\/\/www.abc.es\/deportes\/mma\/archienemigo-ilia-topuria-analiza-charles-oliveira-rival-20250929175133-nt.html\" target=\"_self\" data-voc-vtm-id=\"in-text-traffic\" title=\"en la que Ilia Topuria reposa en la c\u00faspide\" rel=\"nofollow noopener\">en la que Ilia Topuria reposa en la c\u00faspide<\/a> como campe\u00f3n de las 155 libras. Concretamente, fue cuestionado acerca de la posibilidad de que el ingl\u00e9s Paddy Pimblett, archienemigo del hispanogeorgiano, pudiera obtener la oportunidad por el cintur\u00f3n. <\/p>\n<p class=\"voc-p\" style=\"\">\u00abNo creo que una victoria sobre Michael Chandler, con la racha que lleva, merezca una oportunidad por el t\u00edtulo de inmediato. Me gustar\u00eda verlo pelear con otro peleador del top 5, una prueba muy, muy dura, y luego podremos hablar de peleas por el t\u00edtulo. <strong>Es un poco apresurado para Paddy<\/strong>\u00bb, manifest\u00f3 Poirier en una entrevista en MMA Junkie. El Diamante no termina de ver que el de Liverpool pudiera ser el siguiente en la fila habiendo otros contendientes como Justin Gaethje o Arman Tsarukyan.<\/p>\n<p class=\"voc-p\" style=\"\">Lo cierto es que sus declaraciones son muy acertadas. La UFC planea que el &#8216;afortunado&#8217; que se enfrente a Ilia Topuria sea el estadounidense Justin Gaethje, que viene de una s\u00f3lida victoria este a\u00f1o ante Rafael Fiziev. Falta por determinar cu\u00e1ndo tendr\u00e1 lugar este combate, pero las pesquisas realizadas por este diario apuntan a que la mayor organizaci\u00f3n mundial de MMA quiera a El Matador peleando en el primer evento numerado del pr\u00f3ximo a\u00f1o, que tendr\u00e1 lugar en Los \u00c1ngeles. <\/p>\n<p>Reportar un error<\/p>\n","protected":false},"excerpt":{"rendered":"El estadounidense Dustin Poirier decidi\u00f3 colgar las guantillas para siempre el pasado verano. El Diamante, como se le&hellip;\n","protected":false},"author":2,"featured_media":157436,"comment_status":"","ping_status":"","sticky":false,"template":"","format":"standard","meta":{"footnotes":""},"categories":[276],"tags":[46986,1136,168,364,25,24,347,13969,6263,2293,6367,659,365,23,167,348,343],"class_list":{"0":"post-157435","1":"post","2":"type-post","3":"status-publish","4":"format-standard","5":"has-post-thumbnail","7":"category-ufc","8":"tag-apresurado","9":"tag-asegura","10":"tag-deportes","11":"tag-dustin","12":"tag-es","13":"tag-espana","14":"tag-ilia","15":"tag-merece","16":"tag-paddy","17":"tag-pelear","18":"tag-pimblett","19":"tag-poco","20":"tag-poirier","21":"tag-spain","22":"tag-sports","23":"tag-topuria","24":"tag-ufc"},"share_on_mastodon":{"url":"","error":""},"_links":{"self":[{"href":"https:\/\/www.europesays.com\/es\/wp-json\/wp\/v2\/posts\/157435","targetHints":{"allow":["GET"]}}],"collection":[{"href":"https:\/\/www.europesays.com\/es\/wp-json\/wp\/v2\/posts"}],"about":[{"href":"https:\/\/www.europesays.com\/es\/wp-json\/wp\/v2\/types\/post"}],"author":[{"embeddable":true,"href":"https:\/\/www.europesays.com\/es\/wp-json\/wp\/v2\/users\/2"}],"replies":[{"embeddable":true,"href":"https:\/\/www.europesays.com\/es\/wp-json\/wp\/v2\/comments?post=157435"}],"version-history":[{"count":0,"href":"https:\/\/www.europesays.com\/es\/wp-json\/wp\/v2\/posts\/157435\/revisions"}],"wp:featuredmedia":[{"embeddable":true,"href":"https:\/\/www.europesays.com\/es\/wp-json\/wp\/v2\/media\/157436"}],"wp:attachment":[{"href":"https:\/\/www.europesays.com\/es\/wp-json\/wp\/v2\/media?parent=157435"}],"wp:term":[{"taxonomy":"category","embeddable":true,"href":"https:\/\/www.europesays.com\/es\/wp-json\/wp\/v2\/categories?post=157435"},{"taxonomy":"post_tag","embeddable":true,"href":"https:\/\/www.europesays.com\/es\/wp-json\/wp\/v2\/tags?post=157435"}],"curies":[{"name":"wp","href":"https:\/\/api.w.org\/{rel}","templated":true}]}}