{"id":157437,"date":"2025-10-05T03:06:13","date_gmt":"2025-10-05T03:06:13","guid":{"rendered":"https:\/\/www.europesays.com\/es\/157437\/"},"modified":"2025-10-05T03:06:13","modified_gmt":"2025-10-05T03:06:13","slug":"f1-un-companero-de-colapinto-se-subira-a-un-sauber-en-las-proximas-dos-practicas-1","status":"publish","type":"post","link":"https:\/\/www.europesays.com\/es\/157437\/","title":{"rendered":"F1: un compa\u00f1ero de Colapinto se subir\u00e1 a un Sauber en las pr\u00f3ximas dos pr\u00e1cticas 1"},"content":{"rendered":"<p><strong>Alpine anunci\u00f3 que Paul Aron<\/strong>, su piloto reserva de la escuder\u00eda en la que corre <strong>Franco Colapinto<\/strong>, fue <strong>cedido a Sauber por para que participe de las primeras sesiones de entrenamientos del GP de Gran Breta\u00f1a y de Hungr\u00eda<\/strong> para cumplir con una de las regulaciones de la FIA.<\/p>\n<p>Relacionado<\/p>\n<p>2 Relacionado<\/p>\n<p>El estonio lleg\u00f3 a la escuder\u00eda francesa en noviembre de 2024, un a\u00f1o despu\u00e9s de dejar el programa de desarrollo de pilotos de Mercedes.<\/p>\n<p>Aron estuvo en test oficiales de postemporada de F1 en el Circuito de Yas Marina en diciembre y volver\u00e1 a subirse en Silverstone y Hungaroring.<\/p>\n<p>El piloto de 21 a\u00f1os estar\u00e1 en las FP1 en <strong>Silverstone<\/strong> para el Gran Premio de Gran Breta\u00f1a y para el <strong>GP de Hungr\u00eda<\/strong>, ambos e<strong>n lugar de Nico H\u00fclkenberg<\/strong>.<\/p>\n<p>Cuando Aron finalice su participaci\u00f3n en circuito de Hungaroring, har\u00e1 que Sauber cumpla con su <strong>obligaci\u00f3n reglamentaria<\/strong> de contar con pilotos con menos de tres Grandes Premios disputados en F1 en las primeras sesiones de entrenamientos en sus dos monoplazas. En el caso del otro C45, Gabriel Bortoleto ya cumpli\u00f3 con la exigencia porque es novato en la temporada.<\/p>\n<p><strong>\u00abEstoy muy contento de tener la oportunidad de disfrutar de un valioso tiempo en pista en la F1, as\u00ed que gracias a Alpine por llegar a este acuerdo\u00bb<\/strong>, declar\u00f3 Aron.<\/p>\n<p>Despu\u00e9s de terminar con Sauber cada una de las FP1, Aron seguir\u00e1 siendo el piloto reserva de Alpine durante ambos Grandes Premios.<\/p>\n<p>Aron ya tiene estipulado que participar\u00e1 en tres FP1 durante las pr\u00f3ximas diez carreras (este a\u00f1o realic\u00f3 seis d\u00edas de pruebas privadas) con la escuder\u00eda francesa.<\/p>\n<p>En este marco, esto dijo Flavio Briatore: \u00abNos interesa maximizar las oportunidades de pilotaje para nuestros j\u00f3venes talentos, por lo que es positivo haber llegado a un acuerdo con Sauber para que Paul participe en los FP1 de Silverstone y Budapest\u00bb.<\/p>\n","protected":false},"excerpt":{"rendered":"Alpine anunci\u00f3 que Paul Aron, su piloto reserva de la escuder\u00eda en la que corre Franco Colapinto, fue&hellip;\n","protected":false},"author":2,"featured_media":157438,"comment_status":"","ping_status":"","sticky":false,"template":"","format":"standard","meta":{"footnotes":""},"categories":[270],"tags":[168,25,24,306,271,272,23,167],"class_list":{"0":"post-157437","1":"post","2":"type-post","3":"status-publish","4":"format-standard","5":"has-post-thumbnail","7":"category-formula-1","8":"tag-deportes","9":"tag-es","10":"tag-espana","11":"tag-f1","12":"tag-formula-1","13":"tag-formula1","14":"tag-spain","15":"tag-sports"},"share_on_mastodon":{"url":"","error":""},"_links":{"self":[{"href":"https:\/\/www.europesays.com\/es\/wp-json\/wp\/v2\/posts\/157437","targetHints":{"allow":["GET"]}}],"collection":[{"href":"https:\/\/www.europesays.com\/es\/wp-json\/wp\/v2\/posts"}],"about":[{"href":"https:\/\/www.europesays.com\/es\/wp-json\/wp\/v2\/types\/post"}],"author":[{"embeddable":true,"href":"https:\/\/www.europesays.com\/es\/wp-json\/wp\/v2\/users\/2"}],"replies":[{"embeddable":true,"href":"https:\/\/www.europesays.com\/es\/wp-json\/wp\/v2\/comments?post=157437"}],"version-history":[{"count":0,"href":"https:\/\/www.europesays.com\/es\/wp-json\/wp\/v2\/posts\/157437\/revisions"}],"wp:featuredmedia":[{"embeddable":true,"href":"https:\/\/www.europesays.com\/es\/wp-json\/wp\/v2\/media\/157438"}],"wp:attachment":[{"href":"https:\/\/www.europesays.com\/es\/wp-json\/wp\/v2\/media?parent=157437"}],"wp:term":[{"taxonomy":"category","embeddable":true,"href":"https:\/\/www.europesays.com\/es\/wp-json\/wp\/v2\/categories?post=157437"},{"taxonomy":"post_tag","embeddable":true,"href":"https:\/\/www.europesays.com\/es\/wp-json\/wp\/v2\/tags?post=157437"}],"curies":[{"name":"wp","href":"https:\/\/api.w.org\/{rel}","templated":true}]}}