{"id":157439,"date":"2025-10-05T03:09:11","date_gmt":"2025-10-05T03:09:11","guid":{"rendered":"https:\/\/www.europesays.com\/es\/157439\/"},"modified":"2025-10-05T03:09:11","modified_gmt":"2025-10-05T03:09:11","slug":"despliegue-de-vallas-camaras-de-television-y-seguridad","status":"publish","type":"post","link":"https:\/\/www.europesays.com\/es\/157439\/","title":{"rendered":"despliegue de vallas, c\u00e1maras de televisi\u00f3n y seguridad"},"content":{"rendered":"<p><img loading=\"lazy\" decoding=\"async\" src=\"https:\/\/www.europesays.com\/es\/wp-content\/uploads\/2025\/09\/100x100_informalia-logo.jpg\" itemtype=\"\/\/schema.org\/ImageObject\" itemprop=\"url\" alt=\"Informalia\" width=\"64\" height=\"64\" pinger-seen=\"true\"\/><\/p>\n<p>M\u00e1s detalles sobre la anunciada mudanza de Kate Middleton y el pr\u00edncipe Guillermo de Adelaide Cottage, en Windsor, a Forest Lodge, en el Great Windsor Park, en Berkshire (Inglaterra).  Parece un gran movimiento log\u00edstico, pero una residencia dista de la otra en solo seis kil\u00f3metros.<\/p>\n<p>La mudanza, prevista para finales de este a\u00f1o, implicar\u00e1 el comienzo de una nueva etapa para los pr\u00edncipes de Gales. Kate dice adi\u00f3s al tiempo de Adelaida Cottage y un dif\u00edcil 2024, a\u00f1o en que se volc\u00f3 en su tratamiento de c\u00e1ncer. \u00abMudarse les da la oportunidad de dejar a atr\u00e1s recuerdos infelices\u00bb, asegura la BBC citando al entorno de los pr\u00edncipes.<\/p>\n<p>En busca de m\u00e1s privacidad, los herederos han escogido esta hist\u00f3rica vivienda que dispone de ocho habitaciones, varios salones con chimeneas, tres establos, pista de tenis y un estanque. Tras una reforma integral de la propiedad, el plan es instalarse all\u00ed en diciembre, seg\u00fan publicaba The Sun. Y un detalle m\u00e1s: los trabajos de rehabilitaci\u00f3n y acondicionamiento correr\u00e1n \u00edntegramente a su cargo.<\/p>\n<p>Forest Lodge, una joya arquitect\u00f3nica de estilo georgiano que data de 1770, pertenece a la Corona desde 1829. Rodeada de parques se\u00f1oriales y un paisaje verde infinito, la propiedad conocida antes como Holly Grove ofrece a Guillermo y Kate la intimidad que buscan para sus hijos. Adem\u00e1s, la finca, de 1.900 hect\u00e1reas, se encuentra pr\u00f3xima a la escuela de los peque\u00f1os. Como ya decidieron durante su estancia en Adelaida y con el deseo de disfrutar de una mayor privacidad, los pr\u00edncipes han optado por prescindir de empleados residentes en la casa.<\/p>\n<p>La mudanza ha provocado la reacci\u00f3n cr\u00edtica de algunos vecinos de la zona que sol\u00edan pasear con sus perros por all\u00ed. Ahora han visto como el Great Windsor Park aparec\u00eda con accesos cortados y estacionamientos cerrados. Estos cierres han marcado el per\u00edmetro de la finca de Forest Lodge y donde antes hab\u00eda campo ahora se ven vallas y carteles rojos de Road closed. A esto se unen las c\u00e1maras y un equipo de seguridad de 24 horas, tal y como refiere El Debate.<\/p>\n<p>En 2001 se acometi\u00f3 una reforma en esta mansi\u00f3n, cuyo precio en el mercado ascendi\u00f3 entonces a 6,4 millones de euros. M\u00e1s de 20 a\u00f1os despu\u00e9s, su valor ha ascendido a 19 millones de euros. Forest Lodge est\u00e1 llamado a convertirse en el hogar cuando los herederos se conviertan en rey y reina.<\/p>\n<p>WhatsApp<a href=\"https:\/\/api.whatsapp.com\/send?text=https:\/\/www.eleconomista.es\/informalia\/casas-reales\/noticias\/13571784\/10\/25\/blindan-forest-lodge-la-nueva-mansion-de-guillermo-y-kate-middleton-despliegue-de-vallas-camaras-de-television-y-seguridad.html?utm_source%3Dwhatsapp%26utm_medium%3Dshare_button&amp;id=1648118629957_whatsapp\" target=\"_blank\" data-action=\"share\/whatsapp\/share\" aria-label=\"Compartir en Whatsapp\" rel=\"nofollow noopener\"><\/a>Facebook<a id=\"fb-share\" href=\"#\" target=\"_blank\" rel=\"noopener noreferrer\" aria-label=\"Compartir en Facebook\"><\/a>Twitter<a href=\"https:\/\/twitter.com\/share?text=Blindan+Forest+Lodge%2C+la+nueva+mansi%C3%B3n+de+Guillermo+y+Kate+Middleton%3A+despliegue+de+vallas%2C+c%C3%A1maras+de+televisi%C3%B3n+y+seguridad&amp;url=https:\/\/www.eleconomista.es\/informalia\/casas-reales\/noticias\/13571784\/10\/25\/blindan-forest-lodge-la-nueva-mansion-de-guillermo-y-kate-middleton-despliegue-de-vallas-camaras-de-television-y-seguridad.html&amp;via=Informalia&amp;id=1648118839245_twitter\" target=\"_blank\" aria-label=\"Compartir en Twitter\" rel=\"nofollow noopener\"><\/a>Linkedin<a onclick=\"return abrirLinkedin();\" href=\"https:\/\/www.linkedin.com\/shareArticle?text=Blindan+Forest+Lodge%2C+la+nueva+mansi%C3%B3n+de+Guillermo+y+Kate+Middleton%3A+despliegue+de+vallas%2C+c%C3%A1maras+de+televisi%C3%B3n+y+seguridad&amp;url=https:\/\/www.eleconomista.es\/informalia\/casas-reales\/noticias\/13571784\/10\/25\/blindan-forest-lodge-la-nueva-mansion-de-guillermo-y-kate-middleton-despliegue-de-vallas-camaras-de-television-y-seguridad.html&amp;mini=true\" target=\"_blank\" aria-label=\"Compartir en linkedin\" rel=\"nofollow noopener\"><\/a>Beloud<a href=\"https:\/\/beloud.com\/share?text=Blindan+Forest+Lodge%2C+la+nueva+mansi%C3%B3n+de+Guillermo+y+Kate+Middleton%3A+despliegue+de+vallas%2C+c%C3%A1maras+de+televisi%C3%B3n+y+seguridad&amp;url=https:\/\/www.eleconomista.es\/informalia\/casas-reales\/noticias\/13571784\/10\/25\/blindan-forest-lodge-la-nueva-mansion-de-guillermo-y-kate-middleton-despliegue-de-vallas-camaras-de-television-y-seguridad.html&amp;via=Informalia&amp;id=1648118839245_beloud\" target=\"_blank\" aria-label=\"Compartir en beloud\" rel=\"nofollow noopener\"><\/a>Bluesky<a href=\"https:\/\/bsky.app\/intent\/compose?text=https:\/\/bsky.app\/intent\/compose?text=https:\/\/www.eleconomista.es\/informalia\/casas-reales\/noticias\/13571784\/10\/25\/blindan-forest-lodge-la-nueva-mansion-de-guillermo-y-kate-middleton-despliegue-de-vallas-camaras-de-television-y-seguridad.html&amp;url=https:\/\/www.eleconomista.es\/informalia\/casas-reales\/noticias\/13571784\/10\/25\/blindan-forest-lodge-la-nueva-mansion-de-guillermo-y-kate-middleton-despliegue-de-vallas-camaras-de-television-y-seguridad.html&amp;via=elEconomistaes&amp;id=1648118839245_bluesky\" target=\"_blank\" aria-label=\"Compartir en bluesky\" rel=\"nofollow noopener\"><\/a><\/p>\n<p><script async src=\"https:\/\/platform.twitter.com\/widgets.js\" charset=\"utf-8\"><\/script><\/p>\n","protected":false},"excerpt":{"rendered":"M\u00e1s detalles sobre la anunciada mudanza de Kate Middleton y el pr\u00edncipe Guillermo de Adelaide Cottage, en Windsor,&hellip;\n","protected":false},"author":2,"featured_media":157440,"comment_status":"","ping_status":"","sticky":false,"template":"","format":"standard","meta":{"footnotes":""},"categories":[174],"tags":[14486,255,146,147,25,24,256,23],"class_list":{"0":"post-157439","1":"post","2":"type-post","3":"status-publish","4":"format-standard","5":"has-post-thumbnail","7":"category-famosos","8":"tag-casas-reales","9":"tag-celebrities","10":"tag-entertainment","11":"tag-entretenimiento","12":"tag-es","13":"tag-espana","14":"tag-famosos","15":"tag-spain"},"share_on_mastodon":{"url":"","error":""},"_links":{"self":[{"href":"https:\/\/www.europesays.com\/es\/wp-json\/wp\/v2\/posts\/157439","targetHints":{"allow":["GET"]}}],"collection":[{"href":"https:\/\/www.europesays.com\/es\/wp-json\/wp\/v2\/posts"}],"about":[{"href":"https:\/\/www.europesays.com\/es\/wp-json\/wp\/v2\/types\/post"}],"author":[{"embeddable":true,"href":"https:\/\/www.europesays.com\/es\/wp-json\/wp\/v2\/users\/2"}],"replies":[{"embeddable":true,"href":"https:\/\/www.europesays.com\/es\/wp-json\/wp\/v2\/comments?post=157439"}],"version-history":[{"count":0,"href":"https:\/\/www.europesays.com\/es\/wp-json\/wp\/v2\/posts\/157439\/revisions"}],"wp:featuredmedia":[{"embeddable":true,"href":"https:\/\/www.europesays.com\/es\/wp-json\/wp\/v2\/media\/157440"}],"wp:attachment":[{"href":"https:\/\/www.europesays.com\/es\/wp-json\/wp\/v2\/media?parent=157439"}],"wp:term":[{"taxonomy":"category","embeddable":true,"href":"https:\/\/www.europesays.com\/es\/wp-json\/wp\/v2\/categories?post=157439"},{"taxonomy":"post_tag","embeddable":true,"href":"https:\/\/www.europesays.com\/es\/wp-json\/wp\/v2\/tags?post=157439"}],"curies":[{"name":"wp","href":"https:\/\/api.w.org\/{rel}","templated":true}]}}