{"id":157460,"date":"2025-10-05T03:32:16","date_gmt":"2025-10-05T03:32:16","guid":{"rendered":"https:\/\/www.europesays.com\/es\/157460\/"},"modified":"2025-10-05T03:32:16","modified_gmt":"2025-10-05T03:32:16","slug":"el-vallisoletano-ivan-rojo-dice-adios-a-operacion-triunfo","status":"publish","type":"post","link":"https:\/\/www.europesays.com\/es\/157460\/","title":{"rendered":"El vallisoletano Iv\u00e1n Rojo dice adi\u00f3s a &#8216;Operaci\u00f3n Triunfo&#8217;"},"content":{"rendered":"<p><img fetchpriority=\"high\" class=\"v-a-img\" src=\"https:\/\/www.europesays.com\/es\/wp-content\/uploads\/2025\/10\/ot2-k7a-U2303226856492LZ-1200x840@El Norte.jpg\" loading=\"eager\" decoding=\"async\" alt=\"Chenoa, junto al vallisoletano Iv\u00e1n Rojo, tras conocer su expulsi\u00f3n del programa.\"  width=\"1200\" height=\"840\"\/><\/p>\n<p>Chenoa, junto al vallisoletano Iv\u00e1n Rojo, tras conocer su expulsi\u00f3n del programa.          El Norte        <\/p>\n<p>El cantante, vecino de Tudela de Duero, se despide del concurso de televisi\u00f3n despu\u00e9s de varios d\u00edas de pol\u00e9micas<\/p>\n<p><a class=\"v-mdl-ath__fig-a\" href=\"https:\/\/www.elnortedecastilla.es\/autor\/sonia-quintana-517.html\" title=\"Sonia Quintana\" rel=\"nofollow noopener\" target=\"_blank\"><br \/>\n<img decoding=\"async\" class=\"v-mdl-ath__img\" src=\"https:\/\/www.europesays.com\/es\/wp-content\/uploads\/2025\/10\/firmas-535f7e9727cec-foto.jpg\" alt=\"Sonia Quintana\"\/><br \/>\n<\/a><\/p>\n<p class=\"v-mdl-ath__p v-mdl-ath__p--6\">\nMartes, 30 de septiembre 2025, 10:05<\/p>\n<p class=\"v-p\">Se hab\u00eda convertido en el concursante m\u00e1s controvertido de esta edici\u00f3n y llevaba d\u00edas en el ojo del hurac\u00e1n despu\u00e9s de protagonizar varias pol\u00e9micas en redes sociales. Solo el 16% del p\u00fablico se decant\u00f3 por salvarle. El vallisoletano Iv\u00e1n Rojo, que interpret\u00f3 &#8216;It&#8217;s my life&#8217;, de Bon Jovi, se ha convertido en el primer expulsado de la Academia de &#8216;Operaci\u00f3n Triunfo&#8217;. \u00abCon casi cuatro millones de votos recibidos, los espectadores de &#8216;Operaci\u00f3n Triunfo&#8217; han decidido con el 84% de los votos que quien debe seguir en la Academia sea&#8230; \u00a1Claudia Arenas!\u00ab, dec\u00eda Chenoa, dejando al vallisoletano fuera de juego.<\/p>\n<p class=\"v-p\">Hab\u00eda contado a sus compa\u00f1eros que estaba seguro de que Valladolid estar\u00eda volcado con \u00e9l e iba a recibir un apoyo en masa de sus paisanos. No hab\u00eda dejado de hablar de la popularidad que le iba a dar el programa. \u00abYo tengo claro, y lo tengo clar\u00edsimo, porque conozco mi ciudad, que <a href=\"https:\/\/www.elnortedecastilla.es\/valladolid\/vallisoletano-ivan-rojo-tras-salir-nominado-clarisimo-20250923151020-nt.html\" target=\"_blank\" data-voc-vtm-id=\"in-text-traffic\" title=\"Valladolid tiene que estar revuelta\" data-mrf-link=\"www.elnortedecastilla.es\" rel=\"nofollow noopener\">Valladolid tiene que estar revuelta<\/a>, \u00bfsabes?\u00ab, dijo hace unos d\u00edas durante una conversaci\u00f3n que tuvo con sus compa\u00f1eros. \u00bbYo voy a llegar y va a ser s\u00faper guay. Lo tengo clar\u00edsimo. Yo es que hice entrevistas con todos los peri\u00f3dicos, porque se volcaron un mont\u00f3n\u00ab, les explic\u00f3. Se hab\u00eda convertido en el concursante m\u00e1s pol\u00e9mico.<\/p>\n<p class=\"v-p\">\u00abMe sabe mal por Iv\u00e1n, porque ha intentado entrar en varias ediciones&#8230;\u00bb, apunt\u00f3 Galera, responsable del &#8216;casting&#8217; de &#8216;OT&#8217;. \u00abTodos tenemos derecho a equivocarnos, a levantarnos, a intentarlo, a pelear, a perseverar, a ser de la manera que uno crea que tiene que ser, a rectificar como uno tiene que ser&#8230;\u00bb, le dijo Chenoa, presentadora de esta edici\u00f3n del &#8216;talent&#8217;. \u00abTienes tanto tiempo para hacer tantas cosas, Iv\u00e1n. Y por favor, lo principal y lo primordial: ref\u00fagiate siempre en los tuyos, en los que te quieren, en los que te van a decir las cosas con mucho amor y cari\u00f1o\u00bb.<\/p>\n<p><img decoding=\"async\" loading=\"lazy\" src=\"https:\/\/www.europesays.com\/es\/wp-content\/uploads\/2025\/10\/ot1-k7a-U2303226856492BRD-650x455@El Norte.jpg\" class=\"v-a-img\" width=\"650\" height=\"455\" alt=\"Iv\u00e1n Rojo y su compa\u00f1era Claudia Arenas, momentos antes de conocer los votos del p\u00fablico.\" data-voc-vtm-id=\"in-text-traffic\"\/><\/p>\n<p>Iv\u00e1n Rojo y su compa\u00f1era Claudia Arenas, momentos antes de conocer los votos del p\u00fablico.<\/p>\n<p>El Norte<\/p>\n<p><img loading=\"lazy\" decoding=\"async\" src=\"https:\/\/www.europesays.com\/es\/wp-content\/uploads\/2025\/10\/ot1-k7a-U2303226856492HyG-1920x1344@El Norte.jpg\" class=\"v-mdl__img-z\" width=\"1920\" height=\"1344\" alt=\"\"\/><\/p>\n<p class=\"v-p\">La despedida de Iv\u00e1n no fue lo \u00fanico que dej\u00f3 la segunda gala del concurso televisivo. Los triunfitos nominados por el jurado fueron Max, Salma, Crespo y Mar\u00eda Cruz. Los profesores salvaron a Crespo y los compa\u00f1eros, a Mar\u00eda Cruz, por lo que Salma y Max se ver\u00e1n las caras ante el p\u00fablico de la pr\u00f3xima semana.<\/p>\n<p>Reporta un error<\/p>\n","protected":false},"excerpt":{"rendered":"Chenoa, junto al vallisoletano Iv\u00e1n Rojo, tras conocer su expulsi\u00f3n del programa. El Norte El cantante, vecino de&hellip;\n","protected":false},"author":2,"featured_media":157461,"comment_status":"","ping_status":"","sticky":false,"template":"","format":"standard","meta":{"footnotes":""},"categories":[174],"tags":[6831,255,6727,146,147,25,24,256,4358,2885,2978,23,2886,28912],"class_list":{"0":"post-157460","1":"post","2":"type-post","3":"status-publish","4":"format-standard","5":"has-post-thumbnail","7":"category-famosos","8":"tag-adios","9":"tag-celebrities","10":"tag-dice","11":"tag-entertainment","12":"tag-entretenimiento","13":"tag-es","14":"tag-espana","15":"tag-famosos","16":"tag-ivan","17":"tag-operacion","18":"tag-rojo","19":"tag-spain","20":"tag-triunfo","21":"tag-vallisoletano"},"share_on_mastodon":{"url":"","error":""},"_links":{"self":[{"href":"https:\/\/www.europesays.com\/es\/wp-json\/wp\/v2\/posts\/157460","targetHints":{"allow":["GET"]}}],"collection":[{"href":"https:\/\/www.europesays.com\/es\/wp-json\/wp\/v2\/posts"}],"about":[{"href":"https:\/\/www.europesays.com\/es\/wp-json\/wp\/v2\/types\/post"}],"author":[{"embeddable":true,"href":"https:\/\/www.europesays.com\/es\/wp-json\/wp\/v2\/users\/2"}],"replies":[{"embeddable":true,"href":"https:\/\/www.europesays.com\/es\/wp-json\/wp\/v2\/comments?post=157460"}],"version-history":[{"count":0,"href":"https:\/\/www.europesays.com\/es\/wp-json\/wp\/v2\/posts\/157460\/revisions"}],"wp:featuredmedia":[{"embeddable":true,"href":"https:\/\/www.europesays.com\/es\/wp-json\/wp\/v2\/media\/157461"}],"wp:attachment":[{"href":"https:\/\/www.europesays.com\/es\/wp-json\/wp\/v2\/media?parent=157460"}],"wp:term":[{"taxonomy":"category","embeddable":true,"href":"https:\/\/www.europesays.com\/es\/wp-json\/wp\/v2\/categories?post=157460"},{"taxonomy":"post_tag","embeddable":true,"href":"https:\/\/www.europesays.com\/es\/wp-json\/wp\/v2\/tags?post=157460"}],"curies":[{"name":"wp","href":"https:\/\/api.w.org\/{rel}","templated":true}]}}