{"id":157468,"date":"2025-10-05T03:40:20","date_gmt":"2025-10-05T03:40:20","guid":{"rendered":"https:\/\/www.europesays.com\/es\/157468\/"},"modified":"2025-10-05T03:40:20","modified_gmt":"2025-10-05T03:40:20","slug":"dos-sorpresas-en-la-semana-de-la-moda-de-milan","status":"publish","type":"post","link":"https:\/\/www.europesays.com\/es\/157468\/","title":{"rendered":"dos sorpresas en la Semana de la Moda de Mil\u00e1n"},"content":{"rendered":"<p id=\"eq8Y5E5NFI\" data-wc=\"74\">\u201cMe encanta vivir experiencias nuevas, esas que te dan un toque de emoci\u00f3n y te sacan de la rutina\u201d. Estas eran las palabras que Carmen Thyssen, una de las mellizas de las baronesa Thyssen, nos dec\u00eda hace un par de semanas <a class=\"hm-link ho-link\" href=\"https:\/\/www.hola.com\/actualidad\/20250918856061\/carmen-thyssen-premio-gen-h-mi-madre-he-aprendido-sensibilidad-constancia-fundamentales\/\" data-mrf-recirculation=\"article-body-link\" rel=\"nofollow noopener\" target=\"_blank\">cuando \u00a1HOLA! le conced\u00eda el premio Gen \u00a1H! \u2018Nueva Generaci\u00f3n en el Mundo del Arte&#8217;.<\/a> Lo cierto es que, a sus 19 a\u00f1os, se encuentra disfrutando de un momento repleto de nuevas vivencias.<\/p>\n<p id=\"ea3rp67d0vk\" data-wc=\"62\">Si hace poco m\u00e1s de un mes, era la <strong>encargada de inaugurar una nueva exposici\u00f3n en el espacio Carmen Thysssen de Sant Feliu de Gu\u00edxols (Gerona)<\/strong> \u2013pronunci\u00f3 su primer discurso en un acto oficial, <strong>afianzando as\u00ed su camino dentro del arte<\/strong>\u2013, ahora Carmen acaba de asistir a su primera gran cita internacional en la moda. Y, por supuesto, tenemos todos los datos.<\/p>\n<p id=\"eezzA1hBJ4\" data-wc=\"58\">El pasado s\u00e1bado 27 de septiembre, la hija de la baronesa Thyssen fue invitada al desfile de Ermanno Scervino, <a class=\"hm-link ho-link\" href=\"https:\/\/www.hola.com\/actualidad\/20250111740298\/carmen-thyssen-hija-baronesa-parecido-forma-ser\/\" data-mrf-recirculation=\"article-body-link\" rel=\"nofollow noopener\" target=\"_blank\">lo que supone su primera aparici\u00f3n en la Semana de la Moda de Mil\u00e1n<\/a>. Acompa\u00f1ada de una amiga, Carmen <strong>se sent\u00f3 en el front row y conoci\u00f3 las propuestas del dise\u00f1ador italiano<\/strong> para la temporada primavera-verano del pr\u00f3ximo a\u00f1o.<\/p>\n<p> <img src=\"https:\/\/www.europesays.com\/es\/wp-content\/uploads\/2025\/10\/443b7fef34aa-foto-1-1.jpg\"   width=\"1080\" height=\"1080\" loading=\"lazy\" decoding=\"async\" alt=\"Media Image\" fetchpriority=\"auto\" class=\"image ho-image\"\/>\u00a9 Redes<\/p>\n<p> <img src=\"https:\/\/www.europesays.com\/es\/wp-content\/uploads\/2025\/10\/05f126f555d7-foto-2-1.jpg\"   width=\"1080\" height=\"1080\" loading=\"lazy\" decoding=\"async\" alt=\"Carmen Thyssen y una amiga, en el desfile de Ermanno Scervino, que aparece detr\u00e1s de la foto\" fetchpriority=\"auto\" class=\"image ho-image\"\/>\u00a9 RedesCarmen Thyssen y una amiga, en el desfile de Ermanno Scervino, que aparece detr\u00e1s de la foto<\/p>\n<p id=\"ebR3nKBeHzd\" data-wc=\"94\">Curiosamente, a menos de diez metros, se encontraba sentada <a class=\"hm-link ho-link\" href=\"https:\/\/www.hola.com\/fashion\/tendencias\/2023071375742\/boda-tamara-falco-invitadas-alicia-ortiz-estilo\/\" data-mrf-recirculation=\"article-body-link\" rel=\"nofollow noopener\" target=\"_blank\">Alicia Ortiz Alcocer, hija de Alicia Alcocer Koplowitz y nieta de Esther Koplowitz y Alberto Alcocer<\/a>. La joven, que tiene 24 a\u00f1os, <strong>acudi\u00f3 con su madre y unas amigas de la familia:<\/strong> la empresaria <strong>Val\u00e9rie Meijer-Albada<\/strong> y la hija de \u00e9sta,<strong>\u00a0Yasmine Meijer,<\/strong> adem\u00e1s de <strong>Linda Scaperotto<\/strong>, mujer de Abel Matutes Jr. Tambi\u00e9n sabemos que<strong>\u00a0la presencia de Alicia Ortiz Alcocer, no pas\u00f3 desapercibida para los fot\u00f3grafos<\/strong> de streetstyle\u00a0que pululaban en el exterior del recinto. Es m\u00e1s, fue retratada por estos cazadores de tendencias.\u00a0<\/p>\n<p id=\"ed_Esp6Hqbb\" data-wc=\"71\">Como es de esperar,<strong>\u00a0el desfile reuni\u00f3 a importantes nombres de la industria de la moda.<\/strong> Por ejemplo, la top <strong>Natalia Vodanova<\/strong> o las influencers<strong>\u00a0Olivia Palermo\u00a0<\/strong>y <strong>Chiara Ferragni<\/strong>. Adem\u00e1s de <strong>Carine Roitfeld y Anna dello Ruso<\/strong>\u2013antigua directora de Vogue Par\u00eds y editora de la misma cabecera en Jap\u00f3n, respectivamente\u2013, tambi\u00e9n fueron invitadas la presentadora <strong>Elisabetta Gregoracci,\u00a0<\/strong>exmujer de Flavio Briatore, y <strong>Francesca Sofia Novello<\/strong>, pareja del piloto Valentino Rossi.<\/p>\n<p> <img src=\"https:\/\/www.europesays.com\/es\/wp-content\/uploads\/2025\/10\/e66aa5a7a680-foto-3-1.jpg\"   width=\"1080\" height=\"1800\" loading=\"lazy\" decoding=\"async\" alt=\"Alicia Ortiz con su amiga Yasmine Meijer, en el desfile de Ermanno Scervino\" fetchpriority=\"auto\" class=\"image ho-image\"\/>\u00a9 RedesAlicia Ortiz con su amiga Yasmine Meijer, en el desfile de Ermanno Scervino<\/p>\n<p> <img src=\"https:\/\/www.europesays.com\/es\/wp-content\/uploads\/2025\/10\/b65d933acc97-foto-4-1.jpg\"   width=\"1920\" height=\"1080\" loading=\"lazy\" decoding=\"async\" alt=\"Yasmine Meijer, Alicia Ortiz Alcocer, Val\u00e9rie Meijer-Albada, Alicia Alcocer Koplowitz, y Linda Scaperotto\" fetchpriority=\"auto\" class=\"image ho-image\"\/>\u00a9 RedesYasmine Meijer, Alicia Ortiz Alcocer, Val\u00e9rie Meijer-Albada, Alicia Alcocer Koplowitz, y Linda Scaperotto<\/p>\n<p id=\"e8U74ikLY0\" data-wc=\"62\">No es la \u00fanica cita de Alicia Ortiz Alcocer en Mil\u00e1n. Junto a su madre y Linda Scaperotto, igualmente<strong>\u00a0estuvo en la presentaci\u00f3n de la nueva colecci\u00f3n de Elisabetta Franchi<\/strong>. All\u00ed, coincidieron con la actriz <strong>Kelly Rutherford<\/strong>, la supermodelo alemana<strong>\u00a0Toni Garrn; Camille Gottlieb<\/strong>, hija de de Estefan\u00eda de M\u00f3naco; y <strong>Dylan Penn,<\/strong> hija de los actores Robin Wright y Sean Penn.<\/p>\n<p>Dos mujeres con mucho futuro<\/p>\n<p id=\"e49kSGwIPJ\" data-wc=\"68\">Con 24 a\u00f1os, A<strong>licia Ortiz Alcocer tiene muy claro su futuro profesional.<\/strong> Graduada en Administraci\u00f3n de Empresas por el IE \u2013en 2023\u2013, fund\u00f3<strong>\u00a0AOA Studio,<\/strong> a principios de a\u00f1o, que es una <strong>agencia de m\u00e1rketing y dise\u00f1o de eventos<\/strong>. Eso no le ha impedido sus pinitos como modelo. De hecho, <a class=\"hm-link ho-link\" href=\"https:\/\/www.hola.com\/actualidad\/20250910854652\/ines-domecq-nos-invita-fiesta-mas-fabulosa-moda-aristocracia-alta-sociedad\/\" data-mrf-recirculation=\"article-body-link\" rel=\"nofollow noopener\" target=\"_blank\">a finales del a\u00f1o pasado, se convirti\u00f3 en imagen de la campa\u00f1a de la firma de joyer\u00eda Yanes.<\/a> \u00a0<\/p>\n<p id=\"e9yrd1Dz1R4\" data-wc=\"71\">A la hija de Alicia Alcocer Koplowitz \u2013y del economista Fernando Ortiz Bahamonde, socio fundador de ProA Capital\u2013 le va tan bien en lo profesional como en lo personal: d<strong>esde hace meses, sale con el empresario belga Edouard Rebilly,<\/strong> que pertenece a una importante<strong>\u00a0familia de inversores.<\/strong> En concreto, su novio es cofundador y CEO de Shipomate, una plataforma de inteligencia artificial que presta servicios a armadores y operadores de barcos.<\/p>\n<p>  <img src=\"https:\/\/www.europesays.com\/es\/wp-content\/uploads\/2025\/10\/43baed6fb602-gettyimages-2237565625.jpg\"   width=\"1080\" height=\"1800\" loading=\"lazy\" decoding=\"async\" alt=\"Alicia Alcocer Koplowitz y su hija, Alicia, junto a Linda Scaperotto\" fetchpriority=\"auto\" class=\"image ho-image\"\/>\u00a9 Getty ImagesAlicia Alcocer Koplowitz y su hija, Alicia, junto a Linda Scaperotto<\/p>\n<p id=\"ehVyIodAN0\" data-wc=\"82\">Por su parte, <a class=\"hm-link ho-link\" href=\"https:\/\/www.hola.com\/actualidad\/20250111740298\/carmen-thyssen-hija-baronesa-parecido-forma-ser\/\" data-mrf-recirculation=\"article-body-link\" rel=\"nofollow noopener\" target=\"_blank\">Carmen Thyssen es una enamorada de las tendencias, pero tambi\u00e9n del mundo del coleccionismo<\/a>, que es la gran pasi\u00f3n que ha heredado de su madre. De momento, <strong>se est\u00e1 formando acad\u00e9micamente en Econom\u00eda y Empresariales,\u00a0<\/strong>carrera que comenz\u00f3 a estudiar el a\u00f1o pasado. Sobre su futuro, la hija de la baronesa Thyssen ya nos comparti\u00f3 sus sue\u00f1os al recibir el premio Gen \u00a1H!: \u201c<strong>Me imagino creando proyectos que unan el arte con la sociedad,\u00a0<\/strong>quiz\u00e1s con una fundaci\u00f3n propia\u201d.<\/p>\n<p id=\"eKbj6qigzur\" data-wc=\"66\">Entonces, nos confes\u00f3 cu\u00e1l es el <strong>mejor consejo que le ha dado su madre,<\/strong> la baronesa Thyssen. \u201cQue <strong>escuche siempre a mi intuici\u00f3n.<\/strong> Que al final <strong>el arte \u2014y la vida misma\u2014 se trata de lo que te conmueve<\/strong>, y que ser fiel a uno mismo es lo que da sentido a cualquier decisi\u00f3n\u201d. Unas palabras que reflejan la madurez de Carmen, a sus 19 a\u00f1os.<\/p>\n","protected":false},"excerpt":{"rendered":"\u201cMe encanta vivir experiencias nuevas, esas que te dan un toque de emoci\u00f3n y te sacan de la&hellip;\n","protected":false},"author":2,"featured_media":157469,"comment_status":"","ping_status":"","sticky":false,"template":"","format":"standard","meta":{"footnotes":""},"categories":[91],"tags":[517,37586,46993,146,147,25,24,44333,23],"class_list":{"0":"post-157468","1":"post","2":"type-post","3":"status-publish","4":"format-standard","5":"has-post-thumbnail","7":"category-entretenimiento","8":"tag-actualidad","9":"tag-alicia-koplowitz","10":"tag-baronesa-thyssen","11":"tag-entertainment","12":"tag-entretenimiento","13":"tag-es","14":"tag-espana","15":"tag-milan-fashion-week","16":"tag-spain"},"share_on_mastodon":{"url":"","error":""},"_links":{"self":[{"href":"https:\/\/www.europesays.com\/es\/wp-json\/wp\/v2\/posts\/157468","targetHints":{"allow":["GET"]}}],"collection":[{"href":"https:\/\/www.europesays.com\/es\/wp-json\/wp\/v2\/posts"}],"about":[{"href":"https:\/\/www.europesays.com\/es\/wp-json\/wp\/v2\/types\/post"}],"author":[{"embeddable":true,"href":"https:\/\/www.europesays.com\/es\/wp-json\/wp\/v2\/users\/2"}],"replies":[{"embeddable":true,"href":"https:\/\/www.europesays.com\/es\/wp-json\/wp\/v2\/comments?post=157468"}],"version-history":[{"count":0,"href":"https:\/\/www.europesays.com\/es\/wp-json\/wp\/v2\/posts\/157468\/revisions"}],"wp:featuredmedia":[{"embeddable":true,"href":"https:\/\/www.europesays.com\/es\/wp-json\/wp\/v2\/media\/157469"}],"wp:attachment":[{"href":"https:\/\/www.europesays.com\/es\/wp-json\/wp\/v2\/media?parent=157468"}],"wp:term":[{"taxonomy":"category","embeddable":true,"href":"https:\/\/www.europesays.com\/es\/wp-json\/wp\/v2\/categories?post=157468"},{"taxonomy":"post_tag","embeddable":true,"href":"https:\/\/www.europesays.com\/es\/wp-json\/wp\/v2\/tags?post=157468"}],"curies":[{"name":"wp","href":"https:\/\/api.w.org\/{rel}","templated":true}]}}