{"id":157480,"date":"2025-10-05T03:48:08","date_gmt":"2025-10-05T03:48:08","guid":{"rendered":"https:\/\/www.europesays.com\/es\/157480\/"},"modified":"2025-10-05T03:48:08","modified_gmt":"2025-10-05T03:48:08","slug":"me-aislare-seis-meses-sin-telefono","status":"publish","type":"post","link":"https:\/\/www.europesays.com\/es\/157480\/","title":{"rendered":"\u00abMe aislar\u00e9 seis meses sin tel\u00e9fono&#8230;\u00bb"},"content":{"rendered":"<p class=\"voc-p\" style=\"\">El rey del pago por visi\u00f3n en las artes marciales mixtas (MMA) est\u00e1 de regreso. El irland\u00e9s Conor McGregor ha hecho p\u00fablico que ya ha \u00abcerrado\u00bb su trato para su regreso al oct\u00e1gono m\u00e1s famoso del planeta.<a href=\"https:\/\/www.abc.es\/deportes\/mma\/conor-mcgregor-donald-trump-dana-white-union-20250930030749-nt.html\" target=\"_self\" data-voc-vtm-id=\"in-text-traffic\" title=\" The Notorious buscar\u00e1 una suerte de redenci\u00f3n\" rel=\"nofollow noopener\"> The Notorious buscar\u00e1 una suerte de redenci\u00f3n<\/a>, despu\u00e9s de m\u00e1s de cuatro a\u00f1os fuera de competici\u00f3n en la UFC. Y lo har\u00e1 por todo lo alto. Ser\u00e1 en el evento que prev\u00e9 realizar la mayor liga de MMA en la Casa Blanca, con motivo del 250 aniversario de la independencia de Estados Unidos, en junio de 2026. <\/p>\n<p class=\"voc-p\" style=\"\">McGregor, que ha estado envuelto en numerosos l\u00edos judiciales y<strong> se le ha visto pisar m\u00e1s discotecas que tatamis<\/strong>, quiere <a href=\"https:\/\/www.abc.es\/deportes\/mma\/conor-mcgregor-fecha-regreso-ufc-20251001091321-nt.html\" target=\"_self\" data-voc-vtm-id=\"in-text-traffic\" title=\"volver a enfocarse\" rel=\"nofollow noopener\">volver a enfocarse<\/a> de lleno para la realizaci\u00f3n de un gran combate. Enfrente tendr\u00e1 al estadounidense Michael Chandler, con quien tiene cuentas pendientes por cerrar, ya que iban a medirse en verano de 2024, pero una lesi\u00f3n en un dedo de pie le hizo bajarse de la pelea al de Dubl\u00edn. <\/p>\n<p class=\"voc-p\" style=\"\">Sin embargo, esta vez parece que va a en serio, al menos por lo que ha trasladado a trav\u00e9s de una rueda de prensa de Bare Knuckle, la compa\u00f1\u00eda de boxeo sin guantes de la que es copropietario. <strong>\u00abHabr\u00e1 un per\u00edodo de aislamiento en el que no se contestar\u00e1 el tel\u00e9fono. Es una operaci\u00f3n de seis meses. Se apagar\u00e1 el tel\u00e9fono y se ejecutar\u00e1 el trabajo\u00bb<\/strong>, apunt\u00f3 durante las preguntas lanzadas por los medios de comunicaci\u00f3n. The Notorious tiene pensado <a href=\"https:\/\/www.abc.es\/deportes\/mma\/conor-mcgregor-fecha-regreso-ufc-20251001091321-nt.html\" target=\"_self\" data-voc-vtm-id=\"in-text-traffic\" title=\"realizar un campamento de verdad\" rel=\"nofollow noopener\">realizar un campamento de verdad<\/a>, sin distracciones ni esparcimientos.<\/p>\n<p class=\"voc-p\" style=\"\">Con esta reaparici\u00f3n, la UFC pretende darle un impulso medi\u00e1tico a la cartelera que prev\u00e9 organizar en el hist\u00f3rico evento de la Casa Blanca, un evento en el que tratar\u00e1n de dar un golpe de autoridad a nivel internacional, pues ser\u00e1 la primera vez que se realice una gala deportiva dentro de la residencia presidencial estadounidense, algo que les servir\u00e1 para aumentar su visibilidad en la vitrina global. <\/p>\n<p>Reportar un error<\/p>\n","protected":false},"excerpt":{"rendered":"El rey del pago por visi\u00f3n en las artes marciales mixtas (MMA) est\u00e1 de regreso. El irland\u00e9s Conor&hellip;\n","protected":false},"author":2,"featured_media":157481,"comment_status":"","ping_status":"","sticky":false,"template":"","format":"standard","meta":{"footnotes":""},"categories":[276],"tags":[46996,386,385,350,168,46995,25,24,351,1140,2293,1139,23,167,11189,343],"class_list":{"0":"post-157480","1":"post","2":"type-post","3":"status-publish","4":"format-standard","5":"has-post-thumbnail","7":"category-ufc","8":"tag-aislare","9":"tag-blanca","10":"tag-casa","11":"tag-conor","12":"tag-deportes","13":"tag-enfoca","14":"tag-es","15":"tag-espana","16":"tag-mcgregor","17":"tag-meses","18":"tag-pelear","19":"tag-seis","20":"tag-spain","21":"tag-sports","22":"tag-telefono","23":"tag-ufc"},"share_on_mastodon":{"url":"","error":""},"_links":{"self":[{"href":"https:\/\/www.europesays.com\/es\/wp-json\/wp\/v2\/posts\/157480","targetHints":{"allow":["GET"]}}],"collection":[{"href":"https:\/\/www.europesays.com\/es\/wp-json\/wp\/v2\/posts"}],"about":[{"href":"https:\/\/www.europesays.com\/es\/wp-json\/wp\/v2\/types\/post"}],"author":[{"embeddable":true,"href":"https:\/\/www.europesays.com\/es\/wp-json\/wp\/v2\/users\/2"}],"replies":[{"embeddable":true,"href":"https:\/\/www.europesays.com\/es\/wp-json\/wp\/v2\/comments?post=157480"}],"version-history":[{"count":0,"href":"https:\/\/www.europesays.com\/es\/wp-json\/wp\/v2\/posts\/157480\/revisions"}],"wp:featuredmedia":[{"embeddable":true,"href":"https:\/\/www.europesays.com\/es\/wp-json\/wp\/v2\/media\/157481"}],"wp:attachment":[{"href":"https:\/\/www.europesays.com\/es\/wp-json\/wp\/v2\/media?parent=157480"}],"wp:term":[{"taxonomy":"category","embeddable":true,"href":"https:\/\/www.europesays.com\/es\/wp-json\/wp\/v2\/categories?post=157480"},{"taxonomy":"post_tag","embeddable":true,"href":"https:\/\/www.europesays.com\/es\/wp-json\/wp\/v2\/tags?post=157480"}],"curies":[{"name":"wp","href":"https:\/\/api.w.org\/{rel}","templated":true}]}}