{"id":157499,"date":"2025-10-05T04:07:09","date_gmt":"2025-10-05T04:07:09","guid":{"rendered":"https:\/\/www.europesays.com\/es\/157499\/"},"modified":"2025-10-05T04:07:09","modified_gmt":"2025-10-05T04:07:09","slug":"el-escandalo-de-las-mamografias-retrata-la-grave-crisis-de-la-sanidad-publica-andaluza-sociedad","status":"publish","type":"post","link":"https:\/\/www.europesays.com\/es\/157499\/","title":{"rendered":"El esc\u00e1ndalo de las mamograf\u00edas retrata la grave crisis de la sanidad p\u00fablica andaluza | Sociedad"},"content":{"rendered":"<p class=\"\">A la sanidad p\u00fablica andaluza, mil veces cuestionada por usuarios, m\u00e9dicos y enfermeras, con retrasos acuciantes en su atenci\u00f3n primaria y hospitales, y graves errores que reconoce la propia Junta de Juan Manuel Moreno (PP), solo le faltaba para estar contra las cuerdas <a href=\"https:\/\/elpais.com\/sociedad\/2025-10-04\/pacientes-oncologicas-victimas-de-los-retrasos-diagnosticos-en-andalucia-soy-un-error-viviente-de-que-el-sistema-no-funciono-como-deberia.html\" target=\"_blank\" rel=\"nofollow noopener\" title=\"https:\/\/elpais.com\/sociedad\/2025-10-04\/pacientes-oncologicas-victimas-de-los-retrasos-diagnosticos-en-andalucia-soy-un-error-viviente-de-que-el-sistema-no-funciono-como-deberia.html\">un esc\u00e1ndalo con enfermas de c\u00e1ncer<\/a> que se juegan la vida con cada resultado cl\u00ednico. El deterioro de un servicio sanitario desbordado ha tocado una tecla muy sensible: algunas pacientes de c\u00e1ncer de mama con diagn\u00f3stico dudoso han visto c\u00f3mo ese mal funcionamiento ha abierto la puerta al desarrollo de sus tumores y ha provocado incluso la muerte de personas, seg\u00fan los testimonios recogidos. <\/p>\n<p class=\"\">Hasta ahora, la Junta de Andaluc\u00eda (PP) ha capeado <a href=\"https:\/\/elpais.com\/espana\/andalucia\/2025-09-02\/los-andaluces-canalizan-su-indignacion-con-la-presentacion-de-mas-de-57000-firmas-para-avalar-una-ley-que-blinde-la-sanidad-publica.html\" target=\"_blank\" rel=\"noreferrer nofollow noopener\" title=\"https:\/\/elpais.com\/espana\/andalucia\/2025-09-02\/los-andaluces-canalizan-su-indignacion-con-la-presentacion-de-mas-de-57000-firmas-para-avalar-una-ley-que-blinde-la-sanidad-publica.html\">las c\u00edclicas manifestaciones de la marea blanca<\/a>, las continuas quejas de los sindicatos, las investigaciones judiciales por los contratos sanitarios de emergencia y los ataques de la oposici\u00f3n. Pero ahora la crisis parece distinta. A solo nueve meses de las elecciones, Juan Manuel Moreno afronta su peor brete y la respuesta para atajar el problema ha sido una huida hacia delante. <\/p>\n<p class=\"\">Este viernes el presidente andaluz reconoci\u00f3 su enfado y el error, lo que evidenci\u00f3 la gravedad del esc\u00e1ndalo: \u201cCambiaremos el protocolo. Esto, lamentablemente, y digo lamentablemente porque es todo lamentable, nos servir\u00e1 para mejorar el cribado\u201d. <\/p>\n<p class=\"\">En vez de recoger cable, la primera respuesta de Moreno fue doblar la apuesta para superar el trance. A partir del a\u00f1o que viene, <a href=\"https:\/\/elpais.com\/sociedad\/2025-10-03\/en-pleno-escandalo-por-los-retrasos-en-los-diagnosticos-andalucia-anuncia-que-ampliara-el-cribado-de-cancer-a-mujeres-de-entre-45-y-75-anos.html?outputType=amp\" target=\"_blank\" rel=\"noreferrer nofollow noopener\" title=\"https:\/\/elpais.com\/sociedad\/2025-10-03\/en-pleno-escandalo-por-los-retrasos-en-los-diagnosticos-andalucia-anuncia-que-ampliara-el-cribado-de-cancer-a-mujeres-de-entre-45-y-75-anos.html?outputType=amp\">la Junta ampliar\u00e1 el cribado de c\u00e1ncer de mama<\/a> a las mujeres de entre 45 y 75 a\u00f1os, por lo que el programa de detecci\u00f3n precoz sumar\u00e1 medio mill\u00f3n de andaluzas m\u00e1s. Hoy realiza 480.000 mamograf\u00edas a mujeres entre 48 y 71 a\u00f1os, pero los retrasos son cr\u00f3nicos, de m\u00e1s de tres a\u00f1os, y han sido provocados por la escasez de plantillas, seg\u00fan los profesionales sanitarios que conocen las tripas del sistema. <\/p>\n<p class=\"\">\u201cEscuch\u00e9 la ampliaci\u00f3n del cribado y dije: \u00bfqu\u00e9 locura es esta? Ser\u00e1 que estamos en campa\u00f1a\u201d, expresa espont\u00e1nea Lola Moreno, delegada del Sindicato M\u00e9dico y radi\u00f3loga en el Hospital Virgen del Roc\u00edo en Sevilla, centro de referencia de la comunidad y principal foco de los retrasos en los diagn\u00f3sticos. <\/p>\n<p class=\"\">Rafael Bengoa, exdirector del servicio de salud de la Organizaci\u00f3n Mundial de la Salud y exconsejero vasco, pone el dedo en la llaga de una sanidad p\u00fablica en continua mejora por las exigencias pol\u00edticas, pero con costuras rotas en un traje inmenso: \u201cMientras no tengamos organizado lo b\u00e1sico, no se puede a\u00f1adir cosas al sistema, que est\u00e1 muy politizado. Es un modelo trampa en el que siempre hay gente pidiendo m\u00e1s\u201d. <\/p>\n<p class=\"\">El sistema de salud andaluz da protecci\u00f3n a una poblaci\u00f3n de 8,6 millones de andaluces. La Junta tiene tres cribados gratuitos para detectar c\u00e1ncer: <a href=\"https:\/\/elpais.com\/sociedad\/2025-10-04\/el-escandalo-en-los-cribados-extiende-la-incertidumbre-sobre-otros-pacientes-oncologicos-me-pregunto-si-mi-situacion-seria-distinta.html\" target=\"_blank\" rel=\"nofollow noopener\" title=\"https:\/\/elpais.com\/sociedad\/2025-10-04\/el-escandalo-en-los-cribados-extiende-la-incertidumbre-sobre-otros-pacientes-oncologicos-me-pregunto-si-mi-situacion-seria-distinta.html\">el de mama, el de colon y el de cuello de \u00fatero.<\/a> Y si el pasado febrero la Consejer\u00eda anunci\u00f3 que el de cuello de \u00fatero, que provoca 18.000 muertes en la regi\u00f3n cada a\u00f1o, se ampliar\u00eda de manera progresiva hasta llegar a las mujeres de 25 a 65 a\u00f1os, ahora le ha tocado el turno al de mama, pese a los problemas detectados. \u201cPronto pasaremos a generalizar el de pulm\u00f3n en las autonom\u00edas y en algunos pa\u00edses europeos el de pr\u00f3stata. Los sistemas de informaci\u00f3n deben tener alertas inmediatas cuando ha habido un fallo de comunicaci\u00f3n con los pacientes\u201d, ilustra el experto sobre el caso andaluz. <\/p>\n<p>Una auditor\u00eda externa<\/p>\n<p class=\"\">La Junta, a trav\u00e9s de su anterior consejera, Catalina Garc\u00eda, <a href=\"https:\/\/elpais.com\/sociedad\/2025-10-02\/la-junta-admite-que-2000-mujeres-han-sufrido-los-retrasos-en-los-diagnosticos-del-cancer-de-mama.html\" target=\"_blank\" rel=\"noreferrer nofollow noopener\" title=\"https:\/\/elpais.com\/sociedad\/2025-10-02\/la-junta-admite-que-2000-mujeres-han-sufrido-los-retrasos-en-los-diagnosticos-del-cancer-de-mama.html\">conoce al menos desde principios de 2024 los graves retrasos<\/a> en los diagn\u00f3sticos de c\u00e1ncer de mama, pero no los corrigi\u00f3. Bengoa recomienda una auditor\u00eda externa pese a que la Junta har\u00e1 una interna: \u201cEs necesario analizar los eventos adversos por un grupo independiente. Nadie esperar\u00eda que un accidente a\u00e9reo se analizara por los pilotos del accidente\u201d. <\/p>\n<p class=\"\">En el Virgen del Roc\u00edo, solo cinco radi\u00f3logos analizan miles de mamograf\u00edas de las mujeres cada a\u00f1o. \u201cEs evidente que la plantilla es corta y me ha extra\u00f1ado que la pol\u00e9mica no saltara antes. La sensaci\u00f3n es \u2018te doy algo maravilloso como un cribado general, pero no lo doto de medios\u2019. O le dices a la poblaci\u00f3n a las claras que no puedes, o contratas a m\u00e1s gente\u201d, censura Moreno. <\/p>\n<p class=\"\">Ahora, como la Consejer\u00eda ha ordenado <a href=\"https:\/\/elpais.com\/sociedad\/2025-10-02\/la-junta-admite-que-2000-mujeres-han-sufrido-los-retrasos-en-los-diagnosticos-del-cancer-de-mama.html\" target=\"_blank\" rel=\"noreferrer nofollow noopener\" title=\"https:\/\/elpais.com\/sociedad\/2025-10-02\/la-junta-admite-que-2000-mujeres-han-sufrido-los-retrasos-en-los-diagnosticos-del-cancer-de-mama.html\">revisar las pruebas de las 2.000 mujeres<\/a> con casos de dudas, los dos radi\u00f3logos que elaboran informes de pruebas TAC [con rayos x] de pacientes oncol\u00f3gicos, dejar\u00e1n de hacerlo, denuncia Rafael Ojeda, presidente del Sindicato M\u00e9dico en Andaluc\u00eda. Es decir, se primar\u00e1 a las mujeres de c\u00e1ncer de mama para que crezca la monta\u00f1a de expedientes de pacientes oncol\u00f3gicos y los retrasos se trasladen de sitio. \u201cVan apagando fuegos\u201d, a\u00f1ade la radi\u00f3loga.<\/p>\n<p><img decoding=\"auto\" class=\"_re lazyload a_m-h\" height=\"276\"  width=\"414\"  src=\"https:\/\/www.europesays.com\/es\/wp-content\/uploads\/2025\/10\/VAFMTWNZDBAU3KLGACK2GEMF6A.jpg\" loading=\"lazy\"\/>Rafael Ojeda, presidente del Sindicato M\u00e9dico en Andaluc\u00eda, el pasado viernes en una protesta.PACO PUENTES<\/p>\n<p class=\"\">Las mamograf\u00edas siempre son analizadas por dos radi\u00f3logos independientes para descartar fallos, y si uno de los dos considera que hay dudas, la mujer debe ser derivada a su hospital para otra mamograf\u00eda m\u00e1s concreta o una ecograf\u00eda. Para analizar la nueva prueba diagn\u00f3stica, la paciente acude a una consulta con el radi\u00f3logo, que dura al menos 30 minutos. \u201cAh\u00ed est\u00e1 el cuello de botella\u201d, aclara Moreno. <\/p>\n<p class=\"\">Un radi\u00f3logo de un hospital de la provincia de C\u00e1diz, que exige anonimato por miedo a represalias, confirma los excesos laborales: \u201cEn el SAS siempre pasa igual, llega un jefe y dice \u2018a partir de ma\u00f1ana, ampliamos el cribado de colon y veremos m\u00e1s colonoscopias\u2019. \u00bfCon qu\u00e9 medios?, preguntamos. \u2018Con ninguno\u2019, responde. Y claro, la gente cabread\u00edsima porque es una sobrecarga de trabajo para la que no te dan medios, esa es la base del problema\u201d. <\/p>\n<p class=\"\">Las voces que estiman que la sanidad p\u00fablica andaluza se acerca al colapso se han multiplicado esta semana. Pero est\u00e9 cerca o no en el tiempo, s\u00ed es cierto que esta crisis ha expuesto un flanco muy da\u00f1ino para la imagen de eficacia que la Junta andaluza quiere transmitir. Ello a pesar de que <a href=\"https:\/\/elpais.com\/noticias\/gasto-sanitario\/\" target=\"_blank\" rel=\"noreferrer nofollow noopener\" title=\"https:\/\/elpais.com\/noticias\/gasto-sanitario\/\">el presupuesto de la Junta en sanidad<\/a> alcanz\u00f3 los 15.247 millones, un 55% m\u00e1s respecto a 2018, \u00faltimo a\u00f1o de gobierno socialista en la regi\u00f3n. <\/p>\n<p class=\"\">\u201cA nadie le interesa <a href=\"https:\/\/elpais.com\/opinion\/2023-01-25\/el-sistema-nacional-de-salud-necesita-una-refundacion.html\" target=\"_blank\" rel=\"noreferrer nofollow noopener\" title=\"https:\/\/elpais.com\/opinion\/2023-01-25\/el-sistema-nacional-de-salud-necesita-una-refundacion.html\">el colapso de la sanidad p\u00fablica<\/a>, pero vamos de cabeza a ello. El paciente que se lo puede permitir se va a la privada. Y cuando tengamos un 50% de la poblaci\u00f3n con seguro privado, \u00bfqui\u00e9n va a querer sanidad p\u00fablica?\u201d, interroga Rafael Ojeda, presidente del Sindicato M\u00e9dico en Andaluc\u00eda. Hoy el porcentaje de poblaci\u00f3n con seguro privado es del 22% con dos millones de andaluces, un 25% m\u00e1s desde que el PP gobierna la regi\u00f3n. <\/p>\n<p class=\"\">Coincide en el diagn\u00f3stico Jos\u00e9 Mart\u00ednez Olmos, profesor de la Escuela Andaluza de Salud P\u00fablica y ex secretario general del Ministerio de Sanidad: \u201cYa est\u00e1 pasando. Buena parte de las necesidades de la gente no est\u00e1n atendidas, y ello condiciona el crecimiento de los seguros privados. Y eso es una desigualdad\u201d. Para este experto, adem\u00e1s de una gesti\u00f3n manifiestamente mejorable, la cronicidad y el envejecimiento de la poblaci\u00f3n es la raz\u00f3n que ha agrietado la sanidad p\u00fablica andaluza la \u00faltima d\u00e9cada. <\/p>\n<p class=\"\">Ya hay un mill\u00f3n de andaluces con cinco o m\u00e1s enfermedades cr\u00f3nicas y el 45% de ellos toma m\u00e1s de 10 medicamentos, seg\u00fan el <a href=\"https:\/\/www.juntadeandalucia.es\/sites\/default\/files\/inline-files\/2025\/03\/Plan%20Andaluz%20de%20Atenci%C3%B3n%20a%20la%20Cronicidad%2003032025.pdf\" target=\"_blank\" rel=\"nofollow noopener\" title=\"https:\/\/www.juntadeandalucia.es\/sites\/default\/files\/inline-files\/2025\/03\/Plan%20Andaluz%20de%20Atenci%C3%B3n%20a%20la%20Cronicidad%2003032025.pdf\">plan andaluz de atenci\u00f3n a la cronicidad 2025-2028<\/a>, publicado el pasado marzo. Mientras, la factura farmac\u00e9utica de la Junta se ha disparado hasta los 4.200 millones. <\/p>\n<p class=\"\">En la atenci\u00f3n primaria nunca se hab\u00edan visto los retrasos actuales de m\u00e1s de una semana para ver al m\u00e9dico de cabecera en algunos centros de salud saturados. Mart\u00ednez Olmos urge a reorientar la atenci\u00f3n primaria y ampliar equipos con m\u00e1s enfermeros, farmac\u00e9uticos y geriatras. \u201cEl sistema es hoy dual, y quienes buscan soluci\u00f3n en la privada tienen la sensaci\u00f3n de que pagan doble, su seguro privado y los impuestos. Eso es fuente de deslegitimaci\u00f3n del sistema p\u00fablico. Por eso la reforma requiere consenso y luces largas, hay que echarle 8 o 10 a\u00f1os para reorientar el sistema. Tambi\u00e9n hay un problema de gesti\u00f3n, no cabe duda\u201d, remata. <\/p>\n<p><img decoding=\"auto\" class=\"_re lazyload a_m-h\" height=\"276\"  width=\"414\"  src=\"https:\/\/www.europesays.com\/es\/wp-content\/uploads\/2025\/10\/65XU22VHY5DSPKJQAB3WWM7R2M.jpg\" loading=\"lazy\"\/>Manifestaci\u00f3n de m\u00e9dicos en Sevilla el pasado viernes. PACO PUENTES<\/p>\n<p class=\"\">El Gobierno andaluz anunci\u00f3 el viernes un plan de choque para revertir la comunicaci\u00f3n en el cribado de c\u00e1ncer de mama e intentar corregir la gesti\u00f3n inicial de la consejera de Salud y Consumo, Roc\u00edo Hern\u00e1ndez, que mostr\u00f3 muy poca empat\u00eda con las v\u00edctimas e incluso les reproch\u00f3 sus quejas y habl\u00f3 de \u201cmanipulaci\u00f3n\u201d del sistema andaluz de salud. <a href=\"https:\/\/elpais.com\/sociedad\/2025-10-03\/en-pleno-escandalo-por-los-retrasos-en-los-diagnosticos-andalucia-anuncia-que-ampliara-el-cribado-de-cancer-a-mujeres-de-entre-45-y-75-anos.html\" target=\"_blank\" rel=\"nofollow noopener\" title=\"https:\/\/elpais.com\/sociedad\/2025-10-03\/en-pleno-escandalo-por-los-retrasos-en-los-diagnosticos-andalucia-anuncia-que-ampliara-el-cribado-de-cancer-a-mujeres-de-entre-45-y-75-anos.html\">De momento no habr\u00e1 relevo, pero el descontento con Hern\u00e1ndez es indisimulado en la sede de la Presidencia de la Junta<\/a>. <\/p>\n<p class=\"\">Una de las peores derivadas de la crisis es que su final no est\u00e1 nada claro y se puede alargar de manera peligrosa para Moreno, con las urnas a la vuelta de la esquina. El fallo masivo ha afectado a 2.000 personas en los \u00faltimos tres a\u00f1os, seg\u00fan la Junta, pero pueden ser muchos m\u00e1s los pacientes perjudicados, ya que los retrasos son cr\u00f3nicos y los hospitales que no avisaron de los resultados dudosos en las mamograf\u00edas siempre han actuado as\u00ed con su protocolo propio, seg\u00fan admiten fuentes del Gobierno andaluz. Es decir, que si una paciente sufri\u00f3 retrasos en 2019 y perdi\u00f3 un pecho, o falleci\u00f3, y ahora sus familiares deciden interponer una demanda por retrasos o mal diagn\u00f3stico, las posibilidades de que tenga \u00e9xito son altas. Y ese dolor de cabeza y mala publicidad para la Junta se puede multiplicar porque el tema ata\u00f1e a la supervivencia y la calidad de vida de las personas. <\/p>\n","protected":false},"excerpt":{"rendered":"A la sanidad p\u00fablica andaluza, mil veces cuestionada por usuarios, m\u00e9dicos y enfermeras, con retrasos acuciantes en su&hellip;\n","protected":false},"author":2,"featured_media":157500,"comment_status":"","ping_status":"","sticky":false,"template":"","format":"standard","meta":{"footnotes":""},"categories":[8],"tags":[259,17,18,1066,17019,1293,25,24,13,14,11,46998,6138,26166,26165,19,20,3855,9,10,15,16,1811,17109,1171,3905,492,23,12,21,22],"class_list":{"0":"post-157499","1":"post","2":"type-post","3":"status-publish","4":"format-standard","5":"has-post-thumbnail","7":"category-espana","8":"tag-andalucia","9":"tag-breaking-news","10":"tag-breakingnews","11":"tag-cancer","12":"tag-cancer-mama","13":"tag-enfermedades","14":"tag-es","15":"tag-espana","16":"tag-featured-news","17":"tag-featurednews","18":"tag-headlines","19":"tag-hospital-virgen-del-rocio","20":"tag-hospitales","21":"tag-juan-manuel-moreno","22":"tag-junta-andalucia","23":"tag-latest-news","24":"tag-latestnews","25":"tag-malaga","26":"tag-news","27":"tag-noticias","28":"tag-noticias-destacadas","29":"tag-noticiasdestacadas","30":"tag-sanidad","31":"tag-sanidad-publica","32":"tag-sevilla","33":"tag-sindicatos","34":"tag-sociedad","35":"tag-spain","36":"tag-titulares","37":"tag-ultimas-noticias","38":"tag-ultimasnoticias"},"share_on_mastodon":{"url":"","error":""},"_links":{"self":[{"href":"https:\/\/www.europesays.com\/es\/wp-json\/wp\/v2\/posts\/157499","targetHints":{"allow":["GET"]}}],"collection":[{"href":"https:\/\/www.europesays.com\/es\/wp-json\/wp\/v2\/posts"}],"about":[{"href":"https:\/\/www.europesays.com\/es\/wp-json\/wp\/v2\/types\/post"}],"author":[{"embeddable":true,"href":"https:\/\/www.europesays.com\/es\/wp-json\/wp\/v2\/users\/2"}],"replies":[{"embeddable":true,"href":"https:\/\/www.europesays.com\/es\/wp-json\/wp\/v2\/comments?post=157499"}],"version-history":[{"count":0,"href":"https:\/\/www.europesays.com\/es\/wp-json\/wp\/v2\/posts\/157499\/revisions"}],"wp:featuredmedia":[{"embeddable":true,"href":"https:\/\/www.europesays.com\/es\/wp-json\/wp\/v2\/media\/157500"}],"wp:attachment":[{"href":"https:\/\/www.europesays.com\/es\/wp-json\/wp\/v2\/media?parent=157499"}],"wp:term":[{"taxonomy":"category","embeddable":true,"href":"https:\/\/www.europesays.com\/es\/wp-json\/wp\/v2\/categories?post=157499"},{"taxonomy":"post_tag","embeddable":true,"href":"https:\/\/www.europesays.com\/es\/wp-json\/wp\/v2\/tags?post=157499"}],"curies":[{"name":"wp","href":"https:\/\/api.w.org\/{rel}","templated":true}]}}