{"id":15750,"date":"2025-07-31T07:05:11","date_gmt":"2025-07-31T07:05:11","guid":{"rendered":"https:\/\/www.europesays.com\/es\/15750\/"},"modified":"2025-07-31T07:05:11","modified_gmt":"2025-07-31T07:05:11","slug":"6-toros-en-solitario-para-su-hijo","status":"publish","type":"post","link":"https:\/\/www.europesays.com\/es\/15750\/","title":{"rendered":"6 toros en solitario para su hijo"},"content":{"rendered":"<p>\n        Un a\u00f1o m\u00e1s, <strong>la empresa Macua Corera,<\/strong> organiza el serial taurino de <a href=\"https:\/\/www.noticiasdenavarra.com\/tags\/estella-2\/\" title=\"Estella.\" rel=\"nofollow noopener\" target=\"_blank\" class=\"link copy\">Estella.<\/a> Se trata de<strong> la primera feria taurina<\/strong> despu\u00e9s de la retirada de Pablo Hermoso de Mendoza, rejoneador de la ciudad que marc\u00f3 una \u00e9poca de casi cuatro d\u00e9cadas entresiglos, XX y XXI. Para que el relevo quede bien marcado, la tradicional corrida de rejones ser\u00e1 un \u00f3rdago en solitario de<strong> Guillermo Hermoso de Mendoza Tardienta. <\/strong>Guille, el hijo de Pablo, se encerrar\u00e1 con seis toros de distintas ganader\u00edas, casi todas de<strong> estirpe murube\u00f1a y de dos nacionalidades, portuguesa y espa\u00f1ola. <\/strong>\n<\/p>\n<p class=\"article-body__text \">\n        Se trata de los hierros de<strong>: Pedro Guti\u00e9rrez Moya, El Capea, San Pelayo<\/strong> (tambi\u00e9n propiedad de El Capea) <strong>Pablo Hermoso de Mendoza <\/strong>(procedencia Osborne y Domecq),<strong> Rosa Rodrigues, Romao Tenorio y Ben\u00edtez Cubero.<\/strong> Se trata de una gesta que parece encajar en esta ocasi\u00f3n y que puede hacer cuadrar mejor los gastos del festejo, aunque en un futuro no creemos que se repita.\n<\/p>\n<p class=\"article-photo__footer\">\n            Exp\u00f3sito, dos corridas y dos salidas a hombros en 2023 y 2024.            Manuel Sag\u00fc\u00e9s        <\/p>\n<p class=\"article-body__text \">\n        La corrida de toros del domingo presenta bastantes argumentos, m\u00e1s rom\u00e1nticos que por anunciar a un hierro y toreros destacados en el escalaf\u00f3n. Sin embargo, se ha hecho un esfuerzo por cerrar un cartel con variedad y mucho inter\u00e9s. Este inter\u00e9s viene de la mano de guapos toros de otras \u00e9pocas y de toreros que uno<strong>, Javier Casta\u00f1o<\/strong>, se despide de la profesi\u00f3n esta temporada y, otro,<strong> Francisco Mart\u00ednez, <\/strong>se presenta como matador de alternativa en Espa\u00f1a, y el tercero,<strong> Francisco Exp\u00f3sito,<\/strong> que atesora dos singulares argumentos. El primer argumento del pamplon\u00e9s, residente en Sarriguren, es que repite con l\u00f3gica por ser el triunfador de los dos \u00faltimos a\u00f1os en la plaza de esta ciudad. En 2023 cort\u00f3 dos orejas a un toro de Irmaos y en 2024 a un toro jabonero de <strong>Tom\u00e1s Prieto de la Cal. <\/strong>\n<\/p>\n<p class=\"article-body__text \">\n        Exp\u00f3sito torear\u00e1 por primera vez esta campa\u00f1a. Aglutina todo el romanticismo de esta profesi\u00f3n por su poca experiencia, pero una bella forma de interpretar el toreo y de conseguir,<strong> adem\u00e1s con triunfos, sus sue\u00f1os. <\/strong>Casta\u00f1o y Exp\u00f3sito; Exp\u00f3sito y Casta\u00f1o. El leon\u00e9s, tras un cuarto de siglo pele\u00e1ndose a vida a muerte con las ganader\u00eda m\u00e1s duras y tambi\u00e9n contra una imprevista enfermedad, llega 24 a\u00f1os despu\u00e9s de su primera vez, para despedirse de una profesi\u00f3n a la que Exp\u00f3sito acaba de llegar tras el mismo tiempo intent\u00e1ndolo. <strong>Suerte para ambos, se la merecen.<\/strong>\n<\/p>\n<p class=\"article-photo__footer\">\n            A\u00d1O primero (DdP):  6 toros en solitario para su hijo            Manuel Sag\u00fc\u00e9s        <\/p>\n<p class=\"article-body__text \">\n        Los dos veteranos y rom\u00e1nticos toreros enmarcar\u00e1n, curiosamente, al m\u00e1s joven,<strong> Francisco Mart\u00ednez, joven mexicano que se presenta en Estella, Navarra y en Europa.<\/strong> As\u00ed, la funci\u00f3n adquiere otro car\u00e1cter que a\u00f1adir al rom\u00e1ntico: <strong>internacional.<\/strong>\n<\/p>\n<p class=\"article-photo__footer\">\n            A\u00d1O primero (DdP):  6 toros en solitario para su hijo            Manuel Sag\u00fc\u00e9s        <\/p>\n<p class=\"article-body__text \">\n        La novillada sin picadores del lunes tiene tambi\u00e9n su aqu\u00e9l con <strong>dos andaluces de escuela y con buenas referencias<\/strong>. Rodrigo Pipio L\u00f3pez es de Sevilla y ya ha toreado en la Maestranza. <strong>Jaime Padilla<\/strong> se ha formado en M\u00e1laga y es sobrino carnal del torero retirado <strong>Juan Jos\u00e9 Padilla.<\/strong>\n<\/p>\n<p>  Corrida rejones &#8211; 2\/8Seis ganader\u00edas distintas<\/p>\n<p>Pedro Guti\u00e9rrez Moya, El Capea, San Pelayo (El Capea), Pablo Hermoso de Mendoza, Jose Rosa Rodrigues, Romao Tenorio y Ben\u00edtez Cubero.c<\/p>\n<p>Guillermo Hermoso de Mendoza Tardienta. <\/p>\n<ul>\n<li><strong>Procedencia y edad:<\/strong> Estella\/Lizarra, Navarra, 23 a\u00f1os. <\/li>\n<li><strong>Alternativa:<\/strong> Sevilla, 5 de mayo de 2019. <\/li>\n<li><strong>Padrino:<\/strong> Pablo Hermoso de Mendoza y testigo, Lea Vicens.<\/li>\n<li><strong>En Estella: <\/strong>desde 2016, acumula ya 7 corridas, 23 orejas y 3 rabos.<\/li>\n<\/ul>\n<p>Corrida de toros, &#8211; 3\/8Ganader\u00eda: Partido de Resina (antes Pablo Romero)<\/p>\n<ul>\n<li><strong>Divisa: <\/strong>Celeste y blanca. Procedencia propia.<\/li>\n<li><strong>En Estella:<\/strong> Debuta.<\/li>\n<\/ul>\n<p>Javier Casta\u00f1o<\/p>\n<ul>\n<li> Le\u00f3n 28\/2\/1980.<\/li>\n<li> <strong>En Estella:<\/strong> Tres corridas y tres orejas. Debut\u00f3 el 5\/8\/2001; y 2013 y 2015.<\/li>\n<\/ul>\n<p>Francisco Mart\u00ednez<\/p>\n<ul>\n<li>San Miguel de Allende (M\u00e9xico). <\/li>\n<li><strong>Alternativa: <\/strong>San Miguel de Allende 25\/1\/2019. <\/li>\n<li><strong>En Estella:<\/strong> Debuta.<\/li>\n<\/ul>\n<p>Francisco Exp\u00f3sito<\/p>\n<ul>\n<li>Sarriguren, 45 a\u00f1os. Alternativa. Sang\u00fcesa, 13 \/9\/2022. <\/li>\n<li><strong>En Estella:<\/strong> 2 corridas y 4 orejas.  <\/li>\n<\/ul>\n<p>Novillada &#8211; 4\/8Erales de Mollalta. Rodrigo Pipio L\u00f3pez.Jaime Padilla. <\/p>\n<ul>\n<li>Jerez. E.T. M\u00e1laga. <\/li>\n<li>Sobrino de Juan Jos\u00e9 Padilla.<\/li>\n<\/ul>\n","protected":false},"excerpt":{"rendered":"Un a\u00f1o m\u00e1s, la empresa Macua Corera, organiza el serial taurino de Estella. Se trata de la primera&hellip;\n","protected":false},"author":2,"featured_media":15751,"comment_status":"","ping_status":"","sticky":false,"template":"","format":"standard","meta":{"footnotes":""},"categories":[277],"tags":[6832,1611,373,10400,168,25,24,8155,23,167,374,444],"class_list":{"0":"post-15750","1":"post","2":"type-post","3":"status-publish","4":"format-standard","5":"has-post-thumbnail","7":"category-toreo","8":"tag-6832","9":"tag-ano","10":"tag-bullfighting","11":"tag-ddp","12":"tag-deportes","13":"tag-es","14":"tag-espana","15":"tag-solitario","16":"tag-spain","17":"tag-sports","18":"tag-toreo","19":"tag-toros"},"share_on_mastodon":{"url":"","error":""},"_links":{"self":[{"href":"https:\/\/www.europesays.com\/es\/wp-json\/wp\/v2\/posts\/15750","targetHints":{"allow":["GET"]}}],"collection":[{"href":"https:\/\/www.europesays.com\/es\/wp-json\/wp\/v2\/posts"}],"about":[{"href":"https:\/\/www.europesays.com\/es\/wp-json\/wp\/v2\/types\/post"}],"author":[{"embeddable":true,"href":"https:\/\/www.europesays.com\/es\/wp-json\/wp\/v2\/users\/2"}],"replies":[{"embeddable":true,"href":"https:\/\/www.europesays.com\/es\/wp-json\/wp\/v2\/comments?post=15750"}],"version-history":[{"count":0,"href":"https:\/\/www.europesays.com\/es\/wp-json\/wp\/v2\/posts\/15750\/revisions"}],"wp:featuredmedia":[{"embeddable":true,"href":"https:\/\/www.europesays.com\/es\/wp-json\/wp\/v2\/media\/15751"}],"wp:attachment":[{"href":"https:\/\/www.europesays.com\/es\/wp-json\/wp\/v2\/media?parent=15750"}],"wp:term":[{"taxonomy":"category","embeddable":true,"href":"https:\/\/www.europesays.com\/es\/wp-json\/wp\/v2\/categories?post=15750"},{"taxonomy":"post_tag","embeddable":true,"href":"https:\/\/www.europesays.com\/es\/wp-json\/wp\/v2\/tags?post=15750"}],"curies":[{"name":"wp","href":"https:\/\/api.w.org\/{rel}","templated":true}]}}