{"id":157501,"date":"2025-10-05T04:08:09","date_gmt":"2025-10-05T04:08:09","guid":{"rendered":"https:\/\/www.europesays.com\/es\/157501\/"},"modified":"2025-10-05T04:08:09","modified_gmt":"2025-10-05T04:08:09","slug":"feria-del-vehiculo-sostenible-mas-de-400-unidades-y-una-experiencia-de-diversion","status":"publish","type":"post","link":"https:\/\/www.europesays.com\/es\/157501\/","title":{"rendered":"Feria del Veh\u00edculo Sostenible: m\u00e1s de 400 unidades y una experiencia de diversi\u00f3n"},"content":{"rendered":"<p>M\u00e1s informaci\u00f3n<\/p>\n<p> <a href=\"https:\/\/www.rivasciudad.es\/noticias\/deporte\/2012\/01\/29\/el-mejor-copiloto-madrileno-de-rally-de-tierra\/862600033404\/\" rel=\"nofollow noopener\" target=\"_blank\"> <img loading=\"lazy\" decoding=\"async\" src=\"https:\/\/www.europesays.com\/es\/wp-content\/uploads\/2025\/10\/Piloto-rally-Miguel-Garcia-Martin-600x400.jpg\" width=\"600\" height=\"400\" alt=\"El mejor copiloto madrile\u00f1o de rally de tierra es de Rivas\"\/> <\/a> <a href=\"https:\/\/www.rivasciudad.es\/noticias\/transicion-ecologica\/2024\/11\/21\/conductoras-de-rivamadrid-pioneras-al-volante\/862600239227\/\" rel=\"nofollow noopener\" target=\"_blank\"> <img loading=\"lazy\" decoding=\"async\" src=\"https:\/\/www.europesays.com\/es\/wp-content\/uploads\/2025\/10\/Conductoras-de-Rivamadrid-e1750142911561-600x400.jpg\" width=\"600\" height=\"400\" alt=\"Las conductoras de Rivamadrid: pioneras al volante\"\/> <\/a><\/p>\n<p>La Feria del Veh\u00edculo Sostenible en Rivas regresa al recinto ferial Miguel R\u00edos del viernes 10 al domingo 12 de octubre. En una explanada de casi 9.000 m2 se reunir\u00e1 la atractiva oferta comercial de 16 concesionarios del sureste de Madrid. El p\u00fablico podr\u00e1 contemplar y probar alrededor de 400 veh\u00edculos: nuevos, de ocasi\u00f3n, de bajas emisiones y de m\u00e1s de 20 marcas diferentes.<\/p>\n<p>La Feria del Veh\u00edculo Sostenible, organizada por el Ayuntamiento de Rivas Vaciamadrid y la Asociaci\u00f3n Empresarial de Arganda, Rivas y Comarca (Asearco), se enmarca dentro del Pacto Local por el Desarrollo Econ\u00f3mico y el Empleo y se convierte en la gran fiesta del motor del sureste de la Comunidad de Madrid.<\/p>\n<p>Los modelos de todo tipo de tecnolog\u00edas que se expondr\u00e1n se adaptan a diferentes necesidades y presupuestos. Los grupos de concesionarios participantes son: Espacio Momentum, Escarpa Motor, Caetano Reicomsa Nissan, BYD Gamboa, Omoda-Jaecoo Gamboa, Renault Autocarpe, Mobility Autocentro, Iluscar, Mosancar, Bellezacar, Grupo Rocal (Jota Rocal, Rocal Automoci\u00f3n y Mazda Autoriente), Cars y Dreu, Grupo Bafer-Hispanesa y Automotor Dursan.<\/p>\n<p>La Feria llega con un programa de actividades pensadas para toda la familia. Habr\u00e1 una zona de descanso con oferta gastron\u00f3mica, \u2018diversi\u00f3n sobre ruedas\u2019, as\u00ed como talleres infantiles que girar\u00e1n en torno al mundo de los coches. El evento contar\u00e1 con banda sonora propia, amenizada todo el tiempo por un DJ que pinchar\u00e1 grandes \u00e9xitos musicales. La feria tambi\u00e9n sorprender\u00e1 a los visitantes con actuaciones originales inesperadas. Los establecimientos ganadores de las dos \u00faltimas ediciones de la Ruta de la Tapa de Rivas (Restaurante Atlantika y Taberna La Antigua) se encargar\u00e1n de servir la oferta gastron\u00f3mica.<\/p>\n<p><strong>LOS SORTEOS DE LA FERIA<\/strong><br \/>Todas las personas visitantes que escaneen el c\u00f3digo QR disponible en las entradas del recinto ferial tendr\u00e1n acceso gratuito al evento y podr\u00e1n participar en el sorteo de un vale de 300 euros. Podr\u00e1n canjearlo en los concesionarios y talleres participantes hasta el 31 de diciembre de 2025.<\/p>\n<p>Comprar un veh\u00edculo, durante los d\u00edas de celebraci\u00f3n de la Feria, tambi\u00e9n tendr\u00e1 su premio. Para ello las personas que adquieran un coche podr\u00e1n escanear un segundo QR que les permitir\u00e1 acceder a un sorteo especial con un premio valorado en 1.000 euros. Tambi\u00e9n podr\u00e1n canjearlo, hasta fin de a\u00f1o, en los concesionarios y talleres participantes.<\/p>\n","protected":false},"excerpt":{"rendered":"M\u00e1s informaci\u00f3n La Feria del Veh\u00edculo Sostenible en Rivas regresa al recinto ferial Miguel R\u00edos del viernes 10&hellip;\n","protected":false},"author":2,"featured_media":157502,"comment_status":"","ping_status":"","sticky":false,"template":"","format":"standard","meta":{"footnotes":""},"categories":[5],"tags":[17,18,25,24,13,14,11,19,20,9,10,15,16,23,12,21,22],"class_list":{"0":"post-157501","1":"post","2":"type-post","3":"status-publish","4":"format-standard","5":"has-post-thumbnail","7":"category-titulares","8":"tag-breaking-news","9":"tag-breakingnews","10":"tag-es","11":"tag-espana","12":"tag-featured-news","13":"tag-featurednews","14":"tag-headlines","15":"tag-latest-news","16":"tag-latestnews","17":"tag-news","18":"tag-noticias","19":"tag-noticias-destacadas","20":"tag-noticiasdestacadas","21":"tag-spain","22":"tag-titulares","23":"tag-ultimas-noticias","24":"tag-ultimasnoticias"},"share_on_mastodon":{"url":"","error":""},"_links":{"self":[{"href":"https:\/\/www.europesays.com\/es\/wp-json\/wp\/v2\/posts\/157501","targetHints":{"allow":["GET"]}}],"collection":[{"href":"https:\/\/www.europesays.com\/es\/wp-json\/wp\/v2\/posts"}],"about":[{"href":"https:\/\/www.europesays.com\/es\/wp-json\/wp\/v2\/types\/post"}],"author":[{"embeddable":true,"href":"https:\/\/www.europesays.com\/es\/wp-json\/wp\/v2\/users\/2"}],"replies":[{"embeddable":true,"href":"https:\/\/www.europesays.com\/es\/wp-json\/wp\/v2\/comments?post=157501"}],"version-history":[{"count":0,"href":"https:\/\/www.europesays.com\/es\/wp-json\/wp\/v2\/posts\/157501\/revisions"}],"wp:featuredmedia":[{"embeddable":true,"href":"https:\/\/www.europesays.com\/es\/wp-json\/wp\/v2\/media\/157502"}],"wp:attachment":[{"href":"https:\/\/www.europesays.com\/es\/wp-json\/wp\/v2\/media?parent=157501"}],"wp:term":[{"taxonomy":"category","embeddable":true,"href":"https:\/\/www.europesays.com\/es\/wp-json\/wp\/v2\/categories?post=157501"},{"taxonomy":"post_tag","embeddable":true,"href":"https:\/\/www.europesays.com\/es\/wp-json\/wp\/v2\/tags?post=157501"}],"curies":[{"name":"wp","href":"https:\/\/api.w.org\/{rel}","templated":true}]}}