{"id":157503,"date":"2025-10-05T04:09:08","date_gmt":"2025-10-05T04:09:08","guid":{"rendered":"https:\/\/www.europesays.com\/es\/157503\/"},"modified":"2025-10-05T04:09:08","modified_gmt":"2025-10-05T04:09:08","slug":"el-mecalia-guardes-tarda-en-respirar","status":"publish","type":"post","link":"https:\/\/www.europesays.com\/es\/157503\/","title":{"rendered":"El Mecalia Guard\u00e9s tarda en respirar"},"content":{"rendered":"<p class=\"ft-text\"><strong>22 Cicar Lanzarote Ciudad de Arrecife (12+10):<\/strong> Ana Radovic (3), Melania Cabrera (4), Andrea Boner (3), Roc\u00edo Squizziato (1), Ana Mar\u00edn (p.), Mornesa Tenda (1), Gema Trujillo (5) [siete inicial], Keyla Hern\u00e1ndez, Leticia Cobo (4), Irene S\u00e1nchez (p.), Thalyta Cardoso, Celia L\u00f3pez, Thais Adrielle, Carla Rivas, Alba Tort y Marilia Correia (1).<\/p>\n<p class=\"ft-text\"><strong>26 Mecalia Atl\u00e9tico Guard\u00e9s (12+14): <\/strong>Amandine Balzinc, (p.), Mar\u00eda Palomo (1), Mar\u00eda Sancha (3), Ania Ramos (5), Cristina Cifuentes (1), Carme Castro (3), Elena Mart\u00ednez (5) [siete inicial], Lorena T\u00e9llez (2), Blazka Hauptman (2), Cecilia Cacheda (3), Ariana Portillo (1) y Sabina M\u00ednguez.<\/p>\n<p class=\"ft-text\"><strong>Marcador cada cinco minutos: <\/strong>2-1, 5-3, 6-7, 8-10, 10-11, 13-14, 15-16, 16-18, 17-19, 17-19, 20-22, 22-26.<\/p>\n","protected":false},"excerpt":{"rendered":"22 Cicar Lanzarote Ciudad de Arrecife (12+10): Ana Radovic (3), Melania Cabrera (4), Andrea Boner (3), Roc\u00edo Squizziato&hellip;\n","protected":false},"author":2,"featured_media":157504,"comment_status":"","ping_status":"","sticky":false,"template":"","format":"standard","meta":{"footnotes":""},"categories":[278],"tags":[10547,376,168,25,24,1518,375,13028,10546,31584,23,167,37656],"class_list":{"0":"post-157503","1":"post","2":"type-post","3":"status-publish","4":"format-standard","5":"has-post-thumbnail","7":"category-balonmano","8":"tag-atletico-guardes","9":"tag-balonmano","10":"tag-deportes","11":"tag-es","12":"tag-espana","13":"tag-guardes","14":"tag-handball","15":"tag-mecalia","16":"tag-mecalia-guardes","17":"tag-respirar","18":"tag-spain","19":"tag-sports","20":"tag-tarda"},"share_on_mastodon":{"url":"","error":""},"_links":{"self":[{"href":"https:\/\/www.europesays.com\/es\/wp-json\/wp\/v2\/posts\/157503","targetHints":{"allow":["GET"]}}],"collection":[{"href":"https:\/\/www.europesays.com\/es\/wp-json\/wp\/v2\/posts"}],"about":[{"href":"https:\/\/www.europesays.com\/es\/wp-json\/wp\/v2\/types\/post"}],"author":[{"embeddable":true,"href":"https:\/\/www.europesays.com\/es\/wp-json\/wp\/v2\/users\/2"}],"replies":[{"embeddable":true,"href":"https:\/\/www.europesays.com\/es\/wp-json\/wp\/v2\/comments?post=157503"}],"version-history":[{"count":0,"href":"https:\/\/www.europesays.com\/es\/wp-json\/wp\/v2\/posts\/157503\/revisions"}],"wp:featuredmedia":[{"embeddable":true,"href":"https:\/\/www.europesays.com\/es\/wp-json\/wp\/v2\/media\/157504"}],"wp:attachment":[{"href":"https:\/\/www.europesays.com\/es\/wp-json\/wp\/v2\/media?parent=157503"}],"wp:term":[{"taxonomy":"category","embeddable":true,"href":"https:\/\/www.europesays.com\/es\/wp-json\/wp\/v2\/categories?post=157503"},{"taxonomy":"post_tag","embeddable":true,"href":"https:\/\/www.europesays.com\/es\/wp-json\/wp\/v2\/tags?post=157503"}],"curies":[{"name":"wp","href":"https:\/\/api.w.org\/{rel}","templated":true}]}}