{"id":157507,"date":"2025-10-05T04:20:04","date_gmt":"2025-10-05T04:20:04","guid":{"rendered":"https:\/\/www.europesays.com\/es\/157507\/"},"modified":"2025-10-05T04:20:04","modified_gmt":"2025-10-05T04:20:04","slug":"a-la-orilla-del-camino-me-dejaste","status":"publish","type":"post","link":"https:\/\/www.europesays.com\/es\/157507\/","title":{"rendered":"A la orilla del camino me dejaste"},"content":{"rendered":"<p class=\"ft-text ft-helper-closenews\">Por culpa de su \u00faltimo libro me he liado con mi amiga de antiguo <strong>Alicia del Burgo<\/strong>, y no hemos parado de hablar, de darle a la sin hueso como me dec\u00eda \u00abel Barras\u00bb, que ya debe de haber salido de la c\u00e1rcel. Bueno, no ha parado de hablar ella, que anda <strong>como una moto, lozana y fresca en el verbo a pesar desus 80 a\u00f1os<\/strong>, un marcapasos y alg\u00fan artilugio m\u00e1s que le echa una mano a su vida. Digamos que mantiene su alma\u00a0como en estado aperitivo, para hacer boca, a pesar de su\u00a0larga experiencia en eso que llaman casa interior. El libro que presenta en Vigo el martes se titula<strong> <\/strong><strong>La paciente de los lunes <\/strong>y novela la relaci\u00f3n entre una terapeuta y otra mujer madura que sufre\u00a0miedo, desorientaci\u00f3n, la b\u00fasqueda incansable de su yo mas \u00edntimo, la p\u00e9rdida del sentido de su vida, las ausencias o abandonos vividos, la incomprensi\u00f3n de algunos y la ingratitud de quienes crey\u00f3 sus amigos. Todo un vaiv\u00e9n de emociones y un sinf\u00edn de adversidades.<\/p>\n<p class=\"ft-text\">Bueno, tampoco sufre nada nuevo la mujer madura de la novela de Alicia. El paso voraz y acelerado de la vida te trae en un plispl\u00e1s de la infancia a la vejez y nadie sabe c\u00f3mo ha sido. En ese recorrido muchos encuentran eso que ya cant\u00f3 <strong>Tony Landa <\/strong>o <strong>Lolita Sevilla<\/strong>, las piedras del camino\u00a0\u00abA la orilla del camino me dejaste\/a la orilla del camino me encontr\u00f3.\/ Sigue solo tu camino de traiciones\/Yo me quedo en el camino del amor\u00bb<strong>. El paso de los a\u00f1os te da perspectiva, serenidad, pero tambi\u00e9n puede traer estas sensaciones en conflicto<\/strong>, que son de orden ps\u00edquico, como traen los a\u00f1os un estado de decrepitud progresiva de orden f\u00edsico que obliga a los mayores a pasar cada poco por una ITV sanitaria. Alicia tiene 80 pero yo, que recorro los 70, tengo amigos averiados por rodillas. caderas, corazones&#8230; yo, por fortuna, de eso nada; solo un okupa alojado en mi cuerpo con ansias coloniales.<\/p>\n<p class=\"ft-text\">Larga conversa la de Alicia del Burgo y m\u00eda. Bueno, larga la de ella porque no deja huecos para infiltrarse y sin embargo parece siempre interesante y rociada de humor para refrescar profundidades. Dice ella que la memoria no surge secuenciada sino fragmentada, y entre los fragmentos de la m\u00eda est\u00e1 <strong>mi pluma en los 80 a disposici\u00f3n de su plataforma de Madres en Acci\u00f3n<\/strong>, aquella organizaci\u00f3n pionera que mont\u00f3 en defensa de la mujer, como est\u00e1 aquella portada para la que acept\u00e9 vestirme de guardia civil por defender a un sindicato clandestino que andaba entre capuchas en los cuarteles y ella respaldaba desde fuera. \u00a1Buf! Si sigo pensando me viene a la mente mucha memoria fragmentada conella por medio.<\/p>\n<p class=\"ft-text\">Una de las cosas que aprendi\u00f3 Alicia es que <strong>el verdadero \u00e9xito a sus 80 tacos es mantener esa ilusi\u00f3n por la vida que la nutre cada d\u00eda<\/strong>. Por eso el martes presenta otro libro suyo pero ya tiene dos en proyecto, La memoria de arcilla uno de ellos. La ronda\u00a0de la muerte es otra aldaba que toca en la puerta de los mayores, y es que no te apetece morir, oye, y m\u00e1s cuando te sientes tan viva. As\u00ed que ella pide una tregua porque, si bien tiene la sensaci\u00f3n de no haber dejado p\u00e1ginas en blanco, tiene otras en espera que escribir con esa musicalidad que acompa\u00f1a a sus palabras y esa l\u00facida mirada suya a los paisajes de interiores. \u00a1Alicia, cari\u00f1o, que nos hemos hecho por fuerza mayores aunque se nos subleven los interiores!<\/p>\n<p data-close=\"closedContent\" class=\"subscribeHideForDisplay\">Suscr\u00edbete para seguir leyendo<\/p>\n","protected":false},"excerpt":{"rendered":"Por culpa de su \u00faltimo libro me he liado con mi amiga de antiguo Alicia del Burgo, y&hellip;\n","protected":false},"author":2,"featured_media":157508,"comment_status":"","ping_status":"","sticky":false,"template":"","format":"standard","meta":{"footnotes":""},"categories":[172],"tags":[224,5141,47003,27159,146,147,25,24,3624,47004,225,911,44730,23],"class_list":{"0":"post-157507","1":"post","2":"type-post","3":"status-publish","4":"format-standard","5":"has-post-thumbnail","7":"category-libros","8":"tag-books","9":"tag-camino","10":"tag-dejaste","11":"tag-el-paso","12":"tag-entertainment","13":"tag-entretenimiento","14":"tag-es","15":"tag-espana","16":"tag-infancia","17":"tag-itv","18":"tag-libros","19":"tag-memoria","20":"tag-orilla","21":"tag-spain"},"share_on_mastodon":{"url":"","error":""},"_links":{"self":[{"href":"https:\/\/www.europesays.com\/es\/wp-json\/wp\/v2\/posts\/157507","targetHints":{"allow":["GET"]}}],"collection":[{"href":"https:\/\/www.europesays.com\/es\/wp-json\/wp\/v2\/posts"}],"about":[{"href":"https:\/\/www.europesays.com\/es\/wp-json\/wp\/v2\/types\/post"}],"author":[{"embeddable":true,"href":"https:\/\/www.europesays.com\/es\/wp-json\/wp\/v2\/users\/2"}],"replies":[{"embeddable":true,"href":"https:\/\/www.europesays.com\/es\/wp-json\/wp\/v2\/comments?post=157507"}],"version-history":[{"count":0,"href":"https:\/\/www.europesays.com\/es\/wp-json\/wp\/v2\/posts\/157507\/revisions"}],"wp:featuredmedia":[{"embeddable":true,"href":"https:\/\/www.europesays.com\/es\/wp-json\/wp\/v2\/media\/157508"}],"wp:attachment":[{"href":"https:\/\/www.europesays.com\/es\/wp-json\/wp\/v2\/media?parent=157507"}],"wp:term":[{"taxonomy":"category","embeddable":true,"href":"https:\/\/www.europesays.com\/es\/wp-json\/wp\/v2\/categories?post=157507"},{"taxonomy":"post_tag","embeddable":true,"href":"https:\/\/www.europesays.com\/es\/wp-json\/wp\/v2\/tags?post=157507"}],"curies":[{"name":"wp","href":"https:\/\/api.w.org\/{rel}","templated":true}]}}