{"id":157519,"date":"2025-10-05T04:30:08","date_gmt":"2025-10-05T04:30:08","guid":{"rendered":"https:\/\/www.europesays.com\/es\/157519\/"},"modified":"2025-10-05T04:30:08","modified_gmt":"2025-10-05T04:30:08","slug":"vox-desorienta-al-pp-e-inquieta-al-gobierno-espana","status":"publish","type":"post","link":"https:\/\/www.europesays.com\/es\/157519\/","title":{"rendered":"Vox desorienta al PP e inquieta al Gobierno | Espa\u00f1a"},"content":{"rendered":"<p class=\"\">Pr\u00e1cticamente sin moverse, sin apenas iniciativa pol\u00edtica ni gestos de impacto, con apariciones muy escasas de su l\u00edder, Santiago Abascal, y una actividad parlamentaria nada destacable, Vox se est\u00e1 convirtiendo en el gran protagonista silencioso de la pol\u00edtica espa\u00f1ola. Montado en la antipol\u00edtica que crece con las cat\u00e1strofes \u2015ya sea incendios o danas\u2015, en la <a href=\"https:\/\/iseak.eu\/publicacion\/de-donde-proviene-el-sentimiento-antiinmigracion-en-espana-evidencia-de-una-encuesta-a-gran-escala\" target=\"_self\" rel=\"nofollow noopener\" title=\"https:\/\/iseak.eu\/publicacion\/de-donde-proviene-el-sentimiento-antiinmigracion-en-espana-evidencia-de-una-encuesta-a-gran-escala\">ola antiinmigraci\u00f3n que recorre el mundo<\/a>, y en su \u00e9xito en las redes sociales y especialmente entre los m\u00e1s j\u00f3venes, el crecimiento de Vox, que amenaza el espacio natural del PP, est\u00e1 poniendo tan nerviosos a los populares que les hace cometer errores claros como <a href=\"https:\/\/elpais.com\/espana\/2025-10-03\/asi-fueron-las-24-horas-en-las-que-el-pp-se-enmendo-a-si-mismo-sobre-el-sindrome-posaborto-es-un-error-abrir-este-melon.html\" target=\"_self\" rel=\"nofollow noopener\" title=\"https:\/\/elpais.com\/espana\/2025-10-03\/asi-fueron-las-24-horas-en-las-que-el-pp-se-enmendo-a-si-mismo-sobre-el-sindrome-posaborto-es-un-error-abrir-este-melon.html\">sumarse a su posici\u00f3n sobre un supuesto s\u00edndrome posaborto <\/a>que la ciencia no avala. <\/p>\n<p class=\"\">Los nervios del PP son evidentes porque ya empiezan a publicarse las primeras encuestas que se\u00f1alan que por culpa del <a href=\"https:\/\/elpais.com\/espana\/2025-09-08\/vox-alcanza-su-mejor-resultado-desde-las-generales-y-deja-al-pp-en-su-peor-registro.html\" target=\"_self\" rel=\"nofollow noopener\" title=\"https:\/\/elpais.com\/espana\/2025-09-08\/vox-alcanza-su-mejor-resultado-desde-las-generales-y-deja-al-pp-en-su-peor-registro.html\">mordisco de Vox, de m\u00e1s de un mill\u00f3n de votantes,<\/a> ya est\u00e1 perdiendo incluso el privilegio decisivo de ser el primer partido. El PSOE, que resiste mucho mejor de lo esperado pese a los esc\u00e1ndalos de corrupci\u00f3n, amenaza esa primac\u00eda. Vox ha logrado en varias ocasiones desorientar a los populares, que no acaban de entender c\u00f3mo hacerle frente, algo parecido a lo que le pas\u00f3 al PSOE con el primer Podemos, que estuvo <a href=\"https:\/\/elpais.com\/politica\/2016\/06\/26\/actualidad\/1466973315_105410.html\" target=\"_self\" rel=\"nofollow noopener\" title=\"https:\/\/elpais.com\/politica\/2016\/06\/26\/actualidad\/1466973315_105410.html\">a punto de dar el sorpasso en 2016, aunque se qued\u00f3 a 350.000 votos. <\/a>En pleno nerviosismo, G\u00e9nova se plantean adelantos electorales en varias autonom\u00edas para intentar frenar el ascenso del partido de Abascal antes de que vaya a m\u00e1s. <\/p>\n<p class=\"\">En La Moncloa siguen con sorpresa el estallido de la guerra en la derecha y las reacciones nerviosas del PP, que le abren un enorme espacio al PSOE: esta semana Pedro S\u00e1nchez aprovech\u00f3 el error del PP sobre el aborto para <a href=\"https:\/\/elpais.com\/espana\/2025-10-03\/sanchez-propone-incluir-el-aborto-en-la-constitucion-para-evitar-que-el-pp-y-vox-puedan-ponerlo-en-riesgo.html\" target=\"_self\" rel=\"nofollow noopener\" title=\"https:\/\/elpais.com\/espana\/2025-10-03\/sanchez-propone-incluir-el-aborto-en-la-constitucion-para-evitar-que-el-pp-y-vox-puedan-ponerlo-en-riesgo.html\">reactivar la idea de incluirlo como derecho en la Constituci\u00f3n<\/a>. Pero esta situaci\u00f3n de la derecha, con su guerra por varios asuntos c\u00f3modos para el Gobierno \u2015desde el aborto a<a href=\"https:\/\/elpais.com\/espana\/2025-10-01\/pp-y-vox-votan-en-contra-de-calificar-de-genocidio-la-masacre-en-gaza-en-el-senado-a-sanchez-le-importa-un-comino.html\" target=\"_self\" rel=\"nofollow noopener\" title=\"https:\/\/elpais.com\/espana\/2025-10-01\/pp-y-vox-votan-en-contra-de-calificar-de-genocidio-la-masacre-en-gaza-en-el-senado-a-sanchez-le-importa-un-comino.html\"> la masacre en Gaza<\/a>\u2015 no cambia, seg\u00fan distintas fuentes consultadas al m\u00e1ximo nivel, los planes de S\u00e1nchez de agotar la legislatura o al menos llegar hasta 2027. El a\u00f1o 2026, se\u00f1alan estas fuentes, habr\u00e1 varias elecciones auton\u00f3micas si as\u00ed lo quiere el PP \u2015dos son obligadas, Castilla y Le\u00f3n y Andaluc\u00eda, y dos est\u00e1n en el aire, Arag\u00f3n y Extremadura\u2015 pero no ser\u00e1 un a\u00f1o de generales. \u201cS\u00e1nchez ya ha dicho en varias ocasiones que <a href=\"https:\/\/elpais.com\/espana\/2024-09-15\/sanchez-se-ve-con-dinero-proyecto-y-mayoria-para-toda-la-legislatura.html\" target=\"_self\" rel=\"nofollow noopener\" title=\"https:\/\/elpais.com\/espana\/2024-09-15\/sanchez-se-ve-con-dinero-proyecto-y-mayoria-para-toda-la-legislatura.html\">sus verdaderos Presupuestos son los fondos europeos<\/a>, y 2026 es el \u00faltimo a\u00f1o para gastarlos. Ese es su proyecto de fondo y lo va a culminar. Ir a elecciones antes es parar esa maquinaria. No lo va a hacer\u201d, se\u00f1ala un miembro del Gobierno. El propio S\u00e1nchez ha insistido varias veces en que seguir\u00e1 sin las Cuentas porque puede sacar adelante otras medidas y tiene una buena situaci\u00f3n econ\u00f3mica. <\/p>\n<p class=\"\">Pero en La Moncloa tampoco ocultan que les inquieta mucho el crecimiento de Vox. Aunque pueda convenirles para dividir el voto de la derecha y lograr arrebatarle la primac\u00eda al PP, distintas fuentes insisten en que un crecimiento desorbitado altera toda la pol\u00edtica, supondr\u00e1 que podr\u00e1 gobernar en varias autonom\u00edas y ayuntamientos, y amenazar\u00e1 a\u00f1os de consenso y derechos adquiridos desde el aborto a las pol\u00edticas a favor de una inmigraci\u00f3n que es clave para el crecimiento de Espa\u00f1a, como insiste en reivindicar S\u00e1nchez y todo su Gobierno. <\/p>\n<p class=\"\">Mientras el PP culpa a S\u00e1nchez de engordar a los de Abascal por inter\u00e9s partidista, en La Moncloa se\u00f1alan que es el l\u00edder popular quien est\u00e1 fracasando en su obligaci\u00f3n de frenarlo. \u201cFeij\u00f3o vino para hacer algo distinto a Pablo Casado, buscar el centro, y al final est\u00e1 haciendo lo mismo o peor, se ha derechizado a\u00fan m\u00e1s que \u00e9l y ha perdido completamente su perfil\u201d, dice un ministro. \u201cPor mucho postureo que haga Feij\u00f3o, unos d\u00edas de extremo centro y otro de extremo derecha, no tiene credibilidad entre su electorado. Alguien que ven\u00eda con marca propia ha terminado siendo una marca blanca de Vox. Es incre\u00edble su ca\u00edda\u201d, resume otro miembro del Ejecutivo. <\/p>\n<p class=\"\">En el PP, por el contrario, piensan que las cosas no est\u00e1n tan mal como dicen las \u00faltimas encuestas, y sostienen que es S\u00e1nchez el que se est\u00e1 hundiendo de manera constante aunque no lo detecten los sondeos, y m\u00e1s cuando aparecen detalles <a href=\"https:\/\/elpais.com\/espana\/2025-10-04\/koldo-garcia-su-mujer-y-el-hijo-de-abalos-los-custodios-del-dinero-del-exministro.html\" target=\"_self\" rel=\"nofollow noopener\" title=\"https:\/\/elpais.com\/espana\/2025-10-04\/koldo-garcia-su-mujer-y-el-hijo-de-abalos-los-custodios-del-dinero-del-exministro.html\">sobre el dinero opaco en efectivo que manejaban Jos\u00e9 Luis \u00c1balos y Koldo Garc\u00eda<\/a>, como ha se\u00f1alado el informe de la UCO de este viernes. Los socialistas aseguran que ese informe demuestra que no hubo financiaci\u00f3n ilegal y que \u00c1balos y Garc\u00eda pudieron corromperse al margen del partido, pero todo lo que tiene que ver con el dinero del PSOE est\u00e1 en regla, declarado y fiscalizado. Y sobre todo creen que el PP se equivoca apostando toda su estrategia a la corrupci\u00f3n, porque quien se beneficia de ese mensaje es Vox, que mueve el discurso antisistema y dice que todos son igual de corruptos.<\/p>\n<p class=\"\">El del aborto es el \u00faltimo ejemplo de c\u00f3mo Vox marca el comp\u00e1s. Una propuesta de los ultras en el Ayuntamiento de Madrid para informar obligatoriamente a las mujeres que quieran abortar de un supuesto s\u00edndrome posaborto no avalado por la ciencia, que Almeida apoy\u00f3 pese a contar con mayor\u00eda absoluta en el Pleno municipal, ha metido esta semana a los populares en un embrollo pol\u00edtico. La extrema derecha ha logrado de nuevo desorientar a los populares, que se vio obligado a rectificar en 24 horas y a dar marcha atr\u00e1s en una medida que para la oposici\u00f3n era una forma de coaccionar a las mujeres en el libre ejercicio de su derecho al aborto previsto en la ley.<\/p>\n<p class=\"\">El gol se lo metieron al PP del Ayuntamiento de Madrid, mientras en el entorno de Feij\u00f3o se lamentaban de que hubieran cometido un error de principiantes. Algunos dirigentes se movilizaron para que el PP de Jos\u00e9 Luis Mart\u00ednez Almeida enmendara su error lo m\u00e1s r\u00e1pido posible. \u201c\u00bfOs dais cuenta del da\u00f1o que nos hace esto?\u201d, les dijeron, porque enredar al partido en la pol\u00e9mica abr\u00eda una v\u00eda de agua en la estrategia de G\u00e9nova para captar el voto femenino, despu\u00e9s del fallo de las pulseras antimaltrato que ha provocado problemas al Gobierno. <\/p>\n<p class=\"\">Con el aborto, Vox meti\u00f3 en un doble problema a los populares. Primero, cuando logr\u00f3 arrastrar al PP hacia su posici\u00f3n. Y, despu\u00e9s, con la rectificaci\u00f3n al poder retratarlos como la \u201cderecha cobarde\u201d que no representa al ala m\u00e1s dura de los conservadores. <\/p>\n<p class=\"\">Los populares tratan de evitar ser rehenes de la agenda de los ultras, pero estos ya han logrado arrastrarles en materias como la inmigraci\u00f3n. El PP ha endurecido su posici\u00f3n pol\u00edtica sobre los extranjeros, acerc\u00e1ndola a la de Vox, en una estrategia de asimilaci\u00f3n que despierta recelos en el ala m\u00e1s moderada del partido. <\/p>\n<p class=\"\">El momento de \u201ceclosi\u00f3n de Vox\u201d, como lo analizan en la direcci\u00f3n el PP, preocupa al cuartel general de los populares sobre todo por el calendario electoral de 2026. De momento, hay dos citas electorales en el horizonte: las elecciones de Castilla y Le\u00f3n, previstas para marzo, y las de Andaluc\u00eda, para junio. Pero a medida que pasa el tiempo aumentan los nervios en el PP por \u201cel poselectoral de Castilla y Le\u00f3n\u201d. El temor que se extiende en el PP es que Vox obtenga un buen resultado en esa comunidad aut\u00f3noma y fuerce mucho la negociaci\u00f3n con Alfonso Fern\u00e1ndez Ma\u00f1ueco, desde una posici\u00f3n de fuerza. C\u00f3mo pueda afectar esa situaci\u00f3n a las siguientes elecciones andaluzas es un interrogante y, por eso, aumentan las voces que creen que Juan Manuel Moreno Bonilla deber\u00eda adelantar su cita con las urnas, aunque \u00e9ste se niega. <\/p>\n<p class=\"\">Por el mismo temor, y porque no tienen presupuestos, otras comunidades del PP sopesan un adelanto electoral, como Extremadura o Arag\u00f3n. Aunque una operaci\u00f3n coordinada de las baron\u00edas populares para ir a elecciones a la vez \u201cest\u00e1 muy muy verde\u201d, apuntan fuentes de la c\u00fapula popular, precisamente porque el momento al alza de Abascal desaconseja abrir las urnas antes de tiempo. \u201cVox est\u00e1 en un momento de eclosi\u00f3n, el tiempo juega a favor del PP y no de Vox\u201d, razona un dirigente. Mientras, desde La Moncloa creen que el tiempo juega en contra del PP, porque su l\u00edder se est\u00e1 desgastando en la guerra con Vox, y explican con datos objetivos que el PP est\u00e1 ya peor en los sondeos que en las generales de 2023 y, por el contrario, el PSOE se est\u00e1 recuperando. Ese es otro motivo por el que S\u00e1nchez no tiene intenciones de adelantar, porque cree que estos dos a\u00f1os se le van a hacer muy largos al PP.<\/p>\n<p class=\"\">Adem\u00e1s, en Extremadura y Arag\u00f3n todav\u00eda conf\u00edan en que los ultras les saquen adelante sus presupuestos, pese a que la estrategia de Vox a escala nacional es muy beligerante. \u201cNo demos por hecho que no les van a aprobar las cuentas, a Vox tampoco le interesa ir a unas elecciones en bloque contra el PP porque les han tumbado la legislatura y hay riesgo de que vuelva la izquierda\u201d, analiza otro dirigente. \u201cAhora bien, si te tiras un \u00f3rdago\u201d, dice en referencia al PP, \u201clo mismo tienes que cumplirlo\u201d. La presidenta de Extremadura, Mar\u00eda Guardiola, ha anunciado que ir\u00e1 a elecciones si los ultras no le aprueban las cuentas. <\/p>\n<p class=\"\">La extrema derecha aprieta mientras desarrolla el arte de desorientar al PP. Y el Gobierno, tambi\u00e9n inquieto con ese ascenso imparable de la ultraderecha por sus consecuencias para el futuro, est\u00e1 c\u00f3modo con la sensaci\u00f3n de frustraci\u00f3n que se instala en la derecha por la resistencia de S\u00e1nchez, que contra todo pron\u00f3stico est\u00e1 recuperando voto despu\u00e9s de estar muy cerca de caer en junio por el caso Cerd\u00e1n. La salida a este embrollo depende casi en exclusiva de Feij\u00f3o, el gran perjudicado por el ascenso de Vox, pero de momento no parece haber encontrado la tecla adecuada.<\/p>\n","protected":false},"excerpt":{"rendered":"Pr\u00e1cticamente sin moverse, sin apenas iniciativa pol\u00edtica ni gestos de impacto, con apariciones muy escasas de su l\u00edder,&hellip;\n","protected":false},"author":2,"featured_media":157520,"comment_status":"","ping_status":"","sticky":false,"template":"","format":"standard","meta":{"footnotes":""},"categories":[8],"tags":[17020,6069,17,18,4374,45690,47005,25,24,13,14,582,11,19,20,9,10,15,16,2959,956,1699,6914,23,12,21,22,4247,624],"class_list":{"0":"post-157519","1":"post","2":"type-post","3":"status-publish","4":"format-standard","5":"has-post-thumbnail","7":"category-espana","8":"tag-aborto","9":"tag-alberto-nunez-feijoo","10":"tag-breaking-news","11":"tag-breakingnews","12":"tag-elecciones","13":"tag-elecciones-andaluzas","14":"tag-elecciones-castilla-y-leon","15":"tag-es","16":"tag-espana","17":"tag-featured-news","18":"tag-featurednews","19":"tag-gobierno","20":"tag-headlines","21":"tag-latest-news","22":"tag-latestnews","23":"tag-news","24":"tag-noticias","25":"tag-noticias-destacadas","26":"tag-noticiasdestacadas","27":"tag-pedro-sanchez","28":"tag-pp","29":"tag-psoe","30":"tag-santiago-abascal","31":"tag-spain","32":"tag-titulares","33":"tag-ultimas-noticias","34":"tag-ultimasnoticias","35":"tag-ultraderecha","36":"tag-vox"},"share_on_mastodon":{"url":"","error":""},"_links":{"self":[{"href":"https:\/\/www.europesays.com\/es\/wp-json\/wp\/v2\/posts\/157519","targetHints":{"allow":["GET"]}}],"collection":[{"href":"https:\/\/www.europesays.com\/es\/wp-json\/wp\/v2\/posts"}],"about":[{"href":"https:\/\/www.europesays.com\/es\/wp-json\/wp\/v2\/types\/post"}],"author":[{"embeddable":true,"href":"https:\/\/www.europesays.com\/es\/wp-json\/wp\/v2\/users\/2"}],"replies":[{"embeddable":true,"href":"https:\/\/www.europesays.com\/es\/wp-json\/wp\/v2\/comments?post=157519"}],"version-history":[{"count":0,"href":"https:\/\/www.europesays.com\/es\/wp-json\/wp\/v2\/posts\/157519\/revisions"}],"wp:featuredmedia":[{"embeddable":true,"href":"https:\/\/www.europesays.com\/es\/wp-json\/wp\/v2\/media\/157520"}],"wp:attachment":[{"href":"https:\/\/www.europesays.com\/es\/wp-json\/wp\/v2\/media?parent=157519"}],"wp:term":[{"taxonomy":"category","embeddable":true,"href":"https:\/\/www.europesays.com\/es\/wp-json\/wp\/v2\/categories?post=157519"},{"taxonomy":"post_tag","embeddable":true,"href":"https:\/\/www.europesays.com\/es\/wp-json\/wp\/v2\/tags?post=157519"}],"curies":[{"name":"wp","href":"https:\/\/api.w.org\/{rel}","templated":true}]}}