{"id":157521,"date":"2025-10-05T04:31:36","date_gmt":"2025-10-05T04:31:36","guid":{"rendered":"https:\/\/www.europesays.com\/es\/157521\/"},"modified":"2025-10-05T04:31:36","modified_gmt":"2025-10-05T04:31:36","slug":"juezas-y-jueces-para-la-democracia-denuncia-que-israel-violo-el-derecho-internacional-al-apresar-la-flotilla","status":"publish","type":"post","link":"https:\/\/www.europesays.com\/es\/157521\/","title":{"rendered":"Juezas y Jueces para la Democracia denuncia que Israel viol\u00f3 el derecho internacional al apresar la flotilla"},"content":{"rendered":"<p>    MADRID 4 Oct. (EUROPA PRESS) &#8211; <\/p>\n<p>   Juezas y Jueces para la Democracia (JJPD) ha expresado este s\u00e1bado su \u00abm\u00e1s firme condena ante las acciones de agresi\u00f3n\u00bb cometidas esta semana por las Fuerzas Armadas del Estado de Israel contra la flotilla de barcos civiles en aguas internacionales.<\/p>\n<p>   A trav\u00e9s de un comunicado, la asociaci\u00f3n ha defendido que estas actuaciones han supuesto una \u00abvulneraci\u00f3n flagrante\u00bb del principio de libertad de navegaci\u00f3n en Alta Mar, reconocido en los art\u00edculos 87 y 90 de la Convenci\u00f3n de Naciones Unidas sobre Derecho del Mar.<\/p>\n<p>   En un plano m\u00e1s amplio, han apuntado que este incidente se ha unido a los \u00abm\u00e1s que consolidados indicios de cr\u00edmenes\u00bb contra la paz, la humanidad y de genocidio \u00abimputables al ej\u00e9rcito israel\u00ed y documentados por \u00f3rganos y agentes de las Naciones Unidas\u00bb.<\/p>\n<p>    \u00abEs una muestra m\u00e1s del desprecio por las normas de derecho internacional por parte del Estado de Israel y un paso m\u00e1s en su voluntario abandono del concierto de naciones civilizadas que se rigen por las normas de derecho internacional\u00bb, han calificado.<\/p>\n<p>   En esa l\u00ednea, han arremetido tambi\u00e9n contra el modelo de uso de la fuerza indiscriminada frente a civiles: \u00abDe manera masiva, y hasta la fecha tambi\u00e9n impune, mata, detiene arbitrariamente o les condena a la muerte por hambre\u00bb.<\/p>\n<p>    \u00abEs un ejemplo de las consecuencias de la ceguera voluntaria con la que durante a\u00f1os la comunidad internacional ha permitido operar a las fuerzas armadas y el gobierno israel\u00ed\u00bb, han enmarcado.<\/p>\n<p>    Seg\u00fan la asociaci\u00f3n, esa impunidad ha generado una \u00abespiral de ilegalidad\u00bb que amenaza cualquier persona o comunidad que simplemente se oponga o suponga una perturbaci\u00f3n de sus planes il\u00edcitos como es el homicidio de periodistas y, ahora tambi\u00e9n, la detenci\u00f3n ilegal en aguas internacionales de civiles desarmados.<\/p>\n<p>   Por ello, han recordado los preceptos legales de la Convenci\u00f3n de Ginebra de 1949 que establecen que \u00abse permita y garantice el libre paso de todo env\u00edo de medicamentos y de material sanitario, as\u00ed como de objetos necesarios para el culto, destinados \u00fanicamente a la poblaci\u00f3n civil, aunque sea enemiga. Permitir\u00e1, asimismo, el libre paso de todo env\u00edo de v\u00edveres indispensables, de ropa y de t\u00f3nicos reservados para los ni\u00f1os de menos de quince a\u00f1os y para las mujeres encintas o parturientas\u00bb.<\/p>\n<p>   \u00abFlagrante es la ilegalidad de la detenci\u00f3n, como flagrante el incumplimiento de sus obligaciones\u00bb, han subrayado desde JJPD para poner de nuevo el foco en la llamada Flotilla de la Libertad. As\u00ed, han sostenido que, toda vez que el Estado de Israel admite el derecho Internacional Humanitario, debe cumplir con sus obligaciones.<\/p>\n<p>   Para ello, han instado a que todos los gobiernos, el espa\u00f1ol incluido, deben exigir el cumplimiento estricto de las mismas: \u00abTodas las naciones civilizadas de la tierra, Espa\u00f1a incluida, deben exigir las oportunas responsabilidades frente a las atrocidades que, en estos mismos momentos, las fuerzas israel\u00edes est\u00e1n cometiendo en flagrante vulneraci\u00f3n del derecho internacional imperativo\u00bb, han expuesto.<\/p>\n<p>   \u00abS\u00f3lo un derecho internacional cre\u00edble y eficaz es garant\u00eda las condiciones bajo las cuales puedan mantenerse la justicia y el respeto a las obligaciones emanadas de los tratados y de otras fuentes del derecho internacional, como dice el pre\u00e1mbulo de la Carta de Naciones Unidas\u00bb, han argumentado.<\/p>\n<p>    Por eso, desde Juezas y Jueces para la Democracia han exigido la adopci\u00f3n de las medidas necesarias para restablecer el vigor del derecho internacional en defensa de la dignidad humana, ya que hoy se ve \u00abagredida y amenazada por las ileg\u00edtimas acciones\u00bb del gobierno y el ej\u00e9rcito israel\u00ed.<\/p>\n","protected":false},"excerpt":{"rendered":"MADRID 4 Oct. (EUROPA PRESS) &#8211; Juezas y Jueces para la Democracia (JJPD) ha expresado este s\u00e1bado su&hellip;\n","protected":false},"author":2,"featured_media":157522,"comment_status":"","ping_status":"","sticky":false,"template":"","format":"standard","meta":{"footnotes":""},"categories":[5],"tags":[17,18,25,24,13,14,11,19,20,9,10,15,16,23,12,21,22],"class_list":{"0":"post-157521","1":"post","2":"type-post","3":"status-publish","4":"format-standard","5":"has-post-thumbnail","7":"category-titulares","8":"tag-breaking-news","9":"tag-breakingnews","10":"tag-es","11":"tag-espana","12":"tag-featured-news","13":"tag-featurednews","14":"tag-headlines","15":"tag-latest-news","16":"tag-latestnews","17":"tag-news","18":"tag-noticias","19":"tag-noticias-destacadas","20":"tag-noticiasdestacadas","21":"tag-spain","22":"tag-titulares","23":"tag-ultimas-noticias","24":"tag-ultimasnoticias"},"share_on_mastodon":{"url":"","error":""},"_links":{"self":[{"href":"https:\/\/www.europesays.com\/es\/wp-json\/wp\/v2\/posts\/157521","targetHints":{"allow":["GET"]}}],"collection":[{"href":"https:\/\/www.europesays.com\/es\/wp-json\/wp\/v2\/posts"}],"about":[{"href":"https:\/\/www.europesays.com\/es\/wp-json\/wp\/v2\/types\/post"}],"author":[{"embeddable":true,"href":"https:\/\/www.europesays.com\/es\/wp-json\/wp\/v2\/users\/2"}],"replies":[{"embeddable":true,"href":"https:\/\/www.europesays.com\/es\/wp-json\/wp\/v2\/comments?post=157521"}],"version-history":[{"count":0,"href":"https:\/\/www.europesays.com\/es\/wp-json\/wp\/v2\/posts\/157521\/revisions"}],"wp:featuredmedia":[{"embeddable":true,"href":"https:\/\/www.europesays.com\/es\/wp-json\/wp\/v2\/media\/157522"}],"wp:attachment":[{"href":"https:\/\/www.europesays.com\/es\/wp-json\/wp\/v2\/media?parent=157521"}],"wp:term":[{"taxonomy":"category","embeddable":true,"href":"https:\/\/www.europesays.com\/es\/wp-json\/wp\/v2\/categories?post=157521"},{"taxonomy":"post_tag","embeddable":true,"href":"https:\/\/www.europesays.com\/es\/wp-json\/wp\/v2\/tags?post=157521"}],"curies":[{"name":"wp","href":"https:\/\/api.w.org\/{rel}","templated":true}]}}