{"id":157523,"date":"2025-10-05T04:33:10","date_gmt":"2025-10-05T04:33:10","guid":{"rendered":"https:\/\/www.europesays.com\/es\/157523\/"},"modified":"2025-10-05T04:33:10","modified_gmt":"2025-10-05T04:33:10","slug":"feria-de-otono-en-las-ventas-un-petardo-cultura","status":"publish","type":"post","link":"https:\/\/www.europesays.com\/es\/157523\/","title":{"rendered":"Feria de Oto\u00f1o en Las Ventas: \u00a1Un petardo\u2026! | Cultura"},"content":{"rendered":"<p class=\"\">La comparaci\u00f3n con lo m\u00e1s cercano es inevitable. Despu\u00e9s de la buena presencia, la seriedad y los astifinos pitones de los toros de Victoriano del R\u00edo, estos de hoy s\u00e1bado parec\u00edan novilletes de saldo. Si los de ayer produjeron admiraci\u00f3n desde su salida al ruedo, los de Domingo Hern\u00e1ndez ven\u00edan acompa\u00f1ados de l\u00e1stima y desesperaci\u00f3n.<\/p>\n<p>M\u00e1s informaci\u00f3n<\/p>\n<p class=\"\">No era esta una corrida para <a href=\"https:\/\/elpais.com\/noticias\/toros\/\" target=\"_blank\" rel=\"noreferrer nofollow noopener\" title=\"https:\/\/elpais.com\/noticias\/toros\/\">la Feria de Oto\u00f1o de Madrid<\/a>. Toros, los seis, mal presentados, comod\u00edsimos de cara y, encima, mansos, siempre con la cara por las nubes en los caballos, con las fuerzas muy justas, nobles, eso s\u00ed, pero desbordantes de soser\u00eda y ausencia de casta.<\/p>\n<p class=\"\">Y as\u00ed es imposible que un festejo discurra por los cauces de la esperanza en una deseable emoci\u00f3n que se torn\u00f3 imposible desde la salida del primer toro de la tarde.<\/p>\n<p class=\"\">Este que abri\u00f3 plaza no pod\u00eda con su alma y demostr\u00f3 varias veces su manifiesta invalidez sin rubor alguno; el segundo, una birria; el tercero, a medio gas, tan noble como incompleto; el cuarto, el \u00fanico que se justific\u00f3 en varas y repiti\u00f3 con cierto \u00e1nimo en el tercio final; el quinto se vino abajo y el sexto, inservible. Por cierto, el primero y el sexto, los dos de Jarocho, se echaron despu\u00e9s de dos pinchazos, cansados de vivir tan penoso fin de carrera.<\/p>\n<p class=\"\">Confirm\u00f3 su alternativa <a href=\"https:\/\/elpais.com\/cultura\/2024-05-21\/jarocho-el-toreo-al-natural-por-la-puerta-grande.html\" target=\"_self\" rel=\"nofollow noopener\" title=\"https:\/\/elpais.com\/cultura\/2024-05-21\/jarocho-el-toreo-al-natural-por-la-puerta-grande.html\">Jarocho <\/a>despu\u00e9s del buen sabor de boca que dej\u00f3 con la mano izquierda la \u00faltima vez que acudi\u00f3 a esta plaza como novillero; y no ha tenido suerte. Lo ha intentado de veras con el capote, una ver\u00f3nica y media en un quite a su distra\u00eddo primero, y varias capotazos de buen tono del mismo palo al recibir al sexto, pero su labor con la muleta ha sido un intento bald\u00edo de buenas intenciones frente a dos toros imposibles para el m\u00ednimo lucimiento y errores de bulto a la hora de matar.<\/p>\n<p class=\"\">Es un torero elegante, se le notan sus buenas maneras, el gusto y el empaque, pero ninguno de sus toros le permiti\u00f3 ir m\u00e1s all\u00e1 de sus buenos deseos. Un molinete, un par de derechazos y un natural en su primero, y se acab\u00f3 la historia. El sexto, ni eso. Y a los dos los mat\u00f3 mal, se\u00f1al inequ\u00edvoca de que es una asignatura suspendida por el momento.<\/p>\n<p class=\"\">Pablo Aguado es otro torero con prestigio de artista, pero hoy ha tomado los pinceles, se ha colocado delante del cuadro, se lo ha pensado una y otra vez, y no ha llegado m\u00e1s que a dar un par de pinceladas que han quedado solas y huecas. Comenz\u00f3 con buen \u00e1nimo en su primero, con cuatro ver\u00f3nicas templadas que auguraban lo que despu\u00e9s no fue posible; tres derechazos, un airoso molinete y el obligado de pecho fue el inicio de la faena, pero pronto emborron\u00f3 la esperada obra porque el animal se descompuso, el torero no encontraba la colocaci\u00f3n adecuada y todo qued\u00f3 descolorido. Precavido y despegado se mostr\u00f3 ante el quinto, que pronto escurri\u00f3 el bulto y se neg\u00f3 a embestir.<\/p>\n<p class=\"\">Y Talavante\u2026 Este torero est\u00e1 de capa ca\u00edda, no es ni sombra de lo que un d\u00eda fue. Se le ve alejado del ambiente, sin aparente compromiso, como si estuviera fuera de la plaza.<\/p>\n<p class=\"\">Su primero era un pelele y no pudo m\u00e1s que matarlo con celeridad; pero el cuarto fue el \u00fanico que se movi\u00f3 (hab\u00eda cumplido antes en el caballo), y permiti\u00f3 que el torero se relajara e intentara el toreo templado y largo que otrora caracteriz\u00f3 al extreme\u00f1o. Pero no fue as\u00ed. Muchos pases, mantazos, destemplados, desva\u00eddos, solitarios, vac\u00edos, despegados, insulsos, todo ello ejecutado con una frialdad impropia de alguien considerado como figura.<\/p>\n<p class=\"\">Total, que el festejo fue un sopor, un petardo, soportable solo porque ma\u00f1ana, domingo, continua la Feria de Oto\u00f1o y se presenta un cartel (Uceda Leal, Fortes y V\u00edctor Hern\u00e1ndez, con toros de Fuente Ymbro y Puerto de San Lorenzo) cargado de alicientes.<\/p>\n<p>Hern\u00e1ndez\/Talavante, Aguado, Jarocho<\/p>\n<p>Toros de <strong>Domingo Hern\u00e1ndez<\/strong>, -el segundo, devuelto y sustituido por otro del mismo hierro-, mal presentados, muy c\u00f3modos de cara, mansos a excepci\u00f3n del cuarto, que se emple\u00f3 a fondo en el primer encuentro, muy blandos, sosos, nobles y muy descastados.<\/p>\n<p><strong>Alejandro Talavante<\/strong>: pinchazo, estocada y dos descabellos (silencio); pinchazo y estocada baja (silencio).<\/p>\n<p><strong>Pablo Aguado<\/strong>: cuatro pinchazos _aviso_ y media estocada (silencio); bajonazo (silencio).<\/p>\n<p><strong>Jarocho<\/strong>, que confirm\u00f3 la alternativa: dos pinchazos y el toro se echa (silencio); dos pinchazos y el toro se echa (silencio).<\/p>\n<p><strong>Plaza de toros de Las Ventas.<\/strong> Tercera corrida de la Feria de Oto\u00f1o. S\u00e1bado, 4 octubre. Lleno (22.462 espectadores, seg\u00fan la empresa).<\/p>\n","protected":false},"excerpt":{"rendered":"La comparaci\u00f3n con lo m\u00e1s cercano es inevitable. Despu\u00e9s de la buena presencia, la seriedad y los astifinos&hellip;\n","protected":false},"author":2,"featured_media":157524,"comment_status":"","ping_status":"","sticky":false,"template":"","format":"standard","meta":{"footnotes":""},"categories":[277],"tags":[13726,373,2598,209,168,25,24,1485,3728,4037,23,167,374,444],"class_list":{"0":"post-157523","1":"post","2":"type-post","3":"status-publish","4":"format-standard","5":"has-post-thumbnail","7":"category-toreo","8":"tag-alejandro-talavante","9":"tag-bullfighting","10":"tag-corridas-toros","11":"tag-cultura","12":"tag-deportes","13":"tag-es","14":"tag-espana","15":"tag-ferias-taurinas","16":"tag-las-ventas","17":"tag-pablo-aguado","18":"tag-spain","19":"tag-sports","20":"tag-toreo","21":"tag-toros"},"share_on_mastodon":{"url":"","error":""},"_links":{"self":[{"href":"https:\/\/www.europesays.com\/es\/wp-json\/wp\/v2\/posts\/157523","targetHints":{"allow":["GET"]}}],"collection":[{"href":"https:\/\/www.europesays.com\/es\/wp-json\/wp\/v2\/posts"}],"about":[{"href":"https:\/\/www.europesays.com\/es\/wp-json\/wp\/v2\/types\/post"}],"author":[{"embeddable":true,"href":"https:\/\/www.europesays.com\/es\/wp-json\/wp\/v2\/users\/2"}],"replies":[{"embeddable":true,"href":"https:\/\/www.europesays.com\/es\/wp-json\/wp\/v2\/comments?post=157523"}],"version-history":[{"count":0,"href":"https:\/\/www.europesays.com\/es\/wp-json\/wp\/v2\/posts\/157523\/revisions"}],"wp:featuredmedia":[{"embeddable":true,"href":"https:\/\/www.europesays.com\/es\/wp-json\/wp\/v2\/media\/157524"}],"wp:attachment":[{"href":"https:\/\/www.europesays.com\/es\/wp-json\/wp\/v2\/media?parent=157523"}],"wp:term":[{"taxonomy":"category","embeddable":true,"href":"https:\/\/www.europesays.com\/es\/wp-json\/wp\/v2\/categories?post=157523"},{"taxonomy":"post_tag","embeddable":true,"href":"https:\/\/www.europesays.com\/es\/wp-json\/wp\/v2\/tags?post=157523"}],"curies":[{"name":"wp","href":"https:\/\/api.w.org\/{rel}","templated":true}]}}