{"id":157529,"date":"2025-10-05T04:48:09","date_gmt":"2025-10-05T04:48:09","guid":{"rendered":"https:\/\/www.europesays.com\/es\/157529\/"},"modified":"2025-10-05T04:48:09","modified_gmt":"2025-10-05T04:48:09","slug":"la-vacuna-de-la-gripe-no-puede-provocar-la-enfermedad-porque-usa-un-virus-inactivado-es-bulo","status":"publish","type":"post","link":"https:\/\/www.europesays.com\/es\/157529\/","title":{"rendered":"\u00abLa vacuna de la gripe no puede provocar la enfermedad porque usa un virus inactivado. Es bulo\u00bb"},"content":{"rendered":"<p><a class=\"v-mdl-ath__fig-a\" href=\"https:\/\/www.lagacetadesalamanca.es\/autor\/javier-hernandez-5987.html\" title=\"Javier Hern\u00e1ndez\" rel=\"nofollow noopener\" target=\"_blank\"><br \/>\n<img decoding=\"async\" class=\"v-mdl-ath__img\" src=\"https:\/\/www.europesays.com\/es\/wp-content\/uploads\/2025\/08\/autor-5987-foto-1.png\" alt=\"Javier Hern\u00e1ndez\"\/><br \/>\n<\/a><\/p>\n<p class=\"v-mdl-ath__p v-mdl-ath__p--6\">\nDomingo, 5 de octubre 2025, 06:30<\/p>\n<p class=\"v-p\">La <strong>responsable de Medicina Preventiva del Hospital de Salamanca<\/strong> aclara bulos, dudas y novedades de la campa\u00f1a de vacunaci\u00f3n frente a las infecciones respiratorias \u2014<strong>COVID, gripe y virus respiratorio sincitial<\/strong>\u2014 de este invierno.<\/p>\n<p class=\"v-p\"><strong>Castilla y Le\u00f3n empez\u00f3 esta semana a vacunar en residencias. En Sevilla, un brote de COVID y gripe A ha causado varias muertes en una residencia. \u00bfUn triste ejemplo de la importancia de vacunarse?<\/strong><\/p>\n<p class=\"v-p\">\u2014Nosotros llevamos todo el verano teniendo casos de COVID, pero no hemos tenido un repunte ni una incidencia m\u00e1s elevada. Todav\u00eda no ha empezado la epidemia de gripe, porque el periodo epid\u00e9mico de la gripe y las enfermedades respiratorias en general es a partir de octubre y, concretamente, la gripe suele empezar en diciembre. No es que vayamos tarde con la vacuna. Vamos bien. No ha empezado todav\u00eda ning\u00fan pico epid\u00e9mico ni ning\u00fan brote, salvo en sitios muy localizados.<\/p>\n<p class=\"v-p\"><strong>Entre quienes rechazan vacunarse abunda la explicaci\u00f3n de que lo hacen porque la vacuna les genera algo similar a un resfriado que les dura semanas.<\/strong><\/p>\n<p class=\"v-p\">\u2014Esa es la excusa que utilizan los que no se quieren vacunar. La verdad es que las vacunas inactivadas, como la de la gripe, no tienen posibilidad de causar la enfermedad porque utilizan virus inactivados. Esos cuadros pseudogripales que a veces aparecen despu\u00e9s de la vacuna forman parte de los efectos secundarios. Pero no es que la vacuna cause gripe, sino que son efectos secundarios descritos en la ficha: dolor en la zona de la inyecci\u00f3n y, despu\u00e9s, cefalea, artralgias, mialgias\u2026 Hablamos de un cuadro autolimitado. Normalmente, los s\u00edntomas duran entre 12 y 48 horas sin necesitar ning\u00fan tipo de tratamiento. Si la gente habla de s\u00edntomas que duran semanas, entonces no es debido a la vacuna, sino a otra cosa.<\/p>\n<p class=\"v-p\"><strong>Los expertos dicen que la incidencia de la gripe en el hemisferio sur ha sido moderada. \u00bfPodemos confiar en que en Europa tambi\u00e9n ser\u00e1 as\u00ed?<\/strong><\/p>\n<p class=\"v-p\">\u2014En el hemisferio sur, la gripe empieza antes y ya hay datos epidemiol\u00f3gicos publicados, pero no nos podemos fiar de que lo que ocurri\u00f3 all\u00ed se repita en el hemisferio norte, porque pueden ser virus diferentes. Adem\u00e1s, el virus de la gripe es un virus que muta muy f\u00e1cilmente y muy r\u00e1pidamente. Es verdad que en el hemisferio sur parece que ha sido m\u00e1s leve, pero eso no significa que en el hemisferio norte vayamos a tener la misma evoluci\u00f3n.<\/p>\n<p class=\"v-p\"><strong>Tambi\u00e9n es habitual que las personas hagan c\u00e1lculos sobre cu\u00e1ndo es mejor vacunarse para tener la inmunidad a tope cuando llegue el pico. \u00bfHay alguna recomendaci\u00f3n al respecto?<\/strong><\/p>\n<p class=\"v-p\">\u2014En las enfermedades estacionales hay que vacunarse para estar protegido en el momento en que se prev\u00e9 que pueda aparecer la enfermedad. Con la gripe, que es un virus que muta mucho, puede suceder que vacunes ahora y en abril contraigas la gripe porque sea un virus diferente que no est\u00e9 incluido en la vacuna, o porque haya mutado. Por lo tanto, la recomendaci\u00f3n es vacunarse cuando las autoridades lo indican. La vacuna de la gripe proporciona inmunidad durante aproximadamente seis meses. Despu\u00e9s de ese periodo, la efectividad se va reduciendo. A lo mejor llega abril y ya no tienes la misma protecci\u00f3n, por lo que conviene vacunarse en los tiempos indicados. Con la COVID es diferente, porque ya no es un virus estacional; dura todo el a\u00f1o y te puedes vacunar en cualquier momento.<\/p>\n<p class=\"v-p\"><strong>\u00bfEn pacientes con el sistema inmune debilitado, conviene medir m\u00e1s el mes en que se recibe la vacunaci\u00f3n?<\/strong><\/p>\n<p class=\"v-p\">\u2014La duraci\u00f3n de la inmunidad protege aproximadamente durante los seis primeros meses tras la vacunaci\u00f3n, con lo cual, durante la \u00e9poca en que se prev\u00e9 gripe, est\u00e1s protegido. En pacientes muy concretos, si son muy inmunodeprimidos, a veces se recomienda poner una segunda dosis pasados cuatro meses.<\/p>\n<p class=\"v-p\"><strong>Lo que parece claro es que de la vacuna de la COVID apenas hablamos y ha pasado a ser secundaria.<\/strong><\/p>\n<p class=\"v-p\">\u2014Hay algo muy claro: lo que no sale en las noticias parece que no existe, pero tambi\u00e9n es verdad que la epidemiolog\u00eda de la COVID ha cambiado. Ya no vemos casos tan graves como antes, y la tasa de mortalidad es mucho menor, gracias a que la mayor parte de la poblaci\u00f3n est\u00e1 vacunada. Ahora la gente piensa: \u00ab\u00bfpara qu\u00e9 me vacuno si ya no hay COVID?\u00bb Es que, a lo mejor, si no te hubieras vacunado antes, no estar\u00edas aqu\u00ed.<\/p>\n<p class=\"v-p\"><strong>\u00bfLa vacuna de la COVID que se inyectar\u00e1 este a\u00f1o es diferente a la del a\u00f1o anterior?<\/strong><\/p>\n<p class=\"v-p\">\u2014S\u00ed, la vacuna de este a\u00f1o lleva una cepa actualizada, que es la \u00faltima que estaba circulando cuando se fabricaron las vacunas, concretamente la LP8.1. No es la misma vacuna que se utiliz\u00f3 en la campa\u00f1a anterior, sino que est\u00e1 adaptada a las \u00faltimas variantes en circulaci\u00f3n.<\/p>\n<p class=\"v-p\"><strong>Que desde hace a\u00f1os parece seguir siendo \u00d3micron.<\/strong><\/p>\n<p class=\"v-p\">\u2014Efectivamente, pero tiene linajes diferentes. Es la misma variante, pero con linajes distintos. Y eso es lo que hay que ir adaptando en las vacunas.<\/p>\n<p class=\"v-p\"><strong>Lo que parece una gran noticia es la efectividad del Nirsevimab para la bronquiolitis en menores.<\/strong><\/p>\n<p class=\"v-p\">\u2014El Nirsevimab no es una vacuna. Es una inmunizaci\u00f3n pasiva, no activa, y actualmente est\u00e1 indicada solo para reci\u00e9n nacidos y menores de dos a\u00f1os con factores de riesgo, porque son quienes presentan los casos graves de VRS, que requieren hospitalizaci\u00f3n y, aunque sean pocos, podr\u00eda haber fallecimientos. Funciona de maravilla. En el hospital, desde que se empez\u00f3 a administrar, hemos visto un descenso important\u00edsimo de los ingresos de ni\u00f1os que antes ingresaban con infecci\u00f3n por VRS. El a\u00f1o pasado se not\u00f3 clar\u00edsimamente.<\/p>\n<p class=\"v-p\"><strong>A los mayores en residencias tambi\u00e9n se les va a proteger frente al VRS.<\/strong><\/p>\n<p class=\"v-p\">\u2014Pero no con Nirsevimab. No es el mismo medicamento. En los mayores se utiliza una vacuna frente al VRS: una de las tres vacunas autorizadas para mayores de 60 a\u00f1os, o mayores de 50 si tienen factores de riesgo.<\/p>\n<p class=\"v-p\"><strong>El mensaje de los expertos es que no se haga caso a las habladur\u00edas y que la poblaci\u00f3n de riesgo se vacune.<\/strong><\/p>\n<p class=\"v-p\">\u2014Efectivamente. Lo primero es que, ante la duda, pregunten a los profesionales. Lo segundo es que las vacunas inactivadas, como la de la gripe, no tienen la capacidad de producir la enfermedad.<\/p>\n<p>Reporta un error<\/p>\n","protected":false},"excerpt":{"rendered":"Domingo, 5 de octubre 2025, 06:30 La responsable de Medicina Preventiva del Hospital de Salamanca aclara bulos, dudas&hellip;\n","protected":false},"author":2,"featured_media":157530,"comment_status":"","ping_status":"","sticky":false,"template":"","format":"standard","meta":{"footnotes":""},"categories":[92],"tags":[24047,2996,25,24,7749,165,47006,18313,789,166,23,4450,8177,2275],"class_list":{"0":"post-157529","1":"post","2":"type-post","3":"status-publish","4":"format-standard","5":"has-post-thumbnail","7":"category-salud","8":"tag-bulo","9":"tag-enfermedad","10":"tag-es","11":"tag-espana","12":"tag-gripe","13":"tag-health","14":"tag-inactivado","15":"tag-provocar","16":"tag-puede","17":"tag-salud","18":"tag-spain","19":"tag-usa","20":"tag-vacuna","21":"tag-virus"},"share_on_mastodon":{"url":"","error":""},"_links":{"self":[{"href":"https:\/\/www.europesays.com\/es\/wp-json\/wp\/v2\/posts\/157529","targetHints":{"allow":["GET"]}}],"collection":[{"href":"https:\/\/www.europesays.com\/es\/wp-json\/wp\/v2\/posts"}],"about":[{"href":"https:\/\/www.europesays.com\/es\/wp-json\/wp\/v2\/types\/post"}],"author":[{"embeddable":true,"href":"https:\/\/www.europesays.com\/es\/wp-json\/wp\/v2\/users\/2"}],"replies":[{"embeddable":true,"href":"https:\/\/www.europesays.com\/es\/wp-json\/wp\/v2\/comments?post=157529"}],"version-history":[{"count":0,"href":"https:\/\/www.europesays.com\/es\/wp-json\/wp\/v2\/posts\/157529\/revisions"}],"wp:featuredmedia":[{"embeddable":true,"href":"https:\/\/www.europesays.com\/es\/wp-json\/wp\/v2\/media\/157530"}],"wp:attachment":[{"href":"https:\/\/www.europesays.com\/es\/wp-json\/wp\/v2\/media?parent=157529"}],"wp:term":[{"taxonomy":"category","embeddable":true,"href":"https:\/\/www.europesays.com\/es\/wp-json\/wp\/v2\/categories?post=157529"},{"taxonomy":"post_tag","embeddable":true,"href":"https:\/\/www.europesays.com\/es\/wp-json\/wp\/v2\/tags?post=157529"}],"curies":[{"name":"wp","href":"https:\/\/api.w.org\/{rel}","templated":true}]}}