{"id":157531,"date":"2025-10-05T04:49:10","date_gmt":"2025-10-05T04:49:10","guid":{"rendered":"https:\/\/www.europesays.com\/es\/157531\/"},"modified":"2025-10-05T04:49:10","modified_gmt":"2025-10-05T04:49:10","slug":"estos-dos-rumberos-rockeros-ofrecen-gloria-bendita-para-la-musica-espanola-cultura","status":"publish","type":"post","link":"https:\/\/www.europesays.com\/es\/157531\/","title":{"rendered":"Estos dos rumberos rockeros ofrecen gloria bendita para la m\u00fasica espa\u00f1ola | Cultura"},"content":{"rendered":"<p class=\"\">Drama: no encuentran papelillos para fumar. Se palpan los dos sus chaquetas, pero nada. Buscan con los ojos alg\u00fan estanco o bazar donde comprar. Ninguno de estos establecimientos a la vista. \u201cEy, sab\u00eda que los ten\u00eda en alg\u00fan lugar\u201d, anuncia de repente \u00cd\u00f1igo Bregel, con la misma alegr\u00eda que le producir\u00eda encontrar su tarjeta visa que cre\u00eda extraviada, y saca los ansiados papelillos de un bolsillo del pantal\u00f3n. <a href=\"https:\/\/elpais.com\/cultura\/2016\/11\/09\/actualidad\/1478696892_871580.html\" target=\"_self\" rel=\"nofollow noopener\" title=\"https:\/\/elpais.com\/cultura\/2016\/11\/09\/actualidad\/1478696892_871580.html\">El Canijo de Jerez respira aliviado.<\/a> \u201c\u00bfPodemos posar con un porro?\u201d, pregunta al fot\u00f3grafo de EL PA\u00cdS. Son las 18.00 y la tarde luce agradable en el centro de Madrid. Los dos m\u00fasicos se desperezan despu\u00e9s de una noche larga que no acab\u00f3 hasta las cinco de la madrugada. Se han puesto unos trajes de rumberos setenteros: de corte entallado, color ocre, con cuellos exagerados. Al Canijo el pantal\u00f3n le queda grande, a Bregel, que mide 1,93, peque\u00f1o. Compr\u00f3 los trajes por Amazon la prima del Canijo. As\u00ed de chiripitifl\u00e1utico es todo con estos tipos. <\/p>\n<p class=\"\">\u00cd\u00f1igo Bregel (Santander, 34 a\u00f1os) y El Canijo de Jerez (Jerez de la Frontera, C\u00e1diz, 43 a\u00f1os) han formado una sociedad de fuste. Bregel ejerce de <a href=\"https:\/\/elpais.com\/ccaa\/2019\/05\/16\/madrid\/1557992427_177940.html\" target=\"_self\" rel=\"nofollow noopener\" title=\"https:\/\/elpais.com\/ccaa\/2019\/05\/16\/madrid\/1557992427_177940.html\">cabecilla del grupo Los Estanques,<\/a> una formaci\u00f3n singular que permea su m\u00fasica de psicodelia, pero sin notarse demasiado: no pretenden ser raros porque s\u00ed. La parte gaditana de este proyecto es bien conocida: El Canijo (Marcos del Ojo, de nacimiento) form\u00f3 Los Delinq\u00fcentes <a href=\"https:\/\/elpais.com\/cultura\/2025-02-21\/los-delinquentes-vuelven-a-los-escenarios-15-anos-despues-y-contaran-con-el-fallecido-migue-en-pantalla.html\" target=\"_self\" rel=\"nofollow noopener\" title=\"https:\/\/elpais.com\/cultura\/2025-02-21\/los-delinquentes-vuelven-a-los-escenarios-15-anos-despues-y-contaran-con-el-fallecido-migue-en-pantalla.html\">(banda que vuelve despu\u00e9s de 15 a\u00f1os con una gira en 2026<\/a>), ha sido parte de superbandas como La Pandilla Voladora o G5 y lleva una ascendente carrera en solitario. Lo que se traen entre manos ahora se llama L\u00e1grimas de plomo fundido, un disco con mucha chicha que firman as\u00ed de directo: Los Estanques y El Canijo de Jerez. <\/p>\n<p><img decoding=\"auto\" class=\"_re lazyload a_m-h\" height=\"277\"  width=\"414\"  src=\"https:\/\/www.europesays.com\/es\/wp-content\/uploads\/2025\/10\/ZKYFRNR6NRHG5NDDY7543VZBMY.jpg\" loading=\"lazy\"\/>El Canijo de Jerez y Los Estanques est\u00e1n de gira desde ya y hasta bien entrado 2026. Aqu\u00ed posan la semana pasada en Madrid. \u00c1lvaro Garc\u00eda<\/p>\n<p class=\"\">Han terminado las fotograf\u00edas callejeras y ahora estamos en un pisito que han alquilado los dos en <a href=\"https:\/\/elpais.com\/elviajero\/2012\/11\/15\/actualidad\/1352979006_943284.html\" target=\"_self\" rel=\"nofollow noopener\" title=\"https:\/\/elpais.com\/elviajero\/2012\/11\/15\/actualidad\/1352979006_943284.html\">el barrio de La Latina<\/a> para pasar unos d\u00edas piratas en Madrid. Despu\u00e9s, regreso al hogar, en su tierra: el c\u00e1ntabro a San Miguel de Meruelo y el gaditano en Chiclana, donde le espera su hijo de un a\u00f1o y medio. El aderezo durante la charla ser\u00e1 el mismo con el que nos recibieron: petardos, con la incorporaci\u00f3n de alguna cerveza. \u201cSomos grandes amantes de la cultura del cannabis, nos acompa\u00f1a, es nuestra vida cotidiana. Ojo, no hacemos apolog\u00eda: \u2018Chicos, no hag\u00e1is esto en casa, por favor\u2019 [se est\u00e1n liando un porro]. Pero para nosotros es algo innato\u201d. Lo dejan bien claro en sus composiciones: una de las canciones <a href=\"https:\/\/www.youtube.com\/watch?v=lSc4RuEwuzo&amp;list=RDlSc4RuEwuzo&amp;start_radio=1\" target=\"_self\" rel=\"nofollow noopener\" title=\"https:\/\/www.youtube.com\/watch?v=lSc4RuEwuzo&amp;list=RDlSc4RuEwuzo&amp;start_radio=1\">del disco se llama Fumata grupal,<\/a> y tanto las bebidas espirituosas como la marihuana surgen aqu\u00ed y all\u00e1 en las letras del \u00e1lbum. <\/p>\n<p>M\u00e1s informaci\u00f3n<\/p>\n<p class=\"\">C\u00f3mo una banda de corte indie y un rumbero han confluido dice mucho de su enfermiza meloman\u00eda. Lo cuenta el Canijo. \u201cContactamos por Instagram y vinieron a verme a un concierto en 2021, en Madrid. Le dije a \u00cd\u00f1igo: \u2018A m\u00ed me gusta mucho Triana\u2019, y \u00e9l me respondi\u00f3, \u2018a m\u00ed tambi\u00e9n, <a href=\"https:\/\/www.youtube.com\/watch?v=Q7_BrM9SV8w&amp;list=RDQ7_BrM9SV8w&amp;start_radio=1\" target=\"_self\" rel=\"nofollow noopener\" title=\"https:\/\/www.youtube.com\/watch?v=Q7_BrM9SV8w&amp;list=RDQ7_BrM9SV8w&amp;start_radio=1\">pero me gustan m\u00e1s Nuevos Tiempos\u2019,<\/a> que era el anterior grupo de Jes\u00fas de la Rosa. Joer, si conoces a ese grupo vamos a conectar seguro. Y luego hablamos de Los M\u00f3dulos, de Smash o de Vanilla Fudge, uno de los grupos favoritos de mi padre. <a href=\"https:\/\/www.youtube.com\/watch?v=3dJO47d26kc&amp;list=RD3dJO47d26kc&amp;start_radio=1\" target=\"_self\" rel=\"nofollow noopener\" title=\"https:\/\/www.youtube.com\/watch?v=3dJO47d26kc&amp;list=RD3dJO47d26kc&amp;start_radio=1\">Su canci\u00f3n You Keep Me Hanging On<\/a> la hemos escuchado 30 veces mientras grab\u00e1bamos el disco\u201d.<\/p>\n<p><img decoding=\"auto\" class=\"_re lazyload a_m-v\" height=\"621\"  width=\"414\"  src=\"https:\/\/www.europesays.com\/es\/wp-content\/uploads\/2025\/10\/C6CUMIXBS5DK3AH44OUIC7ZGGA.jpg\" loading=\"lazy\"\/>\u00abYa estamos hablando de grabar algo tipo &#8216;Tommy&#8217;, de los Who, un disco conceptual\u201d, afirman. El Canijo de Jerez (en primero t\u00e9rmino) e \u00cd\u00f1igo Bregel, la semana pasada en Madrid. \u00c1lvaro Garc\u00eda<\/p>\n<p class=\"\">La chispa que puso en marcha esta asociaci\u00f3n se atribuye a El murmullo de los perros, una canci\u00f3n que el Canijo le pas\u00f3 a Bregel. \u201cApenas era una melod\u00eda y me la devolvi\u00f3 con todos los instrumentos. Alucin\u00e9, quillo, con esos teclados en plan La leyenda del tiempo, y esos patrones de bater\u00eda, como tocaba El Tacita, que era el de La leyenda del tiempo y Veneno. Se lo ense\u00f1\u00e9 a mis colegas de Jerez y me dijeron: \u2018Pero qui\u00e9n co\u00f1o es ese t\u00edo&#8230;\u201d. Ese t\u00edo es \u00cd\u00f1igo Bregel, un encarnizado defensor de los sonidos setenteros. \u201cSon los discos que escuchaba mi padre en casa, sobre todo rock americano. Es la Biblia para m\u00ed: un sonido c\u00e1lido, como el de la bater\u00eda, que te pega bien, pero es elegante. Los discos de los setenta suenan todos bien. Creo que se debe a que hab\u00eda equipos muy buenos y profesionales preparados: cacharros potentes y gente que los sab\u00eda utilizar\u201d, argumenta el cabecilla de Los Estanques. <\/p>\n<p class=\"\">La conversaci\u00f3n lleva a las profundidades de la m\u00fasica espa\u00f1ola. Bregel habla de Ibio, un grupo c\u00e1ntabro de rock progresivo que <a href=\"https:\/\/www.youtube.com\/watch?v=ztVg4gcV27k&amp;list=PLIc-qri7bznucx296NU40TtLSqA-XM64t\" target=\"_self\" rel=\"nofollow noopener\" title=\"https:\/\/www.youtube.com\/watch?v=ztVg4gcV27k&amp;list=PLIc-qri7bznucx296NU40TtLSqA-XM64t\">grab\u00f3 en 1978 un disco, Cuevas de Altamira,<\/a> que califica como \u201calucinante\u201d. Se reivindica a Bloque, el primer disco de Boston (el que contiene More Than a Feeling)\u2026 Una de las canciones del \u00e1lbum, Estamos listos para golpear, recuerda a los estribillos rockeros y juerguistas de Ob\u00fas. Ellos lo reconocen: \u201cDe hecho hemos grabado un v\u00eddeo que <a href=\"https:\/\/www.youtube.com\/watch?v=6FfBJrGP-Ug&amp;list=RD6FfBJrGP-Ug&amp;start_radio=1\" target=\"_self\" rel=\"nofollow noopener\" title=\"https:\/\/www.youtube.com\/watch?v=6FfBJrGP-Ug&amp;list=RD6FfBJrGP-Ug&amp;start_radio=1\">imita el de Va a estallar el Ob\u00fas\u201d.<\/a> <\/p>\n<p class=\"\">Obligado abordar la colaboraci\u00f3n de Gualberto Garc\u00eda, figura monumental en la fusi\u00f3n del flamenco con el rock, <a href=\"https:\/\/elpais.com\/diario\/2003\/10\/22\/andalucia\/1066774951_850215.html\" target=\"_self\" rel=\"nofollow noopener\" title=\"https:\/\/elpais.com\/diario\/2003\/10\/22\/andalucia\/1066774951_850215.html\">miembro de los pioneros Smash<\/a> y colaborador de los discos m\u00e1s arriesgados de Camar\u00f3n. El sevillano, de 80 a\u00f1os, protagoniza con su sitar y su guitarra el\u00e9ctrica la introducci\u00f3n y el colof\u00f3n de L\u00e1grimas de plomo fundido. Canijo guardaba su contacto, porque particip\u00f3 en alg\u00fan disco de Los Delinq\u00fcentes. \u201cEst\u00e1bamos en el estudio con los petas y las cervezas [c\u00f3mo no] y dijimos: \u2018Vamos a llamar a Gualberto\u2019. Sin mucha esperanza. Pero se puso y estuvimos tres horas hablando, con el manos libres. Se nos gast\u00f3 hasta la bater\u00eda del m\u00f3vil\u201d. Dicen que Gualberto les cont\u00f3 que vio <a href=\"https:\/\/www.youtube.com\/watch?v=4TgbWOy6Buk\" target=\"_self\" rel=\"nofollow noopener\" title=\"https:\/\/www.youtube.com\/watch?v=4TgbWOy6Buk\">a Jimi Hendrix en Woodstock, <\/a>que fue amigo de los Young Rascal y de Jerry Garcia (Grateful Dead)\u2026 \u201cy que un d\u00eda ense\u00f1\u00f3 a tocar tanguillos a Frank Zappa\u201d. Ocurri\u00f3 en la Carboner\u00eda, un bar de Sevilla. <\/p>\n<p class=\"\">Lo destacado de L\u00e1grimas de plomo fundido es que no flojea en lo que debilita a los \u00e1lbumes colaborativos. Aqu\u00ed las voces de los dos no se abren paso a codazos: \u00cd\u00f1igo y Canijo se pasan el testigo con total naturalidad; de hecho, se escucha como una banda con dos cantantes, cada uno aportando su singularidad. El repertorio fluye de forma sorpresiva, y una canci\u00f3n puede empezar con detalles de pop psicod\u00e9lico para luego sonar a Los Chichos setenteros. \u00bfMezclamos a Camar\u00f3n con Extremoduro? Por qu\u00e9 no. \u00bfY a Triana con los Beatles? Venga, vamos. Es un trabajo que le da una vuelta al concepto de m\u00fasica popular espa\u00f1ola. <\/p>\n<p class=\"\">\u00bfSe va a ce\u00f1ir esta fruct\u00edfera sociedad a un solo disco? <a href=\"https:\/\/elcanijodejerez.com\/conciertos\/\" target=\"_self\" rel=\"nofollow noopener\" title=\"https:\/\/elcanijodejerez.com\/conciertos\/\">De momento lo presentan en una gira que se extiende hasta 2026.<\/a> \u201cY hasta donde nos lleve la m\u00fasica. Porque ya estamos hablando de grabar algo tipo Tommy, de los Who, un disco conceptual\u201d. Contin\u00faan enzarzados en divagaciones musicales. Les dejamos con su fumata grupal&#8230;<\/p>\n","protected":false},"excerpt":{"rendered":"Drama: no encuentran papelillos para fumar. Se palpan los dos sus chaquetas, pero nada. Buscan con los ojos&hellip;\n","protected":false},"author":2,"featured_media":157532,"comment_status":"","ping_status":"","sticky":false,"template":"","format":"standard","meta":{"footnotes":""},"categories":[91],"tags":[47007,218,209,20062,146,147,25,24,21388,11925,45010,47008,45009,185,1273,23,5117],"class_list":{"0":"post-157531","1":"post","2":"type-post","3":"status-publish","4":"format-standard","5":"has-post-thumbnail","7":"category-entretenimiento","8":"tag-camaron-de-la-isla","9":"tag-canciones","10":"tag-cultura","11":"tag-discos-musica","12":"tag-entertainment","13":"tag-entretenimiento","14":"tag-es","15":"tag-espana","16":"tag-extremoduro","17":"tag-flamenco","18":"tag-kiko-veneno","19":"tag-los-chichos","20":"tag-los-delinquentes","21":"tag-musica","22":"tag-rock","23":"tag-spain","24":"tag-triana"},"share_on_mastodon":{"url":"","error":""},"_links":{"self":[{"href":"https:\/\/www.europesays.com\/es\/wp-json\/wp\/v2\/posts\/157531","targetHints":{"allow":["GET"]}}],"collection":[{"href":"https:\/\/www.europesays.com\/es\/wp-json\/wp\/v2\/posts"}],"about":[{"href":"https:\/\/www.europesays.com\/es\/wp-json\/wp\/v2\/types\/post"}],"author":[{"embeddable":true,"href":"https:\/\/www.europesays.com\/es\/wp-json\/wp\/v2\/users\/2"}],"replies":[{"embeddable":true,"href":"https:\/\/www.europesays.com\/es\/wp-json\/wp\/v2\/comments?post=157531"}],"version-history":[{"count":0,"href":"https:\/\/www.europesays.com\/es\/wp-json\/wp\/v2\/posts\/157531\/revisions"}],"wp:featuredmedia":[{"embeddable":true,"href":"https:\/\/www.europesays.com\/es\/wp-json\/wp\/v2\/media\/157532"}],"wp:attachment":[{"href":"https:\/\/www.europesays.com\/es\/wp-json\/wp\/v2\/media?parent=157531"}],"wp:term":[{"taxonomy":"category","embeddable":true,"href":"https:\/\/www.europesays.com\/es\/wp-json\/wp\/v2\/categories?post=157531"},{"taxonomy":"post_tag","embeddable":true,"href":"https:\/\/www.europesays.com\/es\/wp-json\/wp\/v2\/tags?post=157531"}],"curies":[{"name":"wp","href":"https:\/\/api.w.org\/{rel}","templated":true}]}}