{"id":157536,"date":"2025-10-05T04:53:09","date_gmt":"2025-10-05T04:53:09","guid":{"rendered":"https:\/\/www.europesays.com\/es\/157536\/"},"modified":"2025-10-05T04:53:09","modified_gmt":"2025-10-05T04:53:09","slug":"el-limbo-de-las-primeras-damas-sin-reglas-a-las-que-atenerse-en-la-moncloa-espana","status":"publish","type":"post","link":"https:\/\/www.europesays.com\/es\/157536\/","title":{"rendered":"El limbo de las \u2018primeras damas\u2019: sin reglas a las que atenerse en La Moncloa | Espa\u00f1a"},"content":{"rendered":"<p class=\"\">Ninguna de las esposas de los siete presidentes del Gobierno desde las primeras elecciones democr\u00e1ticas tras la dictadura ha seguido un manual o estatuto espec\u00edfico porque no lo hay. Cada una ha hecho lo que ha estimado conveniente con su carrera profesional. Unas pidieron excedencias y abandonaron sus respectivos trabajos; otras decidieron mantenerlos; todas tuvieron a su disposici\u00f3n asistentes sufragados por La Moncloa. Alguna vez ha surgido alguna pol\u00e9mica, como puede comprobarse en los diarios de sesiones del Congreso y del Senado, donde lleg\u00f3 a discutirse el uso de una piscina de la Guardia Civil, el s\u00e9quito o los motivos de alg\u00fan viaje o entrevista, pero nunca hab\u00edan llegado tan lejos como hasta ahora, cuando <a href=\"https:\/\/elpais.com\/noticias\/juan-carlos-peinado-garcia\/\" target=\"_self\" rel=\"nofollow noopener\" title=\"https:\/\/elpais.com\/noticias\/juan-carlos-peinado-garcia\/\">el juez Juan Carlos Peinado <\/a>acusa a Bego\u00f1a G\u00f3mez, la mujer de Pedro S\u00e1nchez, de cinco delitos (malversaci\u00f3n, tr\u00e1fico de influencias, corrupci\u00f3n en los negocios, apropiaci\u00f3n indebida de marca e intrusismo profesional) y el PP habla m\u00e1s de ella que del propio Santos Cerd\u00e1n, ex secretario de Organizaci\u00f3n del PSOE <a href=\"https:\/\/elpais.com\/espana\/2025-06-30\/cerdan-niega-haber-cobrado-comisiones-y-se-presenta-como-victima-de-una-persecucion-por-haber-negociado-la-investidura-de-sanchez.html\" target=\"_self\" rel=\"nofollow noopener\" title=\"https:\/\/elpais.com\/espana\/2025-06-30\/cerdan-niega-haber-cobrado-comisiones-y-se-presenta-como-victima-de-una-persecucion-por-haber-negociado-la-investidura-de-sanchez.html\">en prisi\u00f3n preventiva desde junio<\/a> acusado de ser pieza clave en una trama de corrupci\u00f3n y mordidas millonarias. <\/p>\n<p class=\"\">El caso parte de una denuncia presentada en abril de 2024 por el pseudosindicato ultra <a href=\"https:\/\/elpais.com\/noticias\/manos-limpias\/\" target=\"_blank\" rel=\"nofollow noopener\" title=\"https:\/\/elpais.com\/noticias\/manos-limpias\/\">Manos Limpias<\/a> que conten\u00eda informaciones falsas, como que el Gobierno ocultaba el importe de una subvenci\u00f3n a nombre de Bego\u00f1a G\u00f3mez. El nombre, efectivamente, coincid\u00eda, pero la ayuda no hab\u00eda sido para la c\u00f3nyuge del presidente, sino para una hostelera, lo que no ha impedido que The Objective siga ilustrando la supuesta noticia con una fotograf\u00eda de la esposa de S\u00e1nchez. M\u00e1s de un a\u00f1o y medio despu\u00e9s y tras la declaraci\u00f3n de un centenar de testigos, el juez de instrucci\u00f3n \u2014que <a href=\"https:\/\/elpais.com\/espana\/2025-07-16\/el-juez-peinado-encaja-otro-reves-en-una-instruccion-corregida-por-todas-las-instancias-superiores.html\" target=\"_self\" rel=\"nofollow noopener\" title=\"https:\/\/elpais.com\/espana\/2025-07-16\/el-juez-peinado-encaja-otro-reves-en-una-instruccion-corregida-por-todas-las-instancias-superiores.html\">ha recibido sucesivos reproches por excesos se\u00f1alados por tribunales superiores<\/a>\u2014 considera que G\u00f3mez debe ser juzgada por un jurado popular. Por un lado, por sus v\u00ednculos con el empresario Juan Carlos Barrab\u00e9s, que encabeza una serie de empresas que recibieron contratos p\u00fablicos y que est\u00e1 relacionado con la c\u00e1tedra y el m\u00e1ster que ella codirig\u00eda en la Universidad Complutense de Madrid. Y por otro, porque su asesora en La Moncloa, Cristina \u00c1lvarez, envi\u00f3 correos electr\u00f3nicos a empresas que colaboraban con G\u00f3mez. <\/p>\n<p class=\"\">El magistrado <a href=\"https:\/\/elpais.com\/espana\/2025-08-02\/del-sexenio-de-escandalos-de-la-era-rajoy-al-caso-cerdan-las-grietas-del-sistema-frente-a-la-corrupcion.html\" target=\"_self\" rel=\"nofollow noopener\" title=\"https:\/\/elpais.com\/espana\/2025-08-02\/del-sexenio-de-escandalos-de-la-era-rajoy-al-caso-cerdan-las-grietas-del-sistema-frente-a-la-corrupcion.html\">Joaquim Bosch<\/a>, autor del libro <a href=\"https:\/\/elpais.com\/espana\/2022-01-19\/joaquim-bosch-perseguimos-en-bici-a-corruptos-que-huyen-en-mercedes.html\" target=\"_self\" rel=\"nofollow noopener\" title=\"https:\/\/elpais.com\/espana\/2022-01-19\/joaquim-bosch-perseguimos-en-bici-a-corruptos-que-huyen-en-mercedes.html\">La patria en la cartera. Pasado y presente de la corrupci\u00f3n en Espa\u00f1a<\/a> (Ariel, 2022), cree que \u201cel problema ha surgido ahora y no antes por el nivel de crispaci\u00f3n pol\u00edtica actual\u201d y recuerda que \u201cMariano Rajoy [en 2015 fue denunciado por malversaci\u00f3n porque gastos derivados del cuidado de su padre fueron sufragados por La Moncloa] no tuvo el mismo trato jur\u00eddico que Bego\u00f1a G\u00f3mez, cuando gran parte de los argumentos esgrimidos por el Supremo para el archivo son aplicables al caso de la esposa de S\u00e1nchez [El tribunal rechaz\u00f3 las denuncias contra Rajoy porque se sustentaban en \u201cinformaciones period\u00edsticas sin aportar ning\u00fan dato objetivo adicional\u201d]\u201c. El juez no cuestiona el origen de la causa contra G\u00f3mez, \u201cni que se haga una investigaci\u00f3n sobre lo que la Audiencia ha dicho que s\u00ed era investigable\u201d. \u201cLo que ocurre\u201d, a\u00f1ade, \u201ces que en este caso, al contrario que en otros de un impacto medi\u00e1tico similar, como el del <a href=\"https:\/\/elpais.com\/noticias\/david-sanchez-perez-castejon\/\" target=\"_self\" rel=\"nofollow noopener\" title=\"https:\/\/elpais.com\/noticias\/david-sanchez-perez-castejon\/\">hermano de S\u00e1nchez<\/a>, el de<a href=\"https:\/\/elpais.com\/espana\/comunidad-valenciana\/2025-10-02\/la-jueza-de-la-dana-pide-a-la-generalitat-informacion-sobre-el-ultimo-temporal.html\" target=\"_self\" rel=\"nofollow noopener\" title=\"https:\/\/elpais.com\/espana\/comunidad-valenciana\/2025-10-02\/la-jueza-de-la-dana-pide-a-la-generalitat-informacion-sobre-el-ultimo-temporal.html\"> la dana<\/a>, o el de<a href=\"https:\/\/elpais.com\/noticias\/alberto-gonzalez-amador\/\" target=\"_self\" rel=\"nofollow noopener\" title=\"https:\/\/elpais.com\/noticias\/alberto-gonzalez-amador\/\"> la pareja de [Isabel D\u00edaz] Ayuso<\/a>, ha habido un reguero de revocaciones de decisiones del instructor. En algunos aspectos, ha sido una investigaci\u00f3n claramente prospectiva\u201d. Bosch subraya, en todo caso, que lo ocurrido pone de manifiesto que \u201cla falta de regulaci\u00f3n en torno a lo que se conoce como primeras damas genera problemas jur\u00eddicos de tipo interpretativo\u201d.<\/p>\n<p class=\"\">Esa indefinici\u00f3n sobre el papel de las c\u00f3nyuges del presidente (hasta ahora todos han sido hombres y heterosexuales) se extiende a los empleados p\u00fablicos eventuales, cargos de confianza que las han asistido en los sucesivos gobiernos. \u00bfEs malversar que ese asesor pagado con dinero p\u00fablico acompa\u00f1e a la esposa del presidente de compras \u2014como hac\u00eda el hoy diputado popular Jaime de los Santos con la mujer de Mariano Rajoy, Elvira Fern\u00e1ndez\u2014 o que env\u00ede correos electr\u00f3nicos relacionados con su actividad profesional? Para Bosch, la jurisprudencia se\u00f1ala que no. \u201cHay condenas a un concejal por llevar a operarios municipales a hacerle la reforma de su casa, por ejemplo. Pero ese operario tiene un convenio colectivo, un horario de trabajo concreto y unas funciones muy claras. Los asesores de las primeras damas son cargos de confianza, se designan por eso, por la confianza, no est\u00e1n sujetos a un convenio colectivo, y es muy dif\u00edcil que en el presente caso pueda concurrir el delito de malversaci\u00f3n. Si se demuestra que el asesor o asesora ha cumplido las funciones que tiene encomendadas de gesti\u00f3n de la agenda y acompa\u00f1amiento, no creo que sea malversar que realice favores puntuales por esa relaci\u00f3n de confianza, ya sea salir de compras o enviar unos correos. Otra cosa ser\u00eda que se demostrase que la asesora se ha dedicado exclusivamente a los negocios de G\u00f3mez, pero con los indicios que se nos han mostrado no parece que haya sido as\u00ed. Para evitar este tipo de conflictos habr\u00eda que regular qu\u00e9 puede hacer el c\u00f3nyuge y cu\u00e1les son los instrumentos institucionales de apoyo de los que dispone, un estatuto de la presidencia\u201d.<\/p>\n<p class=\"\">La polit\u00f3loga y soci\u00f3loga Cristina Monge, presidenta de +Democracia, organizaci\u00f3n de la sociedad civil que se dedica a analizar las debilidades del sistema y proponer medidas de regeneraci\u00f3n democr\u00e1tica, cree que el problema de la falta de regulaci\u00f3n se ha hecho patente ahora y no antes \u201cpor la ocupaci\u00f3n profesional de Bego\u00f1a G\u00f3mez\u201d. <\/p>\n<p class=\"\">La esposa de S\u00e1nchez, que estudi\u00f3 Marketing, se ha dedicado a la consultor\u00eda y la captaci\u00f3n de fondos. <a href=\"https:\/\/elpais.com\/noticias\/carmen-romero\/\" target=\"_self\" rel=\"nofollow noopener\" title=\"https:\/\/elpais.com\/noticias\/carmen-romero\/\">Carmen Romero<\/a>, expareja de Felipe Gonz\u00e1lez, era profesora de lengua y literatura en un instituto. En un principio solicit\u00f3 una excedencia y luego opt\u00f3 por una jornada reducida en horario nocturno. Posteriormente, mientras a\u00fan viv\u00eda en Moncloa, fue diputada del PSOE por C\u00e1diz. <a href=\"https:\/\/elpais.com\/noticias\/ana-botella\/\" target=\"_self\" rel=\"nofollow noopener\" title=\"https:\/\/elpais.com\/noticias\/ana-botella\/\">Ana Botella<\/a> solicit\u00f3 una excedencia en Hacienda cuando su marido, Jos\u00e9 Mar\u00eda Aznar, fue elegido presidente y, al igual que Romero, antes de que su esposo abandonara la presidencia, inici\u00f3 su propia actividad pol\u00edtica, en este caso como concejal en el Ayuntamiento de Madrid. <a href=\"https:\/\/elpais.com\/noticias\/sonsoles-espinosa\/\" target=\"_self\" rel=\"nofollow noopener\" title=\"https:\/\/elpais.com\/noticias\/sonsoles-espinosa\/\">Sonsoles Espinosa,<\/a> esposa de Jos\u00e9 Luis Rodr\u00edguez Zapatero, es soprano y continu\u00f3 con sus compromisos profesionales \u2014el PP cuestion\u00f3 en el Congreso que participase en el coro de RTVE, algo que ya hac\u00eda antes de que su marido accediese al cargo\u2014. <a href=\"https:\/\/elpais.com\/diario\/2011\/12\/10\/revistasabado\/1323471602_850215.html\" target=\"_self\" rel=\"nofollow noopener\" title=\"https:\/\/elpais.com\/diario\/2011\/12\/10\/revistasabado\/1323471602_850215.html\">Elvira Fern\u00e1ndez,<\/a> la mujer de Rajoy, abandon\u00f3 su actividad profesional en Telef\u00f3nica antes de llegar a La Moncloa. <\/p>\n<p><img decoding=\"auto\" class=\"_re lazyload a_m-h\" height=\"309\"  width=\"414\"  src=\"https:\/\/www.europesays.com\/es\/wp-content\/uploads\/2025\/10\/WA5KIUDBC5GAZK3TDCUUUDZD2M.jpg\" loading=\"lazy\"\/>La entonces esposa de Felipe Gonz\u00e1lez, Carmen Romero, brinda con Mija\u00edl Gorbachov en 1991 en un viaje oficial a Mosc\u00fa. BARRIOPEDRO (EFE)<\/p>\n<p class=\"\">\u201cMe parece una barbaridad\u201d, afirma Monge, \u201cque una mujer tenga que abandonar su carrera porque su pareja es presidente del Gobierno. Pero tiene que estar regulado qu\u00e9 puede hacer y qu\u00e9 no, porque de lo contrario las deja en el limbo, en una zona de riesgo. Si queremos que ejerza de primera dama al estilo estadounidense habr\u00eda que ponerles un sueldo p\u00fablico, lo que es poco democr\u00e1tico porque nadie las ha votado. Lo m\u00e1s conveniente ser\u00eda regular hasta d\u00f3nde llegan los recursos que el Estado pone a disposici\u00f3n de la familia que reside en La Moncloa y un r\u00e9gimen de incompatibilidades. Hasta ahora no se ha dado el caso porque los hijos eran peque\u00f1os, \u00bfpero qu\u00e9 ocurrir\u00eda si la hija del presidente o de la presidenta ma\u00f1ana es juez o quiere ser periodista?\u201c. <\/p>\n<p class=\"\"><a href=\"https:\/\/elpais.com\/politica\/2019\/11\/01\/actualidad\/1572607483_309995.html\" target=\"_self\" rel=\"nofollow noopener\" title=\"https:\/\/elpais.com\/politica\/2019\/11\/01\/actualidad\/1572607483_309995.html\">M\u00edriam Gonz\u00e1lez<\/a>, fundadora de Espa\u00f1a Mejor, entidad de propone medidas contra la corrupci\u00f3n, es abogada y est\u00e1 casada con <a href=\"https:\/\/elpais.com\/noticias\/nick-clegg\/\" target=\"_self\" rel=\"nofollow noopener\" title=\"https:\/\/elpais.com\/noticias\/nick-clegg\/\">Nick Clegg<\/a>, quien fue viceprimer ministro brit\u00e1nico. En conversaci\u00f3n con EL PA\u00cdS, relata que el primer d\u00eda en el Gobierno, su marido y ella se reunieron \u201ccon el jefe de la administraci\u00f3n\u201d para detectar posibles conflictos de intereses y que a los cinco d\u00edas le enviaron una carta con las instrucciones a seguir. Gonz\u00e1lez era socia de una firma de abogados y tuvo que apartarse del \u00e1rea de lobby. \u201cDeb\u00eda informar a la directora de la oficina de \u00e9tica de mis potenciales clientes y ellos se encargaban de apartar al pol\u00edtico [su marido] de una decisi\u00f3n en caso de que pudiera haber alguna percepci\u00f3n de conflicto. Es muy sencillo regular esto con un c\u00f3digo \u00e9tico que afecte al presidente y a los ministros, pero ni el Gobierno ni la oposici\u00f3n lo est\u00e1n poniendo sobre la mesa. La ley de conflictos de intereses se aprob\u00f3 en 2015 y cuando sali\u00f3 ya se hab\u00eda quedado antigua. Hay que mejorar <a href=\"https:\/\/elpais.com\/espana\/2025-03-17\/el-codigo-etico-para-mejorar-las-administraciones-se-envia-a-400-entidades-y-ninguna-lo-firma.html\" target=\"_self\" rel=\"nofollow noopener\" title=\"https:\/\/elpais.com\/espana\/2025-03-17\/el-codigo-etico-para-mejorar-las-administraciones-se-envia-a-400-entidades-y-ninguna-lo-firma.html\">los sistemas preventivos<\/a>\u201d, opina. <\/p>\n<p class=\"\">La figura del consorte del presidente no est\u00e1 regulada en muchos pa\u00edses, lo que ha generado pol\u00e9micas y controversias. Estos son algunos ejemplos de los que s\u00ed han intentado poner normas y los que no.<\/p>\n<p>Reino Unido: un c\u00f3digo \u00e9tico sin rango legal<\/p>\n<p class=\"\">La esposa del actual primer ministro del Reino Unido, Victoria Starmer, sigue trabajando en el Servicio Nacional de Salud como asesora experta en salud laboral. La posici\u00f3n de consorte del primer ministro no tiene una regulaci\u00f3n especial, pero sus posibles conflictos de inter\u00e9s aparecen incorporados a un c\u00f3digo \u00e9tico rubricado por el jefe de Gobierno y que ata\u00f1e a \u00e9l mismo (o a ella) y a todos los miembros de su Ejecutivo. Aunque no tiene rango legal, la costumbre brit\u00e1nica ha afianzado el peso de este conjunto de normas. El secretario permanente, un funcionario de alto cargo al frente del Gabinete ministerial, que mantiene su independencia y puede ser heredado de un Gobierno anterior, tiene 14 d\u00edas para estudiar la informaci\u00f3n, compartirla con un Asesor Independiente del C\u00f3digo Ministerial, y transmitir los conflictos de inter\u00e9s reales o potenciales detectados. <\/p>\n<p class=\"\">En abril de 2022, el Partido Laborista, entonces en la oposici\u00f3n, se\u00f1al\u00f3 una posible violaci\u00f3n del C\u00f3digo Ministerial por parte de <a href=\"https:\/\/elpais.com\/gente\/2022-10-25\/akshata-murthy-la-esposa-del-nuevo-primer-ministro-britanico-de-una-infancia-sin-privilegios-a-empresaria-multimillonaria.html\" target=\"_self\" rel=\"nofollow noopener\" title=\"https:\/\/elpais.com\/gente\/2022-10-25\/akshata-murthy-la-esposa-del-nuevo-primer-ministro-britanico-de-una-infancia-sin-privilegios-a-empresaria-multimillonaria.html\">Akshata Murty,<\/a> la multimillonaria esposa india de Rishi Sunak, el pol\u00edtico conservador que entonces ocupaba el cargo de <a href=\"https:\/\/elpais.com\/internacional\/2022-04-09\/crece-la-presion-sobre-el-ministro-de-economia-del-reino-unido-por-el-regimen-fiscal-de-su-millonaria-esposa.html\" target=\"_self\" rel=\"nofollow noopener\" title=\"https:\/\/elpais.com\/internacional\/2022-04-09\/crece-la-presion-sobre-el-ministro-de-economia-del-reino-unido-por-el-regimen-fiscal-de-su-millonaria-esposa.html\">ministro de Econom\u00eda.<\/a> La hija de Narayana Murty, fundador y propietario del gigante de tecnolog\u00eda de la informaci\u00f3n Infosys, manten\u00eda su domicilio fiscal en India, <a href=\"https:\/\/elpais.com\/internacional\/2022-04-09\/crece-la-presion-sobre-el-ministro-de-economia-del-reino-unido-por-el-regimen-fiscal-de-su-millonaria-esposa.html\" target=\"_self\" rel=\"nofollow noopener\" title=\"https:\/\/elpais.com\/internacional\/2022-04-09\/crece-la-presion-sobre-el-ministro-de-economia-del-reino-unido-por-el-regimen-fiscal-de-su-millonaria-esposa.html\">a pesar de vivir desde hace m\u00e1s de una d\u00e9cada en Londres<\/a>. Pudo de ese modo ahorrarse millones de libras en impuestos. El Asesor Independiente del C\u00f3digo Ministerial declar\u00f3 que Sunak no hab\u00eda quebrantado ninguna norma, pero Murty renunci\u00f3 la condici\u00f3n de \u201cno residente\u201d y comenz\u00f3 a pagar el impuesto sobre la renta. Adem\u00e1s, en 2023, <a href=\"https:\/\/elpais.com\/internacional\/2023-04-17\/el-supervisor-del-parlamento-britanico-de-buenas-practicas-investiga-a-rishi-sunak.html\" target=\"_self\" rel=\"nofollow noopener\" title=\"https:\/\/elpais.com\/internacional\/2023-04-17\/el-supervisor-del-parlamento-britanico-de-buenas-practicas-investiga-a-rishi-sunak.html\">el Parlamento brit\u00e1nico investig\u00f3 a Sunak,<\/a> ya entonces primer ministro brit\u00e1nico, por un posible conflicto de intereses, ya que no hab\u00eda informado de que su esposa era accionista de una empresa beneficiaria de ayudas p\u00fablicas, seg\u00fan el supervisor de buenas pr\u00e1cticas de la C\u00e1mara de los Comunes. <\/p>\n<p>Francia: una carta de transparencia<\/p>\n<p class=\"\">La Constituci\u00f3n no otorga ning\u00fan rol espec\u00edfico al c\u00f3nyuge, aunque el actual presidente, <a href=\"https:\/\/elpais.com\/noticias\/emmanuel-macron\/\" target=\"_self\" rel=\"nofollow noopener\" title=\"https:\/\/elpais.com\/noticias\/emmanuel-macron\/\">Emmanuel Macron<\/a>, prometi\u00f3 durante la campa\u00f1a electoral de 2017 clarificar su estatus para acabar \u201ccon la hipocres\u00eda\u201d en torno al papel que han ejercido las esposas de los distintos presidentes. Macron criticaba los gastos excesivos a cuenta del contribuyente que hab\u00edan tenido otras consortes en el pasado. Tras ganar las elecciones, public\u00f3 una \u201ccarta de transparencia\u201d, aunque sin valor jur\u00eddico, detallando su misi\u00f3n.<\/p>\n<p><img alt=\"Brigitte Macron\" decoding=\"auto\" class=\"_re lazyload a_m-h\" height=\"276\"  width=\"414\"  src=\"https:\/\/www.europesays.com\/es\/wp-content\/uploads\/2025\/10\/IWGDQLXPXBEWDIRZD57UZZPTEY.jpg\" loading=\"lazy\"\/>El presidente de Francia, Emmanuel Macron, y su esposa Brigitte, en Vietnam.LUONG THAI LINH (EFE)<\/p>\n<p class=\"\"><a href=\"https:\/\/elpais.com\/noticias\/brigitte-trogneux\/\" target=\"_self\" rel=\"nofollow noopener\" title=\"https:\/\/elpais.com\/noticias\/brigitte-trogneux\/\">Brigitte Macron<\/a> cuenta con dos colaboradores que la ayudan a ejercer sus funciones (preparan su agenda o desplazamientos) y que forman parte del equipo del presidente. Los gastos de esa agenda p\u00fablica se incluyen en el presupuesto del El\u00edseo. En 2024, los costes ligados a la esposa de Macron fueron de 316.980 euros. Acompa\u00f1\u00f3 a su marido en 14 desplazamientos oficiales y ella realiz\u00f3 otros 29. Adem\u00e1s de acompa\u00f1ar a Macron en los viajes internacionales y recepciones, preside la Fundaci\u00f3n de Hospitales y el Instituto de Vocaciones para el Empleo, financiado por el l\u00edder mundial del lujo LVMH.<\/p>\n<p>Alemania: sin regulaci\u00f3n, pero con personal a su cargo<\/p>\n<p class=\"\">La esposa del democristiano <a href=\"https:\/\/elpais.com\/noticias\/friedrich-merz\/\" target=\"_self\" rel=\"nofollow noopener\" title=\"https:\/\/elpais.com\/noticias\/friedrich-merz\/\">Friedrich Merz<\/a>, canciller federal de Alemania desde mayo, ha mantenido su empleo como directora del Tribunal de Primera Instancia de Arnsberg. La jueza Charlotte Merz tiene poca presencia p\u00fablica y no prev\u00e9 instalarse de forma permanente en Berl\u00edn con su marido. \u201cTengo la esperanza, y tambi\u00e9n es una petici\u00f3n, de que la cr\u00edtica, que es necesaria, se dirija a m\u00ed y no a mis hijos ni a mi familia\u201d, dijo el canciller al inicio de su mandato. Charlotte Merz, sin embargo, ya se ha visto envuelta en una peque\u00f1a pol\u00e9mica. <\/p>\n<p class=\"\">El motivo ha sido el registro domiciliario al que se vio sometida una militante de las Jusos, las Juventudes del Partido Socialdem\u00f3crata, en la regi\u00f3n de Sauerland. La militante, Nela Kruschinski, de 17 a\u00f1os, era sospechosa de haber pintado unos grafitis considerados amenazantes para Merz. Una investigaci\u00f3n de la cadena p\u00fablica WDR se\u00f1al\u00f3 que la propia justicia hab\u00eda concluido que el registro se hab\u00eda realizado sin las pruebas suficientes. El problema es que el registro lo hab\u00eda ordenado un juez instructor del tribunal de Arnsberg, el mismo que dirige la jueza Charlotte Merz. El presidente de las Jusos, Philipp T\u00fcrmer, exigi\u00f3 explicaciones. La jueza Merz neg\u00f3 a la WDR haber tenido cualquier conocimiento del caso y, por tanto, haber influido en la investigaci\u00f3n.<\/p>\n<p class=\"\">En Alemania, el papel del c\u00f3nyuge del canciller o la cancillera federal \u2014cargo equivalente al del presidente del Gobierno o primer ministro\u2014 no est\u00e1 regulado. Seg\u00fan un documento del Bundestag, el c\u00f3nyuge del jefe o jefa de Gobierno asume funciones m\u00ednimas de representaci\u00f3n.<\/p>\n<p>Portugal: una investigaci\u00f3n en curso<\/p>\n<p class=\"\">En Portugal, el c\u00f3nyuge del primer ministro no tiene estatuto jur\u00eddico ni funciones espec\u00edficas. Su presencia p\u00fablica o implicaci\u00f3n en cuestiones sociales depende de elecciones personales, seg\u00fan las aclaraciones facilitadas por un portavoz del Gobierno.<\/p>\n<p class=\"\">Carla Montenegro, esposa del actual primer ministro, Lu\u00eds Montenegro, ha continuado trabajando en una asociaci\u00f3n de Espinho, donde reside la familia, despu\u00e9s de que su marido asumiera el cargo en 2024. Sus apariciones p\u00fablicas han sido limitadas, aunque su papel y el de sus hijos ha sido sometido a un mayor escrutinio desde que estall\u00f3 el <a href=\"https:\/\/elpais.com\/internacional\/2025-02-28\/los-negocios-de-la-empresa-familiar-acorralan-al-primer-ministro-de-portugal.html\" target=\"_self\" rel=\"nofollow noopener\" title=\"https:\/\/elpais.com\/internacional\/2025-02-28\/los-negocios-de-la-empresa-familiar-acorralan-al-primer-ministro-de-portugal.html\">esc\u00e1ndalo de la empresa Spinumviva,<\/a> fundada por el primer ministro y luego traspasada consecutivamente a su mujer y a sus dos hijos. Aunque Montenegro dej\u00f3 de estar al frente de la empresa al asumir el liderazgo del PSD (Partido Social Dem\u00f3crata, de centroderecha), la Fiscal\u00eda investiga los pagos de clientes que continuaron cuando \u00e9l ya ocupaba el cargo de primer ministro por si han existido irregularidades. El estallido de este caso desat\u00f3 una crisis pol\u00edtica que condujo a elecciones anticipadas 11 meses despu\u00e9s de su llegada al poder.<\/p>\n<p>Italia: sin normas ni pol\u00e9micas<\/p>\n<p class=\"\">En Italia no hay ninguna norma espec\u00edfica que regule la funciones del consorte y nunca ha habido pol\u00e9micas. Los casos m\u00e1s peculiares han sido de dos primeros ministros cuya pareja era periodista: Enrico Letta y Giorgia Meloni. Antes apenas se supo nada de la esposa de Mario Monti (Elsa Antonioli, dirigente de la Cruz Roja), Matteo Renzi (Agnese Landini, maestra escolar), Paolo Gentiloni (Emanuela Mauro, arquitecta), Mario Draghi (Maria Serena Cappello, experta de literatura inglesa), Giuseppe Conte (Olivia Paladino, trabajaba en un famoso hotel de Roma propiedad de su familia). <\/p>\n<p class=\"\">En 2013, con Letta se produjo una situaci\u00f3n algo diferente, aunque no tuvo ning\u00fan eco ni caus\u00f3 debate alguno: Gianna Fregonara era periodista pol\u00edtica del Corriere della Sera, primer diario italiano. Durante el periodo de gobierno de su marido, cambi\u00f3 a la secci\u00f3n local de Roma. Meloni ten\u00eda en 2023 como pareja a otro periodista, Andrea Giambruno, <a href=\"https:\/\/elpais.com\/internacional\/2023-10-20\/meloni-anuncia-su-ruptura-con-el-padre-de-su-hija-el-presentador-andrea-giambruno.html\" target=\"_self\" rel=\"nofollow noopener\" title=\"https:\/\/elpais.com\/internacional\/2023-10-20\/meloni-anuncia-su-ruptura-con-el-padre-de-su-hija-el-presentador-andrea-giambruno.html\">presentador de informativos de Rete 4<\/a>, cadena de televisi\u00f3n de Mediaset. Continu\u00f3 con su trabajo, pero un a\u00f1o despu\u00e9s un programa sat\u00edrico emiti\u00f3 im\u00e1genes robadas grabadas en su estudio mientras piropeaba a una compa\u00f1era y dec\u00eda expresiones vulgares. Meloni anunci\u00f3 su separaci\u00f3n pocos d\u00edas despu\u00e9s. <\/p>\n<p><img decoding=\"auto\" class=\"_re lazyload a_m-h\" height=\"277\"  width=\"414\"  src=\"https:\/\/www.europesays.com\/es\/wp-content\/uploads\/2025\/10\/YSL62Y2JGVVP3JCJJZ3CUODEEM.jpg\" loading=\"lazy\"\/>Donald y Melania Trump, en junio en la Casa Blanca. ALEXANDER DRAGO \/ POOL (EFE)EEUU: solo una primera dama continu\u00f3 con su carrera<\/p>\n<p class=\"\">A diferencia del papel y las obligaciones del presidente, los de la primera dama no est\u00e1n contemplados en la Constituci\u00f3n. Las reglas no escritas, con todo, no las obligan a dejar su empleo cuando se mudan a la Casa Blanca, aunque tradicionalmente s\u00ed lo hayan hecho. Al menos, hasta <a href=\"https:\/\/elpais.com\/noticias\/jill-biden\/\" target=\"_self\" rel=\"nofollow noopener\" title=\"https:\/\/elpais.com\/noticias\/jill-biden\/\">Jill Biden,<\/a> esposa de Joe Biden (2021-2025), profesora de lengua inglesa y escritura que hizo historia como la \u00fanica primera dama en seguir con su carrera. Se retir\u00f3 en diciembre de 2024 de su puesto en una universidad de Virginia. <\/p>\n<p class=\"\">Antes de eso, aparcaron sus trabajos como abogadas (Hillary Clinton), actrices (Nancy Reagan) o fot\u00f3grafas (Jackie Kennedy) para dedicarse a sus maridos y a ser primeras damas, \u201cel empleo no pagado m\u00e1s duro del mundo\u201d, seg\u00fan la famosa definici\u00f3n de Pat Nixon, esposa de Richard Nixon. Esa dedicaci\u00f3n, que mezcla tareas de representaci\u00f3n con apuestas personales por ciertas causas, se ha traducido en diferentes objetivos: Laura Bush trabaj\u00f3 en la promoci\u00f3n de bibliotecas y los parques nacionales, mientras que Michelle Obama se concentr\u00f3 en el combate contra la obesidad infantil. <\/p>\n<p class=\"\"><a href=\"https:\/\/elpais.com\/noticias\/melania-knauss\/\" target=\"_self\" rel=\"nofollow noopener\" title=\"https:\/\/elpais.com\/noticias\/melania-knauss\/\">Melania Trump, <\/a>de profesi\u00f3n modelo, ha optado en su vuelta a la Casa Blanca por centrarse en los peligros de la inteligencia artificial para la infancia. Tambi\u00e9n, como el resto de la familia Trump, en aumentar su riqueza personal gracias a la proximidad al Despacho Oval. Ha creado su propia memecoin y ha obtenido un jugoso contrato de Amazon por valor de 40 millones d\u00f3lares para la producci\u00f3n de un documental y una serie.<\/p>\n<p class=\"\">Con informaci\u00f3n de <b>Rafa de Miguel <\/b>(Londres), <b>Raquel Villa\u00e9cija<\/b> (Par\u00eds), <b>Marc Bassets <\/b>(Berl\u00edn), <b>\u00cd\u00f1igo Dom\u00ednguez<\/b> (Roma), <b>Tereixa Constenla<\/b> (Lisboa) e <b>Iker Seisdedos<\/b> (Washington). <\/p>\n","protected":false},"excerpt":{"rendered":"Ninguna de las esposas de los siete presidentes del Gobierno desde las primeras elecciones democr\u00e1ticas tras la dictadura&hellip;\n","protected":false},"author":2,"featured_media":157537,"comment_status":"","ping_status":"","sticky":false,"template":"","format":"standard","meta":{"footnotes":""},"categories":[8],"tags":[16640,17,18,25,24,13,14,582,11,19,20,27545,9,10,15,16,2959,1699,23,12,29786,21,22],"class_list":{"0":"post-157536","1":"post","2":"type-post","3":"status-publish","4":"format-standard","5":"has-post-thumbnail","7":"category-espana","8":"tag-begona-gomez-fernandez","9":"tag-breaking-news","10":"tag-breakingnews","11":"tag-es","12":"tag-espana","13":"tag-featured-news","14":"tag-featurednews","15":"tag-gobierno","16":"tag-headlines","17":"tag-latest-news","18":"tag-latestnews","19":"tag-legislacion","20":"tag-news","21":"tag-noticias","22":"tag-noticias-destacadas","23":"tag-noticiasdestacadas","24":"tag-pedro-sanchez","25":"tag-psoe","26":"tag-spain","27":"tag-titulares","28":"tag-transparencia-institucional","29":"tag-ultimas-noticias","30":"tag-ultimasnoticias"},"share_on_mastodon":{"url":"","error":""},"_links":{"self":[{"href":"https:\/\/www.europesays.com\/es\/wp-json\/wp\/v2\/posts\/157536","targetHints":{"allow":["GET"]}}],"collection":[{"href":"https:\/\/www.europesays.com\/es\/wp-json\/wp\/v2\/posts"}],"about":[{"href":"https:\/\/www.europesays.com\/es\/wp-json\/wp\/v2\/types\/post"}],"author":[{"embeddable":true,"href":"https:\/\/www.europesays.com\/es\/wp-json\/wp\/v2\/users\/2"}],"replies":[{"embeddable":true,"href":"https:\/\/www.europesays.com\/es\/wp-json\/wp\/v2\/comments?post=157536"}],"version-history":[{"count":0,"href":"https:\/\/www.europesays.com\/es\/wp-json\/wp\/v2\/posts\/157536\/revisions"}],"wp:featuredmedia":[{"embeddable":true,"href":"https:\/\/www.europesays.com\/es\/wp-json\/wp\/v2\/media\/157537"}],"wp:attachment":[{"href":"https:\/\/www.europesays.com\/es\/wp-json\/wp\/v2\/media?parent=157536"}],"wp:term":[{"taxonomy":"category","embeddable":true,"href":"https:\/\/www.europesays.com\/es\/wp-json\/wp\/v2\/categories?post=157536"},{"taxonomy":"post_tag","embeddable":true,"href":"https:\/\/www.europesays.com\/es\/wp-json\/wp\/v2\/tags?post=157536"}],"curies":[{"name":"wp","href":"https:\/\/api.w.org\/{rel}","templated":true}]}}