{"id":157538,"date":"2025-10-05T04:54:31","date_gmt":"2025-10-05T04:54:31","guid":{"rendered":"https:\/\/www.europesays.com\/es\/157538\/"},"modified":"2025-10-05T04:54:31","modified_gmt":"2025-10-05T04:54:31","slug":"el-informe-europeo-senala-fallos-en-el-control-de-tension-como-causa-del-apagon","status":"publish","type":"post","link":"https:\/\/www.europesays.com\/es\/157538\/","title":{"rendered":"El informe europeo se\u00f1ala fallos en el control de tensi\u00f3n como causa del apag\u00f3n"},"content":{"rendered":"<p data-gtm-element-container=\"modulo-texto-link\" class=\"paragraph\">El apag\u00f3n del pasado 28 de abril en la pen\u00ednsula Ib\u00e9rica fue provocado por una in\u00e9dita serie de \u201csobretensiones en cascada\u201d que se originaron en el sur de Espa\u00f1a. Se trata de un fen\u00f3meno que nunca antes se hab\u00eda registrado en Europa que se propag\u00f3 con una rapidez fulminante, impidiendo que los planes de defensa de los sistemas el\u00e9ctricos lo detuvieran.<\/p>\n<p data-gtm-element-container=\"modulo-texto-link\" class=\"paragraph\">Esta es la conclusi\u00f3n del informe presentado ayer que ha sido elaborado por un panel de 45 expertos convocado por la Red Europea de Operadores de Sistemas de Transmisi\u00f3n de Electricidad (Entso-E).<\/p>\n<p data-gtm-element-container=\"modulo-texto-link\" class=\"paragraph\">El estudio se\u00f1ala que \u201cel factor central del colapso fue la incapacidad del sistema para controlar la magnitud del voltaje (la tensi\u00f3n de la red). El voltaje es una magnitud que debe resolverse de manera local, cerca de donde surge el problema\u201d.<\/p>\n<p data-gtm-element-container=\"modulo-texto-link\" class=\"paragraph\">El argumento es el mismo que se\u00f1alaron los informes presentados por el Gobierno y Red El\u00e9ctrica, tal y como recordaron ayer tanto la ministra para la Transici\u00f3n Ecol\u00f3gica, Sara Aagesen, como el propio operador del sistema Red El\u00e9ctrica (REE).<\/p>\n<p data-gtm-element-container=\"modulo-texto-link\" class=\"paragraph\">El informe europeo va m\u00e1s all\u00e1 de las afirmaciones y aporta datos y gr\u00e1ficos que constatan que las instalaciones de generaci\u00f3n convencional programadas aquel 28 de abril en Espa\u00f1a no controlaron la tensi\u00f3n del sistema como estaba previsto que lo hicieran, y como s\u00ed lo hicieron las de Portugal.<\/p>\n<p data-gtm-element-container=\"modulo-texto-link\" class=\"paragraph\">La gr\u00e1fica de este comportamiento muestra amplias desviaciones desde las 10 de la ma\u00f1ana e incluso a partir de las 12 cuando se sucedieron los momentos m\u00e1s graves que dieron lugar al apag\u00f3n, que el informe califica como \u201cel incidente m\u00e1s grave del sector el\u00e9ctrico europeo en los \u00faltimos 20 a\u00f1os\u201d y el \u201c\u00fanico con estas caracter\u00edsticas\u201d.<\/p>\n<p>El Ministerio para la Transici\u00f3n y Red El\u00e9ctrica dicen que sus conclusiones coinciden con las de este informe<\/p>\n<p data-gtm-element-container=\"modulo-texto-link\" class=\"paragraph\">\u201cEs un territorio nuevo. Esta es tambi\u00e9n la raz\u00f3n por la que necesitamos un poco de tiempo para asegurarnos de que analizamos lo que est\u00e1 sucediendo y lo que podr\u00eda ocurrir. Pero es el primero de su tipo. Este efecto de sobretensi\u00f3n en cascada que conduce a un apag\u00f3n total es algo que nunca encontramos antes en Europa\u201d, asegur\u00f3 ayer el director del consejo de Entso-e, Dami\u00e1n Cortinas, durante la rueda de prensa para dar a conocer el resultado de la investigaci\u00f3n.<\/p>\n<p data-gtm-element-container=\"modulo-texto-link\" class=\"paragraph\">Unas conclusiones que se ci\u00f1en tan solo la explicaci\u00f3n factual de los ocurrido y que evitan se\u00f1alar culpables o responsables, porque \u201cno es nuestra responsabilidad\u201d.<\/p>\n<p data-gtm-element-container=\"modulo-texto-link\" class=\"paragraph\">Lo que s\u00ed que dejaron muy claro durante la presentaci\u00f3n es que el incidente ha sido \u201cmuy complicado de investigar\u201d tanto por su \u201cin\u00e9dita naturaleza, no conocida hasta ahora\u201d como por la falta de colaboraci\u00f3n de los implicados. \u201cHa sido muy complicado acceder a los datos para tener una imagen clara de lo ocurrido porque algunos generadores no dieron autorizaci\u00f3n a los operadores para enviarnos esos datos Se han enviado m\u00e1s de 150 de cartas y e-mails hasta el mes de agosto, tres meses despu\u00e9s, y a\u00fan as\u00ed no pudimos recabar toda la informaci\u00f3n\u201d, remarc\u00f3 Cortinas.<\/p>\n<p data-gtm-element-container=\"modulo-texto-link\" class=\"paragraph\">Esta falta de colaboraci\u00f3n, que ya fue se\u00f1alada en el mes de mayo por el Gobierno, se subraya en este informe se\u00f1alando que ocho de los 33 generadores a los que se les han pedido los datos no han facilitado todos los requeridos alegando no tener esos registros. Por ello, faltan datos esenciales para conocer el origen del evento que dio lugar a la cadena de fallos, que despu\u00e9s desemboc\u00f3 en una situaci\u00f3n imposible de controlar.<\/p>\n<p data-gtm-element-container=\"modulo-texto-link\" class=\"paragraph\">En concreto, son incapaces de explicar el motivo por el que se desconect\u00f3 de la red una gran instalaci\u00f3n de Granada cuando los niveles de tensi\u00f3n todav\u00eda estaban en los rangos permitidos en Espa\u00f1a, y que provoc\u00f3 una desconexi\u00f3n masiva de 2.200 MW en menos de dos segundos que deton\u00f3 la ca\u00edda en cascada de todo el sistema.<\/p>\n<p data-gtm-element-container=\"modulo-texto-link\" class=\"paragraph\">Como punto positivo, los autores del informe se\u00f1alan que recuperaci\u00f3n fue \u201cextremadamente r\u00e1pida\u201d, ya que se complet\u00f3 en menos de un d\u00eda frente a plazos de tres d\u00edas en situaciones parecidas.<\/p>\n<p>El estudio se centra en describir lo sucedido y evita se\u00f1alar culpables porque \u201cno es nuestra responsabilidad\u201d<\/p>\n<p data-gtm-element-container=\"modulo-texto-link\" class=\"paragraph\">Conocidos los hechos, los expertos europeos continuan trabajando para determinar las \u201ccausas profundas e investigar la capacidad de control de voltaje del sistema, el comportamiento de los usuarios de la red (especialmente los eventos de desconexi\u00f3n), y la optimizaci\u00f3n de los planes de defensa del sistema\u201d. Todo ello se plasmar\u00e1 en un informe final que contendr\u00e1 recomendaciones para evitar situaciones similares no solo en Espa\u00f1a sino en toda Europa y cuyas conclusiones se esperan para el primer trimestre de 2026.<\/p>\n<p data-gtm-element-container=\"modulo-texto-link\" class=\"paragraph\">En Espa\u00f1a, fuentes de Red El\u00e9ctrica han transmitido su satisfacci\u00f3n con estas conclusiones ya que consideran que se constata que su operativa estuvo siempre bajo el reglamento establecido y que las conclusiones se\u00f1alan el mismo fallo de la generaci\u00f3n convencional que ellos apuntaron.<\/p>\n","protected":false},"excerpt":{"rendered":"El apag\u00f3n del pasado 28 de abril en la pen\u00ednsula Ib\u00e9rica fue provocado por una in\u00e9dita serie de&hellip;\n","protected":false},"author":2,"featured_media":157539,"comment_status":"","ping_status":"","sticky":false,"template":"","format":"standard","meta":{"footnotes":""},"categories":[5],"tags":[17,18,25,24,13,14,11,19,20,9,10,15,16,23,12,21,22],"class_list":{"0":"post-157538","1":"post","2":"type-post","3":"status-publish","4":"format-standard","5":"has-post-thumbnail","7":"category-titulares","8":"tag-breaking-news","9":"tag-breakingnews","10":"tag-es","11":"tag-espana","12":"tag-featured-news","13":"tag-featurednews","14":"tag-headlines","15":"tag-latest-news","16":"tag-latestnews","17":"tag-news","18":"tag-noticias","19":"tag-noticias-destacadas","20":"tag-noticiasdestacadas","21":"tag-spain","22":"tag-titulares","23":"tag-ultimas-noticias","24":"tag-ultimasnoticias"},"share_on_mastodon":{"url":"","error":""},"_links":{"self":[{"href":"https:\/\/www.europesays.com\/es\/wp-json\/wp\/v2\/posts\/157538","targetHints":{"allow":["GET"]}}],"collection":[{"href":"https:\/\/www.europesays.com\/es\/wp-json\/wp\/v2\/posts"}],"about":[{"href":"https:\/\/www.europesays.com\/es\/wp-json\/wp\/v2\/types\/post"}],"author":[{"embeddable":true,"href":"https:\/\/www.europesays.com\/es\/wp-json\/wp\/v2\/users\/2"}],"replies":[{"embeddable":true,"href":"https:\/\/www.europesays.com\/es\/wp-json\/wp\/v2\/comments?post=157538"}],"version-history":[{"count":0,"href":"https:\/\/www.europesays.com\/es\/wp-json\/wp\/v2\/posts\/157538\/revisions"}],"wp:featuredmedia":[{"embeddable":true,"href":"https:\/\/www.europesays.com\/es\/wp-json\/wp\/v2\/media\/157539"}],"wp:attachment":[{"href":"https:\/\/www.europesays.com\/es\/wp-json\/wp\/v2\/media?parent=157538"}],"wp:term":[{"taxonomy":"category","embeddable":true,"href":"https:\/\/www.europesays.com\/es\/wp-json\/wp\/v2\/categories?post=157538"},{"taxonomy":"post_tag","embeddable":true,"href":"https:\/\/www.europesays.com\/es\/wp-json\/wp\/v2\/tags?post=157538"}],"curies":[{"name":"wp","href":"https:\/\/api.w.org\/{rel}","templated":true}]}}