{"id":157547,"date":"2025-10-05T05:12:08","date_gmt":"2025-10-05T05:12:08","guid":{"rendered":"https:\/\/www.europesays.com\/es\/157547\/"},"modified":"2025-10-05T05:12:08","modified_gmt":"2025-10-05T05:12:08","slug":"el-director-del-reina-sofia-nos-habla-de-los-cambios-en-el-museo-y-la-politica-en-la-cultura-el-pais-expres","status":"publish","type":"post","link":"https:\/\/www.europesays.com\/es\/157547\/","title":{"rendered":"El director del Reina Sof\u00eda nos habla de los cambios en el museo y la pol\u00edtica en la cultura | El PA\u00cdS Expr\u00e9s"},"content":{"rendered":"<p><img fetchpriority=\"high\" decoding=\"auto\" class=\"_re  a_m-h\" height=\"414\"  width=\"414\"  src=\"https:\/\/www.europesays.com\/es\/wp-content\/uploads\/2025\/10\/PBAYQTQHONB77DYL2SINCSACF4.jpg\" loading=\"eager\"\/>DVD 1286 (01-10-25) Manuel Segade, director del Museo Nacional Centro de Arte Reina Sof\u00eda, en la exposici\u00f3n de Maruja Mallo en el museo, en Madrid. SAMUEL S\u00c1NCHEZFoto: Samuel S\u00e1nchez<\/p>\n<p class=\"\">Manuel Segade lleva ya dos a\u00f1os al frente del Museo Reina Sof\u00eda, durante los cuales se ocup\u00f3 de las exposiciones que su antecesor dej\u00f3 programadas. Ahora que empieza su verdadera gesti\u00f3n, habla con EL PA\u00cdS sobre el futuro del museo. <\/p>\n<p class=\"\"><b>Los cambios m\u00e1s relevantes. <\/b>En febrero de 2026 se presentar\u00e1 la nueva reordenaci\u00f3n de la colecci\u00f3n permanente. <\/p>\n<ul>\n<li>Segade quiere que el museo deje de ser un laberinto, que a d\u00eda de hoy es una de las principales quejas de los visitantes.<\/li>\n<li>La reforma afectar\u00e1 al edificio entero, y terminar\u00e1 en 2028.<\/li>\n<\/ul>\n<p class=\"\"><b>Pero har\u00eda falta m\u00e1s dinero\u2026 <\/b>A causa de la congelaci\u00f3n de los Presupuestos Generales, el museo tiene el mismo dinero que en 2023. \u201cPero es verdad que contamos con el apoyo del Ministerio de Cultura y eso ayuda en el momento en que necesitamos hacer algo\u201d, asegura. <\/p>\n<p class=\"\"><b>Sobre la preceptiva pol\u00edtica en el arte: <\/b>\u201cEstructuras culturales como un museo nacional son pol\u00edticas. Me gustar\u00eda que cualquiera que entrara en este museo encontrara cosas con las que identificarse y cosas con las que inquietarse para as\u00ed tener su atenci\u00f3n\u201d. <\/p>\n<p class=\"\">\u00a9Foto: Samuel S\u00e1nchez<\/p>\n<p class=\"\"><a href=\"https:\/\/elpais.com\/cultura\/2025-10-05\/manuel-segade-director-del-reina-sofia-el-museo-va-a-dejar-de-ser-un-laberinto.html\" target=\"_self\" rel=\"nofollow noopener\" title=\"https:\/\/elpais.com\/cultura\/2025-10-05\/manuel-segade-director-del-reina-sofia-el-museo-va-a-dejar-de-ser-un-laberinto.html\">Si quieres saber m\u00e1s, puedes leer aqu\u00ed.<\/a> <\/p>\n","protected":false},"excerpt":{"rendered":"DVD 1286 (01-10-25) Manuel Segade, director del Museo Nacional Centro de Arte Reina Sof\u00eda, en la exposici\u00f3n de&hellip;\n","protected":false},"author":2,"featured_media":157548,"comment_status":"","ping_status":"","sticky":false,"template":"","format":"standard","meta":{"footnotes":""},"categories":[91],"tags":[229,2875,505,209,146,147,25,24,47016,4910,47015,18088,3873,17948,503,23,4664],"class_list":{"0":"post-157547","1":"post","2":"type-post","3":"status-publish","4":"format-standard","5":"has-post-thumbnail","7":"category-entretenimiento","8":"tag-arte","9":"tag-arte-contemporaneo","10":"tag-artistas","11":"tag-cultura","12":"tag-entertainment","13":"tag-entretenimiento","14":"tag-es","15":"tag-espana","16":"tag-etnias","17":"tag-feminismo","18":"tag-manuel-segade","19":"tag-museo-reina-sofia","20":"tag-museos","21":"tag-museos-publicos","22":"tag-pintura","23":"tag-spain","24":"tag-turismo"},"share_on_mastodon":{"url":"","error":""},"_links":{"self":[{"href":"https:\/\/www.europesays.com\/es\/wp-json\/wp\/v2\/posts\/157547","targetHints":{"allow":["GET"]}}],"collection":[{"href":"https:\/\/www.europesays.com\/es\/wp-json\/wp\/v2\/posts"}],"about":[{"href":"https:\/\/www.europesays.com\/es\/wp-json\/wp\/v2\/types\/post"}],"author":[{"embeddable":true,"href":"https:\/\/www.europesays.com\/es\/wp-json\/wp\/v2\/users\/2"}],"replies":[{"embeddable":true,"href":"https:\/\/www.europesays.com\/es\/wp-json\/wp\/v2\/comments?post=157547"}],"version-history":[{"count":0,"href":"https:\/\/www.europesays.com\/es\/wp-json\/wp\/v2\/posts\/157547\/revisions"}],"wp:featuredmedia":[{"embeddable":true,"href":"https:\/\/www.europesays.com\/es\/wp-json\/wp\/v2\/media\/157548"}],"wp:attachment":[{"href":"https:\/\/www.europesays.com\/es\/wp-json\/wp\/v2\/media?parent=157547"}],"wp:term":[{"taxonomy":"category","embeddable":true,"href":"https:\/\/www.europesays.com\/es\/wp-json\/wp\/v2\/categories?post=157547"},{"taxonomy":"post_tag","embeddable":true,"href":"https:\/\/www.europesays.com\/es\/wp-json\/wp\/v2\/tags?post=157547"}],"curies":[{"name":"wp","href":"https:\/\/api.w.org\/{rel}","templated":true}]}}