{"id":157553,"date":"2025-10-05T05:16:07","date_gmt":"2025-10-05T05:16:07","guid":{"rendered":"https:\/\/www.europesays.com\/es\/157553\/"},"modified":"2025-10-05T05:16:07","modified_gmt":"2025-10-05T05:16:07","slug":"muere-guillermo-fernandez-vara-expresidente-socialista-de-la-junta-de-extremadura-espana","status":"publish","type":"post","link":"https:\/\/www.europesays.com\/es\/157553\/","title":{"rendered":"Muere Guillermo Fern\u00e1ndez Vara, expresidente socialista de la Junta de Extremadura | Espa\u00f1a"},"content":{"rendered":"<p class=\"\"><a href=\"https:\/\/elpais.com\/noticias\/guillermo-fernandez-vara\/\" target=\"_self\" rel=\"nofollow noopener\" title=\"https:\/\/elpais.com\/noticias\/guillermo-fernandez-vara\/\">Guillermo Fern\u00e1ndez Vara<\/a> (Olivenza, Badajoz, 66 a\u00f1os) ha fallecido este domingo de un c\u00e1ncer de est\u00f3mago, seg\u00fan ha informado el PSOE. Casado y con dos hijos, presidi\u00f3 la Junta de Extremadura durante 12 a\u00f1os y en dos etapas. De 2007 a 2011 y de 2015 a 2023. Entre medias (2011 y 2015) lider\u00f3 la oposici\u00f3n socialista tras un acuerdo in\u00e9dito entre Izquierda Unida y el PP, que dio la presidencia de la regi\u00f3n al popular Jos\u00e9 Antonio Monago. Ya en 2015, sin embargo, <a href=\"https:\/\/elpais.com\/espana\/elecciones-autonomicas\/2023-07-14\/maria-guardiola-presidenta-de-extremadura-gracias-al-apoyo-de-vox-y-tras-perder-las-elecciones-el-28-m.html\" target=\"_self\" rel=\"nofollow noopener\" title=\"https:\/\/elpais.com\/espana\/elecciones-autonomicas\/2023-07-14\/maria-guardiola-presidenta-de-extremadura-gracias-al-apoyo-de-vox-y-tras-perder-las-elecciones-el-28-m.html\">Vara se rehizo de ese varapalo hist\u00f3rico<\/a> y de nuevo comand\u00f3 la regi\u00f3n hasta las \u00faltimas elecciones auton\u00f3micas de 2023, que gan\u00f3, pero tras un pacto de Vox y PP finiquit\u00f3 de golpe su etapa en el Parlamento extreme\u00f1o. Antes de irse, eso s\u00ed, dej\u00f3 un consejo a la actual presidenta, Mar\u00eda Guardiola: <\/p>\n<p class=\"\">\u2014Como trates a la gente cuando est\u00e9s subiendo, es como te tratar\u00e1n cuando bajes de la cima. <\/p>\n<p class=\"\">Desde entonces, Vara ejerc\u00eda de vicepresidente segundo del Senado. <\/p>\n<p class=\"\">Para entender el impacto de Vara en Extremadura, una comunidad de un mill\u00f3n de habitantes, hay que viajar hasta los a\u00f1os 90, en la \u00e9poca del expresidente <a href=\"https:\/\/elpais.com\/autor\/juan-carlos-rodriguez-ibarra\/\" target=\"_self\" rel=\"nofollow noopener\" title=\"https:\/\/elpais.com\/autor\/juan-carlos-rodriguez-ibarra\/\">Juan Carlos Rodr\u00edguez Ibarra<\/a>, donde fue consejero de Bienestar Social y de Sanidad para dar, despu\u00e9s, el salto a la presidencia. Durante dos d\u00e9cadas, Vara marc\u00f3 una forma de hacer pol\u00edtica. No solo ha sido un referente auton\u00f3mico, sino tambi\u00e9n nacional, donde fue el altavoz de los extreme\u00f1os con su estilo tranquilo y dialogante. Jam\u00e1s levant\u00f3 la voz en los debates. Ni en las entrevistas. Sereno, sosegado, imperturbable. <\/p>\n<p class=\"\">Sol\u00eda decir que la medicina la eligi\u00f3 \u00e9l. Y que luego, eso s\u00ed, la pol\u00edtica llam\u00f3 a sus puertas. \u201cMi madre\u201d, cont\u00f3 en su \u00faltimo discurso en la Asamblea extreme\u00f1a, \u201cme dijo que cuando me metiera en pol\u00edtica no me metiera con nadie ni me metiera en l\u00edos, lo segundo no lo he podido cumplir porque la pol\u00edtica est\u00e1 llena de l\u00edos\u201d. <\/p>\n<p class=\"\">Hijo de un juez y educado en un colegio de jesuitas, se licenci\u00f3 en Medicina en la Universidad de C\u00f3rdoba en 1983 y, tres a\u00f1os m\u00e1s tarde, ingres\u00f3 en el cuerpo de forenses. Fue el n\u00famero uno de su promoci\u00f3n en el centro de Estudios Judiciales. Su primera plaza con destino fue en su tierra, en 1988, y un a\u00f1o m\u00e1s tarde dirigi\u00f3 la Cl\u00ednica M\u00e9dico-Forense de Badajoz. En la universidad extreme\u00f1a imparti\u00f3 clases de toxicolog\u00eda y legislaci\u00f3n sanitaria desde 1988 a 1995. <\/p>\n<p class=\"\">A la Asamblea de Extremadura lleg\u00f3 tras ejercer cuatro a\u00f1os como concejal en Olivenza, un pueblo pacense de 11.000 vecinos pegado a Portugal, a donde orden\u00f3 hacer la mudanza tras su marcha del despacho presidencial de M\u00e9rida en julio de 2023. \u201cNos sentimos hijos de Espa\u00f1a y nietos de Portugal\u201d, dijo una vez tras una pol\u00e9mica del ministro de Defensa portugu\u00e9s, que reclamaba Olivenza como propia. \u201cLas fronteras de ayer son hoy puentes que construyen la Europa a la que juntos pertenecemos\u201d. El ministro portugu\u00e9s todav\u00eda guarda silencio. <\/p>\n<p class=\"\">Dialogante y conversador, con sus formas templadas se reconcili\u00f3 con Pedro S\u00e1nchez despu\u00e9s de no apostar por \u00e9l nunca. En las primarias de 2014 apoyo a Eduardo Madina. Y en las de 2017 a Susana D\u00edaz. Sin embargo, tras la victoria de S\u00e1nchez fue de los primeros barones socialistas en hablar en p\u00fablico. \u201cLa militancia se ha pronunciado, lo que no es obst\u00e1culo para defender lo que cada uno pensamos y queremos, en lo que se refiere a los programas. Yo voy a pedir a los extreme\u00f1os que ratifiquemos a S\u00e1nchez y que apoyemos la Ejecutiva que proponga\u201d. Y S\u00e1nchez le incorpor\u00f3 como responsable de coordinaci\u00f3n de las federaciones. <\/p>\n<p class=\"\">Fue partidario de pactar con Ciudadanos y Podemos. \u201cSi fu\u00e9ramos todos a ver c\u00f3mo resolvemos los problemas de los ciudadanos, probablemente descubrir\u00edamos que coincidimos muchos m\u00e1s de lo que discrepamos\u201d. <\/p>\n<p class=\"\">En 2018 cont\u00f3 en su blog personal que S\u00e1nchez le ofreci\u00f3 ser ministro. M\u00e1s tarde, en su \u00faltima entrevista como presidente auton\u00f3mico, revel\u00f3 que tambi\u00e9n pudo serlo en otra ocasi\u00f3n. \u201cYo siempre he querido transformar mi tierra\u201d, zanj\u00f3. <\/p>\n<p class=\"\">Meses despu\u00e9s de abandonar la Asamblea de Extremadura, el 8 de diciembre de 2023, hizo p\u00fablico que padec\u00eda un c\u00e1ncer de est\u00f3mago y que se retirar\u00eda por un tiempo de la vida p\u00fablica. \u201cConf\u00edo en que todo saldr\u00e1 bien, pero para ello necesito concentrarme con todas mis fuerzas\u201d. El pasado 10 de mayo sorprendi\u00f3 a la militancia extreme\u00f1a durante el congreso provincial de los socialistas de Badajoz. \u201cQuiero seguir viviendo por los m\u00edos y por tanta gente que nos necesita. Paso mucho tiempo tumbado, sobre todo los d\u00edas siguientes al tratamiento, con lo cual tengo mucho tiempo para pensar. Pienso mucho en la soledad del corredor de fondo\u201d. <\/p>\n<p class=\"\">Un mes despu\u00e9s, acudi\u00f3 a un desayuno informativo en la capital de Espa\u00f1a para presentar al ministro \u00d3scar L\u00f3pez, con quien guardaba muy buena amistad. \u201cCuando uno es enfermo de c\u00e1ncer\u201d, observ\u00f3, \u201ca veces, los dem\u00e1s pueden pensar que te ha ca\u00eddo una desgracia encima. Yo le doy gracias a la vida porque me ha permitido vivir otra. Se puede nacer en cunas de banderas nobles y en otras inservibles, pero que te den tratamiento de igual a igual, esa es la grandeza de nuestro pa\u00eds\u201d. <\/p>\n<p class=\"\">\u2014\u00bfY de qu\u00e9 se siente m\u00e1s orgulloso como presidente? <\/p>\n<p class=\"\">\u201cEsta regi\u00f3n\u201d, cont\u00f3 en su \u00faltima entrevista al frente de la regi\u00f3n extreme\u00f1a, \u201cten\u00eda un fracaso escolar por encima del 50% de la media espa\u00f1ola al inicio de la democracia. Hoy lo tiene el 10%, a dos puntos de la media por abajo. Estamos mejor y la educaci\u00f3n es la que cambia los pueblos\u201d.<\/p>\n","protected":false},"excerpt":{"rendered":"Guillermo Fern\u00e1ndez Vara (Olivenza, Badajoz, 66 a\u00f1os) ha fallecido este domingo de un c\u00e1ncer de est\u00f3mago, seg\u00fan ha&hellip;\n","protected":false},"author":2,"featured_media":157554,"comment_status":"","ping_status":"","sticky":false,"template":"","format":"standard","meta":{"footnotes":""},"categories":[8],"tags":[17,18,25,24,7234,13,14,47017,11,19,20,7236,9,10,15,16,2959,1699,47018,23,47019,12,21,22],"class_list":{"0":"post-157553","1":"post","2":"type-post","3":"status-publish","4":"format-standard","5":"has-post-thumbnail","7":"category-espana","8":"tag-breaking-news","9":"tag-breakingnews","10":"tag-es","11":"tag-espana","12":"tag-extremadura","13":"tag-featured-news","14":"tag-featurednews","15":"tag-guillermo-fernandez-vara","16":"tag-headlines","17":"tag-latest-news","18":"tag-latestnews","19":"tag-merida","20":"tag-news","21":"tag-noticias","22":"tag-noticias-destacadas","23":"tag-noticiasdestacadas","24":"tag-pedro-sanchez","25":"tag-psoe","26":"tag-psoe-historico","27":"tag-spain","28":"tag-susana-diaz","29":"tag-titulares","30":"tag-ultimas-noticias","31":"tag-ultimasnoticias"},"share_on_mastodon":{"url":"","error":""},"_links":{"self":[{"href":"https:\/\/www.europesays.com\/es\/wp-json\/wp\/v2\/posts\/157553","targetHints":{"allow":["GET"]}}],"collection":[{"href":"https:\/\/www.europesays.com\/es\/wp-json\/wp\/v2\/posts"}],"about":[{"href":"https:\/\/www.europesays.com\/es\/wp-json\/wp\/v2\/types\/post"}],"author":[{"embeddable":true,"href":"https:\/\/www.europesays.com\/es\/wp-json\/wp\/v2\/users\/2"}],"replies":[{"embeddable":true,"href":"https:\/\/www.europesays.com\/es\/wp-json\/wp\/v2\/comments?post=157553"}],"version-history":[{"count":0,"href":"https:\/\/www.europesays.com\/es\/wp-json\/wp\/v2\/posts\/157553\/revisions"}],"wp:featuredmedia":[{"embeddable":true,"href":"https:\/\/www.europesays.com\/es\/wp-json\/wp\/v2\/media\/157554"}],"wp:attachment":[{"href":"https:\/\/www.europesays.com\/es\/wp-json\/wp\/v2\/media?parent=157553"}],"wp:term":[{"taxonomy":"category","embeddable":true,"href":"https:\/\/www.europesays.com\/es\/wp-json\/wp\/v2\/categories?post=157553"},{"taxonomy":"post_tag","embeddable":true,"href":"https:\/\/www.europesays.com\/es\/wp-json\/wp\/v2\/tags?post=157553"}],"curies":[{"name":"wp","href":"https:\/\/api.w.org\/{rel}","templated":true}]}}