{"id":157555,"date":"2025-10-05T05:17:34","date_gmt":"2025-10-05T05:17:34","guid":{"rendered":"https:\/\/www.europesays.com\/es\/157555\/"},"modified":"2025-10-05T05:17:34","modified_gmt":"2025-10-05T05:17:34","slug":"el-gobierno-mando-a-murcia-unos-300-supuestos-adultos-que-en-realidad-eran-menores","status":"publish","type":"post","link":"https:\/\/www.europesays.com\/es\/157555\/","title":{"rendered":"El Gobierno mand\u00f3 a Murcia unos 300 supuestos adultos que en realidad eran menores"},"content":{"rendered":"<p style=\"\"><strong>No han sido ni uno ni dos<\/strong>. En concreto, la cifra de supuestos adultos que en realidad no ten\u00edan 18 a\u00f1os, que han sido trasladados a la Regi\u00f3n de Murcia sin tener en cuenta las particularidades de un menor no acompa\u00f1ado, asciende a 340  &#8230; desde el a\u00f1o 2023 \u2013247 seg\u00fan las cifras del Ministerio de Inclusi\u00f3n, Seguridad Social y Migraciones, que considera que \u00abestos casos son una minor\u00eda\u00bb. <\/p>\n<p class=\"voc-p\" style=\"\">Una <strong>realidad repetida a lo largo del tiempo<\/strong>, que destapa hoy este peri\u00f3dico y que ha obligado al gobierno regional a tener que improvisar para dar respuesta a las necesidades de los menores no acompa\u00f1ados.<\/p>\n<p class=\"voc-p\" style=\"\">Durante estos \u00faltimos dos a\u00f1os, seg\u00fan han confirmado a ABC fuentes del ministerio y de los gobiernos de Murcia y Canarias, alrededor de 300 menores de edad sin la compa\u00f1\u00eda de uno de los progenitores han viajado desde el archipi\u00e9lago al recurso del Estado del antiguo hospital de la Naval junto a adultos, <strong>algo que los protocolos impiden.<\/strong><\/p>\n<p class=\"voc-p\" style=\"\">Es a la llegada a este centro situado en Cartagena, abierto en noviembre de 2023, cuando<strong> la Polic\u00eda empez\u00f3 a detectar la presencia de menores<\/strong> entre los grupos de inmigrantes derivados desde Canarias. <\/p>\n<p class=\"voc-p\" style=\"\">En esos primeros a\u00f1os de funcionamiento en total se colaron 24 ni\u00f1os como presuntos adultos. Cuando los funcionarios comprobaron la edad real del menor, bien mediante la propia documentaci\u00f3n o la prueba \u00f3sea, estos <strong>fueron puestos a disposici\u00f3n de la autonom\u00eda<\/strong>, que se ha tenido que hacer cargo de ellos.<\/p>\n<p class=\"voc-p\" style=\"\">Un a\u00f1o m\u00e1s tarde, en 2024, entre los adultos reubicados desde las islas al centro de la Naval, cuyas instalaciones utiliza el Ministerio de Migraciones para destensionar la situaci\u00f3n en Canarias, llegaron 184 menores seg\u00fan las cifras auton\u00f3micas \u00abque pagamos su manutenci\u00f3n cada d\u00eda\u00bb. En lo que llevamos de 2025 la cifra ya se sit\u00faa en 132.<\/p>\n<p class=\"voc-p\" style=\"\">La situaci\u00f3n, seg\u00fan fuentes del Gobierno de la Regi\u00f3n de Murcia, es \u00abinsostenible\u00bb. Recuerdan la complejidad para la reubicaci\u00f3n de los m\u00e1s de 4.000 menores hacinados en Canarias, Ceuta y Melilla que deben ser distribuidos por la Pen\u00ednsula, cuya gesti\u00f3n est\u00e1 llevando muchos meses y la implicaci\u00f3n de varios departamentos del Ejecutivo, para compararlo con \u00abel esfuerzo\u00bb que han tenido que hacer los servicios sociales auton\u00f3micos para asumir la tutela de todos estos ni\u00f1os. De ah\u00ed que sigan <strong>rechazando la cifra de menores que les toca acoger<\/strong>, seg\u00fan lo que se recoge en el decreto de ocupaci\u00f3n pactado entre el PSOE y Junts, afirmando que \u00abestamos saturados\u00bb.<\/p>\n<p class=\"voc-p\" style=\"\">Lo ocurrido, m\u00e1s all\u00e1 de obligar al gobierno regional a crear nuevas plazas para la atenci\u00f3n de menores <strong>sin los recursos econ\u00f3micos necesarios<\/strong> para ello, tambi\u00e9n ha generado que los ni\u00f1os hayan estado \u00abdesatendidos\u00bb durante algunos d\u00edas y en compa\u00f1\u00eda de mayores sin la vigilancia que requiere la ley del menor.<\/p>\n<p>\nEl Gobierno se defiende\n<\/p>\n<p class=\"voc-p\" style=\"\">Ante las cr\u00edticas del Gobierno de la Regi\u00f3n de Murcia, <strong>el Ejecutivo central defiende su gesti\u00f3n<\/strong>. Fuentes del Ministerio de Inclusi\u00f3n, Seguridad Social y Migraciones consultadas por ABC, aseguran que aunque se suman por centenares \u00abestos casos son minor\u00eda y existe un protocolo para tratarlo de forma r\u00e1pida y estandarizada\u00bb.<\/p>\n<p class=\"voc-p\" style=\"\">En el departamento que dirige Elma Saiz recuerdan que \u00abdesde el Ministerio de Migraciones <strong>solo acogemos a personas identificadas previamente por Polic\u00eda Nacional<\/strong> como mayores de edad\u00ab y culpan a los inmigrantes de cambiar su versi\u00f3n sobre la edad que tienen con posterioridad.<\/p>\n<p class=\"voc-p\" style=\"\"> Cuando ocurre eso, dicen, \u00abse activa un protocolo para separar a estas personas de los adultos, siempre que la Fiscal\u00eda determina que ese presunto menor debe aguardar en un centro del sistema estatal de acogida y teniendo <strong>especial atenci\u00f3n al inter\u00e9s superior del menor<\/strong>\u00ab. Algo de lo que discrepan en la autonom\u00eda, que dicen que autom\u00e1ticamente se han tenido que hacer cargo ellos en sus propios recursos y que hasta ese momento \u00bbno se han tenido en cuenta los derechos de los menores\u00ab.<\/p>\n<p class=\"voc-p\" style=\"\">Fuentes del gabinete de Saiz tambi\u00e9n <strong>se\u00f1alan a la Polic\u00eda y la Fiscal\u00eda de menores<\/strong> como los \u00abcompetentes\u00bb de \u00abacreditarles en el momento de la llegada como adultos o como menores\u00bb y durante su estancia en nuestro pa\u00eds.<\/p>\n<p>\u00abCaos\u00bb con la documentaci\u00f3n y expedientes<\/p>\n<p class=\"voc-p\">Varias comunidades aut\u00f3nomas consultadas por este peri\u00f3dico admiten \u00abperplejidad\u00bb por \u00abel caos\u00bbcon la documentaci\u00f3n y los expedientes, que incluyen datos de menores que \u00abdeber\u00edan estar ultraprotegidos\u00bb.<\/p>\n<p class=\"voc-p\">Seg\u00fan revelan desde la Comunidad de Madrid, \u00abel Gobierno est\u00e1 enviando a Madrid expedientes que corresponden a otras autonom\u00edas y hemos tenido conocimiento que algunos expedientes correspondientes a Madrid est\u00e1n llegando a otras comunidades\u00bb.<\/p>\n<p class=\"voc-p\" style=\"\">Alegan, adem\u00e1s, que \u00abresulta imposible que se demuestre que son menores v\u00eda documentaci\u00f3n puesto que se dan estos casos de forma puntual porque, precisamente, son personas que llegan indocumentadas\u00bb. Desde Murcia tambi\u00e9n discrepan respecto a esto \u00faltimo, se\u00f1alando que \u00abmuchas de las confirmaciones de la edad real, cuando acceden al centro de Cartagena,<strong> la Polic\u00eda las consigue al revisar su documentaci\u00f3n oficial<\/strong>\u00ab.<\/p>\n<p>\nMadrid investiga 90 expedientes\n<\/p>\n<p class=\"voc-p\" style=\"\">Ante la informaci\u00f3n revelada este martes por ABC sobre la presencia de mayores de edad en el reparto de los ni\u00f1os no acompa\u00f1ados, la Comunidad de Madrid est\u00e1 <strong>revisando uno a uno los 90 expedientes<\/strong> de \u00ablos supuestos menores que el Gobierno central quiere trasladar a Madrid\u00bb. Unos traslados que por ahora est\u00e1n paralizados a la espera de la resoluci\u00f3n de las alegaciones presentadas por la Comunidad de Madrid.<\/p>\n<p class=\"voc-p\" style=\"\">De los 90 expedientes, seg\u00fan fuentes del gobierno regional, \u00abhay una docena pendientes de confirmaci\u00f3n de edad y con <strong>serios indicios de que sean menores<\/strong>\u00ab. Adem\u00e1s, seg\u00fan informan, de la documentaci\u00f3n recibida por parte de los ministerios de Pol\u00edtica Territorial y Juventud e Infancia \u00bbdos de los j\u00f3venes ya han cumplido la mayor\u00eda de edad\u00ab y \u00bbotra docena cumplir\u00e1 los 18 a\u00f1os de forma inminente\u00ab.<\/p>\n","protected":false},"excerpt":{"rendered":"No han sido ni uno ni dos. En concreto, la cifra de supuestos adultos que en realidad no&hellip;\n","protected":false},"author":2,"featured_media":157556,"comment_status":"","ping_status":"","sticky":false,"template":"","format":"standard","meta":{"footnotes":""},"categories":[5],"tags":[914,7767,17,18,25,24,13,14,582,11,19,20,19391,1567,1478,9,10,15,16,9812,23,47020,12,21,22],"class_list":{"0":"post-157555","1":"post","2":"type-post","3":"status-publish","4":"format-standard","5":"has-post-thumbnail","7":"category-titulares","8":"tag-914","9":"tag-adultos","10":"tag-breaking-news","11":"tag-breakingnews","12":"tag-es","13":"tag-espana","14":"tag-featured-news","15":"tag-featurednews","16":"tag-gobierno","17":"tag-headlines","18":"tag-latest-news","19":"tag-latestnews","20":"tag-mando","21":"tag-menores","22":"tag-murcia","23":"tag-news","24":"tag-noticias","25":"tag-noticias-destacadas","26":"tag-noticiasdestacadas","27":"tag-realidad","28":"tag-spain","29":"tag-supuestos","30":"tag-titulares","31":"tag-ultimas-noticias","32":"tag-ultimasnoticias"},"share_on_mastodon":{"url":"","error":""},"_links":{"self":[{"href":"https:\/\/www.europesays.com\/es\/wp-json\/wp\/v2\/posts\/157555","targetHints":{"allow":["GET"]}}],"collection":[{"href":"https:\/\/www.europesays.com\/es\/wp-json\/wp\/v2\/posts"}],"about":[{"href":"https:\/\/www.europesays.com\/es\/wp-json\/wp\/v2\/types\/post"}],"author":[{"embeddable":true,"href":"https:\/\/www.europesays.com\/es\/wp-json\/wp\/v2\/users\/2"}],"replies":[{"embeddable":true,"href":"https:\/\/www.europesays.com\/es\/wp-json\/wp\/v2\/comments?post=157555"}],"version-history":[{"count":0,"href":"https:\/\/www.europesays.com\/es\/wp-json\/wp\/v2\/posts\/157555\/revisions"}],"wp:featuredmedia":[{"embeddable":true,"href":"https:\/\/www.europesays.com\/es\/wp-json\/wp\/v2\/media\/157556"}],"wp:attachment":[{"href":"https:\/\/www.europesays.com\/es\/wp-json\/wp\/v2\/media?parent=157555"}],"wp:term":[{"taxonomy":"category","embeddable":true,"href":"https:\/\/www.europesays.com\/es\/wp-json\/wp\/v2\/categories?post=157555"},{"taxonomy":"post_tag","embeddable":true,"href":"https:\/\/www.europesays.com\/es\/wp-json\/wp\/v2\/tags?post=157555"}],"curies":[{"name":"wp","href":"https:\/\/api.w.org\/{rel}","templated":true}]}}