{"id":157557,"date":"2025-10-05T05:18:08","date_gmt":"2025-10-05T05:18:08","guid":{"rendered":"https:\/\/www.europesays.com\/es\/157557\/"},"modified":"2025-10-05T05:18:08","modified_gmt":"2025-10-05T05:18:08","slug":"el-balonmano-zamora-quiere-despertar-su-bestia-interior-ante-el-real-grupo-de-cultura-covadonga","status":"publish","type":"post","link":"https:\/\/www.europesays.com\/es\/157557\/","title":{"rendered":"El Balonmano Zamora quiere despertar su bestia interior ante el Real Grupo de Cultura Covadonga"},"content":{"rendered":"<p class=\"paragraph-atom &#10;        A-500-300-700-N A-550-300-700-N--md  \">El instinto asesino, despertar la bestia interior. Nadie duda del potencial arrollador que tiene este Balonmano Zamora liderado por F\u00e9lix Moj\u00f3n. La intensidad la transmite su propio t\u00e9cnico desde el banquillo, siempre pendiente de los detalles, personificando la competitividad que quiere ver en sus pupilos. No duda en alzar la voz para ajustar las clavijas, ni tampoco en fruncir el ce\u00f1o cuando algo no le convence.<\/p>\n<p class=\"paragraph-atom &#10;        A-500-300-700-N A-550-300-700-N--md  \">Los Guerreros de Viriato quieren tener ese instinto asesino que noquee al rival y no le permita tener m\u00e1s vidas. \u201cNos falta ese aplomo y esa seriedad de \u2018lo mato, no dejo revivir al contrario\u2019. Algo tenemos que aprender, y lo mejoraremos\u201d, sostuvo F\u00e9lix Moj\u00f3n en la previa del encuentro que tendr\u00e1 lugar <strong>este domingo a las 12:00 horas en el \u00c1ngel Nieto, frente al Real Grupo de Cultura Covadonga.<\/strong><\/p>\n<p class=\"paragraph-atom &#10;        A-500-300-700-N A-550-300-700-N--md  \">Su rival llega al templo pistacho tras una victoria y dos derrotas. \u201cEs un equipo que trabaja en ataque de forma muy sistematizada. Son jugadores peque\u00f1itos, t\u00e9cnicamente muy bien dotados. Es un juego el\u00e9ctrico, y en ataque saben muy bien lo que hacen\u201d, desgran\u00f3 el t\u00e9cnico.<\/p>\n<p class=\"paragraph-atom &#10;        A-500-300-700-N A-550-300-700-N--md  \">Para este encuentro, Moj\u00f3n recupera a N\u00e9stor, el jugador que m\u00e1s le sorprendi\u00f3 en pretemporada, mientras que Gigi es duda. El Balonmano Zamora quiere ser la apisonadora que aplaste a sus rivales, un equipo que incomode, que impida respirar\u2026 y que no permita contestar.<\/p>\n","protected":false},"excerpt":{"rendered":"El instinto asesino, despertar la bestia interior. Nadie duda del potencial arrollador que tiene este Balonmano Zamora liderado&hellip;\n","protected":false},"author":2,"featured_media":157558,"comment_status":"","ping_status":"","sticky":false,"template":"","format":"standard","meta":{"footnotes":""},"categories":[278],"tags":[376,11550,168,3475,25,24,375,2615,23,167,2946],"class_list":{"0":"post-157557","1":"post","2":"type-post","3":"status-publish","4":"format-standard","5":"has-post-thumbnail","7":"category-balonmano","8":"tag-balonmano","9":"tag-bestia","10":"tag-deportes","11":"tag-despertar","12":"tag-es","13":"tag-espana","14":"tag-handball","15":"tag-quiere","16":"tag-spain","17":"tag-sports","18":"tag-zamora"},"share_on_mastodon":{"url":"","error":""},"_links":{"self":[{"href":"https:\/\/www.europesays.com\/es\/wp-json\/wp\/v2\/posts\/157557","targetHints":{"allow":["GET"]}}],"collection":[{"href":"https:\/\/www.europesays.com\/es\/wp-json\/wp\/v2\/posts"}],"about":[{"href":"https:\/\/www.europesays.com\/es\/wp-json\/wp\/v2\/types\/post"}],"author":[{"embeddable":true,"href":"https:\/\/www.europesays.com\/es\/wp-json\/wp\/v2\/users\/2"}],"replies":[{"embeddable":true,"href":"https:\/\/www.europesays.com\/es\/wp-json\/wp\/v2\/comments?post=157557"}],"version-history":[{"count":0,"href":"https:\/\/www.europesays.com\/es\/wp-json\/wp\/v2\/posts\/157557\/revisions"}],"wp:featuredmedia":[{"embeddable":true,"href":"https:\/\/www.europesays.com\/es\/wp-json\/wp\/v2\/media\/157558"}],"wp:attachment":[{"href":"https:\/\/www.europesays.com\/es\/wp-json\/wp\/v2\/media?parent=157557"}],"wp:term":[{"taxonomy":"category","embeddable":true,"href":"https:\/\/www.europesays.com\/es\/wp-json\/wp\/v2\/categories?post=157557"},{"taxonomy":"post_tag","embeddable":true,"href":"https:\/\/www.europesays.com\/es\/wp-json\/wp\/v2\/tags?post=157557"}],"curies":[{"name":"wp","href":"https:\/\/api.w.org\/{rel}","templated":true}]}}