{"id":157559,"date":"2025-10-05T05:19:46","date_gmt":"2025-10-05T05:19:46","guid":{"rendered":"https:\/\/www.europesays.com\/es\/157559\/"},"modified":"2025-10-05T05:19:46","modified_gmt":"2025-10-05T05:19:46","slug":"el-cid-escribano-y-daniel-luque-segundo-festejo-que-emite-canal-sur","status":"publish","type":"post","link":"https:\/\/www.europesays.com\/es\/157559\/","title":{"rendered":"El Cid, Escribano y Daniel Luque, segundo festejo que emite Canal Sur"},"content":{"rendered":"<p><strong>El Cid, Manuel Escribano y Daniel Luque\u00a0<\/strong>componen el cartel de la segunda corrida que emite<strong> Canal Sur <\/strong>este s\u00e1bado, 3 de mayo<strong> (18:15 horas)<\/strong>\u00a0dentro del programa previsto en la Feria de Sevilla. Lidiar\u00e1n<strong> reses de\u00a0Victorino Mart\u00edn\u00a0<\/strong>en la Real Maestranza de la capital andaluza.\u00a0<\/p>\n<p>La televisi\u00f3n p\u00fablica andaluza comienza un <strong>programa en directo<\/strong> con motivo de esta corrida minutos antes. <strong>Enrique Romero<\/strong> en la narraci\u00f3n del festejo, el maestro\u00a0<strong>Ruiz Miguel<\/strong>\u00a0en los comentarios y\u00a0<strong>Noelia L\u00f3pez<\/strong>\u00a0en el callej\u00f3n acercar\u00e1n a la audiencia el evento.<\/p>\n<p class=\"western\">Hace catorce a\u00f1os que no se emit\u00edan estos festejos en la televisi\u00f3n p\u00fablica andaluza. Este a\u00f1o se emitir\u00e1n tres de la Feria de Sevilla tras el acuerdo alcanzado entre la Junta de Andaluc\u00eda, la RTVA y la Real Maestranza. Canal Sur se ha convertido en una herramienta fundamental para la difusi\u00f3n de la tauromaquia. Durante el pasado a\u00f1o emiti\u00f3 51 festejos, casi el doble que en 2023, <strong>alcanzando una cuota media de pantalla cercana al 12%.<\/strong><\/p>\n<p class=\"western\"><strong><img decoding=\"async\" src=\"https:\/\/www.europesays.com\/es\/wp-content\/uploads\/2025\/10\/174592138937001_toros.jpg\"\/><\/strong><\/p>\n<p>Adem\u00e1s de estas tres corridas, Canal Sur tiene una completa programaci\u00f3n taurina, destacando el <strong>Circuito de Novilladas de Andaluc\u00eda y los ciclos de la Asociaci\u00f3n Andaluza de Escuelas Taurinas \u2018Pedro Romero\u2019<\/strong>, as\u00ed como diferentes festejos por toda Andaluc\u00eda durante este 2025. Precisamente, la final de dicho circuito, que se celebrar\u00e1 en la propia Maestranza el 25 de mayo, tambi\u00e9n ser\u00e1 retransmitida por Canal Sur Televisi\u00f3n.\u00a0<\/p>\n<p class=\"western\"><strong>Fecha de emisi\u00f3n: S\u00e1bado, 03 de mayo, a las 18:15 horas en Canal Sur Televisi\u00f3n.<\/strong><\/p>\n","protected":false},"excerpt":{"rendered":"El Cid, Manuel Escribano y Daniel Luque\u00a0componen el cartel de la segunda corrida que emite Canal Sur este&hellip;\n","protected":false},"author":2,"featured_media":157560,"comment_status":"","ping_status":"","sticky":false,"template":"","format":"standard","meta":{"footnotes":""},"categories":[277],"tags":[373,168,25,24,23,167,374,444],"class_list":{"0":"post-157559","1":"post","2":"type-post","3":"status-publish","4":"format-standard","5":"has-post-thumbnail","7":"category-toreo","8":"tag-bullfighting","9":"tag-deportes","10":"tag-es","11":"tag-espana","12":"tag-spain","13":"tag-sports","14":"tag-toreo","15":"tag-toros"},"share_on_mastodon":{"url":"","error":""},"_links":{"self":[{"href":"https:\/\/www.europesays.com\/es\/wp-json\/wp\/v2\/posts\/157559","targetHints":{"allow":["GET"]}}],"collection":[{"href":"https:\/\/www.europesays.com\/es\/wp-json\/wp\/v2\/posts"}],"about":[{"href":"https:\/\/www.europesays.com\/es\/wp-json\/wp\/v2\/types\/post"}],"author":[{"embeddable":true,"href":"https:\/\/www.europesays.com\/es\/wp-json\/wp\/v2\/users\/2"}],"replies":[{"embeddable":true,"href":"https:\/\/www.europesays.com\/es\/wp-json\/wp\/v2\/comments?post=157559"}],"version-history":[{"count":0,"href":"https:\/\/www.europesays.com\/es\/wp-json\/wp\/v2\/posts\/157559\/revisions"}],"wp:featuredmedia":[{"embeddable":true,"href":"https:\/\/www.europesays.com\/es\/wp-json\/wp\/v2\/media\/157560"}],"wp:attachment":[{"href":"https:\/\/www.europesays.com\/es\/wp-json\/wp\/v2\/media?parent=157559"}],"wp:term":[{"taxonomy":"category","embeddable":true,"href":"https:\/\/www.europesays.com\/es\/wp-json\/wp\/v2\/categories?post=157559"},{"taxonomy":"post_tag","embeddable":true,"href":"https:\/\/www.europesays.com\/es\/wp-json\/wp\/v2\/tags?post=157559"}],"curies":[{"name":"wp","href":"https:\/\/api.w.org\/{rel}","templated":true}]}}