{"id":157561,"date":"2025-10-05T05:29:12","date_gmt":"2025-10-05T05:29:12","guid":{"rendered":"https:\/\/www.europesays.com\/es\/157561\/"},"modified":"2025-10-05T05:29:12","modified_gmt":"2025-10-05T05:29:12","slug":"critica-de-fosca-la-opresiva-y-adictiva-fabula-rural-que-gano-el-premio-lumen","status":"publish","type":"post","link":"https:\/\/www.europesays.com\/es\/157561\/","title":{"rendered":"Cr\u00edtica de &#8216;Fosca&#8217;, la opresiva y adictiva f\u00e1bula rural que gan\u00f3 el premio Lumen"},"content":{"rendered":"<p id=\"paragraph_1\">La fosca es la atm\u00f3sfera opaca que provoca el aire del desierto cargado de arena, y es m\u00e1s frecuente en zonas del sur por su situaci\u00f3n pr\u00f3xima a \u00c1frica. Durante los d\u00edas en los que se desata la fosca el cielo se pone pardo y pierde los matices, aunque la presencia del sol, que no se percibe de forma n\u00edtida, puede difuminar la luz en tonos rojizos o anaranjados.<\/p>\n<p class=\"paragraph\" id=\"paragraph_2\">La fosca crea la impresi\u00f3n de ambiente viciado y le da al espacio un car\u00e1cter pesado y agobiante que parece abatirse sobre las personas. En este entorno opresivo se desarrolla <strong>la espl\u00e9ndida novela de Inma Pelegr\u00edn (Lorca, 1969), Fosca, que se alz\u00f3 con el reciente Premio Lumen de Novela.<\/strong><\/p>\n<p class=\"paragraph\" id=\"paragraph_3\">Gabi, el narrador, es un muchacho que vive con sus padres y sus tres hermanos en una aldea meridional apartada. De modo faulkneriano \u2013aunque no ser\u00e1 la \u00fanica similitud con la obra del escritor norteamericano\u2013, en el texto se les denomina Padre, Madre y Hermano(s).<\/p>\n<p><img loading=\"lazy\" decoding=\"async\" alt=\"\" height=\"2590\" src=\"https:\/\/www.europesays.com\/es\/wp-content\/uploads\/2025\/10\/1003743954031_259162177_1706x2590.jpg\" width=\"1706\" data-lazy-status=\"processed\" data-lazy-info=\"remove loading item 1\"\/><\/p>\n<p>Fosca<\/p>\n<p><strong>Inma Pelegr\u00edn<\/strong><\/p>\n<p>Premio Lumen<br \/>Lumen, 2025<br \/>224 p\u00e1ginas. 19,90 \u20ac<\/p>\n<p class=\"paragraph\" id=\"paragraph_4\"><strong>Gabi padece prosopagnosia, que es la incapacidad de reconocer los rostros<\/strong>, aunque puede ver por separado una boca, unos ojos, una nariz y unas formas determinadas. Grabiel [sic] y su familia <strong>habitan un entorno de pobreza<\/strong>, casi de miseria, en el que todos tienen que trabajar para sacar adelante las tareas diarias.<\/p>\n<p class=\"paragraph\" id=\"paragraph_5\">La historia de Fosca se desarrolla en un mundo dominado por las tradiciones y la sabidur\u00eda popular, <strong>en un tiempo sin luz el\u00e9ctrica ni agua corriente<\/strong> en el que los problemas de salud se remedian a base experiencia y aprovechando las propiedades de las plantas.<\/p>\n<p><img decoding=\"async\" alt=\"Francisco de Goya: 'Fusilamientos del 3 de mayo', 1814. Foto: Museo del Prado\" height=\"180\" loading=\"lazy\" width=\"320\" data-lazy-status=\"processed\" id=\"fd425c3c81\" src=\"https:\/\/www.elespanol.com\/el-cultural\/letras\/20251005\/critica-fosca-opresiva-adictiva-fabula-rural-gano-premio-lumen\/[\" https:=\"\" data-lazy-info=\"changed src\"\/><\/p>\n<p class=\"paragraph\" id=\"paragraph_6\">A Gabi, m\u00e1s sensible y delicado, <strong>lo protege su madre de los celos y las burlas de sus hermanos<\/strong>, y, aunque el panorama se presenta tirante y por momentos hostil, la vida entre ellos transcurre sin grandes sobresaltos.<\/p>\n<p class=\"paragraph\" id=\"paragraph_7\">Cierto d\u00eda, sin embargo, <strong>un percance con la perra de Gabi (Sombra) provoca un vuelco en la trama<\/strong> que involucra a todos los personajes y transforma el sentido de la historia.<\/p>\n<blockquote class=\"content__blockquote\">\n<p class=\"blockquote__quote\">En Fosca hay ecos de Faulkner, pero tambi\u00e9n de &#8216;La familia de Pascual Duarte&#8217; de Cela <br \/>y de la picaresca<\/p>\n<\/blockquote>\n<p class=\"paragraph\" id=\"paragraph_8\">La novela se desarrolla en un \u00e1mbito rural, lo que supone una novedad destacable. De ah\u00ed que la autora explique pormenores de una vida desconocida en las ciudades: <strong>desde c\u00f3mo se cazan las ranas a c\u00f3mo se mata un cerdo<\/strong>; desde c\u00f3mo se desarrolla un velatorio, hasta c\u00f3mo se limpia la almendra, se recoge la aceituna, se multiplican las vides o se utiliza la plancha de hierro.<\/p>\n<p class=\"paragraph\" id=\"paragraph_9\">Para expresarlo, Pelegr\u00edn utiliza una terminolog\u00eda muy precisa en la que <strong>abundan voces desusadas que ella mezcla con vulgarismos e incorrecciones<\/strong>. As\u00ed revela, en parte, la escasa educaci\u00f3n de los protagonistas mientras convierte el lenguaje en un componente fundamental del texto.<\/p>\n<p class=\"paragraph\" id=\"paragraph_10\">Pero, adem\u00e1s, Fosca indaga en el interior de los individuos para reflejar la pluralidad de una situaci\u00f3n que cambia si la circunstancia tambi\u00e9n lo hace. Aunque Gabi es el narrador, la maestr\u00eda de la autora consigue que no solo percibamos su punto de vista. Es m\u00e1s, muestra que \u00e9l no es siempre tan virtuoso y tan inocente como manifiesta, porque si el chico se queja de la vejaci\u00f3n de sus hermanos, su argumentaci\u00f3n sobre cada uno de ellos revela que ninguno, incluido \u00e9l, es malo ni est\u00e1 libre de culpa, y que, a pesar de la aparente desafecci\u00f3n familiar, la desgracia de uno consigue unirlos de forma indisoluble.<\/p>\n<p class=\"paragraph\" id=\"paragraph_11\">En Fosca <strong>hay ecos de El ruido y la furia, pero tambi\u00e9n de La familia de Pascual Duarte y de la picaresca<\/strong>. El inesperado giro de guion, adem\u00e1s, la convierte en una singular novela de misterio en la que la intriga y el suspense mantienen intacta la atenci\u00f3n del lector.<\/p>\n","protected":false},"excerpt":{"rendered":"La fosca es la atm\u00f3sfera opaca que provoca el aire del desierto cargado de arena, y es m\u00e1s&hellip;\n","protected":false},"author":2,"featured_media":157562,"comment_status":"","ping_status":"","sticky":false,"template":"","format":"standard","meta":{"footnotes":""},"categories":[172],"tags":[224,146,147,25,24,5131,225,1645,23],"class_list":{"0":"post-157561","1":"post","2":"type-post","3":"status-publish","4":"format-standard","5":"has-post-thumbnail","7":"category-libros","8":"tag-books","9":"tag-entertainment","10":"tag-entretenimiento","11":"tag-es","12":"tag-espana","13":"tag-letras","14":"tag-libros","15":"tag-novela","16":"tag-spain"},"share_on_mastodon":{"url":"","error":""},"_links":{"self":[{"href":"https:\/\/www.europesays.com\/es\/wp-json\/wp\/v2\/posts\/157561","targetHints":{"allow":["GET"]}}],"collection":[{"href":"https:\/\/www.europesays.com\/es\/wp-json\/wp\/v2\/posts"}],"about":[{"href":"https:\/\/www.europesays.com\/es\/wp-json\/wp\/v2\/types\/post"}],"author":[{"embeddable":true,"href":"https:\/\/www.europesays.com\/es\/wp-json\/wp\/v2\/users\/2"}],"replies":[{"embeddable":true,"href":"https:\/\/www.europesays.com\/es\/wp-json\/wp\/v2\/comments?post=157561"}],"version-history":[{"count":0,"href":"https:\/\/www.europesays.com\/es\/wp-json\/wp\/v2\/posts\/157561\/revisions"}],"wp:featuredmedia":[{"embeddable":true,"href":"https:\/\/www.europesays.com\/es\/wp-json\/wp\/v2\/media\/157562"}],"wp:attachment":[{"href":"https:\/\/www.europesays.com\/es\/wp-json\/wp\/v2\/media?parent=157561"}],"wp:term":[{"taxonomy":"category","embeddable":true,"href":"https:\/\/www.europesays.com\/es\/wp-json\/wp\/v2\/categories?post=157561"},{"taxonomy":"post_tag","embeddable":true,"href":"https:\/\/www.europesays.com\/es\/wp-json\/wp\/v2\/tags?post=157561"}],"curies":[{"name":"wp","href":"https:\/\/api.w.org\/{rel}","templated":true}]}}