{"id":157573,"date":"2025-10-05T05:39:07","date_gmt":"2025-10-05T05:39:07","guid":{"rendered":"https:\/\/www.europesays.com\/es\/157573\/"},"modified":"2025-10-05T05:39:07","modified_gmt":"2025-10-05T05:39:07","slug":"muere-guillermo-fernandez-vara-expresidente-de-extremadura","status":"publish","type":"post","link":"https:\/\/www.europesays.com\/es\/157573\/","title":{"rendered":"Muere Guillermo Fern\u00e1ndez Vara, expresidente de Extremadura"},"content":{"rendered":"<p>El expresidente socialista de Extremadura <strong>Guillermo Fern\u00e1ndez Vara<\/strong> ha muerto este domingo a los 66 a\u00f1os, tras luchar contra el c\u00e1ncer de est\u00f3mago que le detectaron en 2023, seg\u00fan ha confirmado el PSOE de Extremadura.<\/p>\n<p>Nacido en Olivenza (Badajoz) el 6 de octubre de 1958, Fern\u00e1ndez Vara se <strong>licenci\u00f3 en Medicina y Cirug\u00eda<\/strong> por la Universidad de C\u00f3rdoba en 1983 y tres a\u00f1os m\u00e1s tarde ingres\u00f3 por oposici\u00f3n en el Cuerpo Nacional de M\u00e9dicos Forenses.<\/p>\n<p>Fue director de la Cl\u00ednica M\u00e9dico-Forense de Badajoz desde 1989 y tambi\u00e9n <strong>ejerci\u00f3 la docencia<\/strong> como profesor colaborador de Medicina Legal en la Universidad de Valencia durante 1986 y 1987 y como profesor asociado del \u00c1rea de Toxicolog\u00eda y Legislaci\u00f3n Sanitaria encargado de la Unidad Docente de Medicina Legal de la Universidad de Extremadura desde 1988.<\/p>\n<p>Comenz\u00f3 su carrera en pol\u00edtica en 1995<\/p>\n<p>Comenz\u00f3 su carrera en pol\u00edtica en agosto de 1995, cuando fue nombrado <strong>director General de Salud P\u00fablica y Consumo<\/strong>, cargo que desempe\u00f1\u00f3 hasta enero del a\u00f1o siguiente. Tambi\u00e9n fue consejero de Bienestar Social (1996-1999) y consejero de Sanidad y Consumo (1999-2007). Todos bajo el Gobierno de su antecesor, Juan Carlos Rodr\u00edguez Ibarra.<\/p>\n<p>En las <strong>elecciones auton\u00f3micas de mayo de 2007, el PSOE consigui\u00f3 la mayor\u00eda absoluta<\/strong> y Vara fue nombrado presidente de la Junta de Extremadura, cargo en el que se mantuvo hasta 2011, cuando el <a href=\"https:\/\/www.rtve.es\/noticias\/20110522\/pp-cerca-arrebatar-psoe-uno-grandes-bastiones-extremadura\/434047.shtml\" target=\"_blank\" rel=\"nofollow noopener\">PP gana por primera vez las elecciones en la regi\u00f3n<\/a>. Aunque los &#8216;populares&#8217; se quedaron a un esca\u00f1o de la mayor\u00eda absoluta, <a href=\"https:\/\/www.rtve.es\/noticias\/20110707\/monago-se-convierte-primer-presidente-del-pp-extremadura-con-mayoria-simple\/446102.shtml\" target=\"_blank\" rel=\"nofollow noopener\">Jos\u00e9 Antonio Monago se convirti\u00f3 en el primer presidente del  PP de la Junta<\/a> despu\u00e9s de lograr el apoyo por mayor\u00eda simple de la Asamblea regional, gracias a las <a href=\"https:\/\/www.rtve.es\/noticias\/20110619\/consejo-iu-extremadura-aplaza-hasta-esta-tarde-su-decision-sobre-a-quien-dara-gobierno\/441716.shtml\" target=\"_blank\" rel=\"nofollow noopener\">tres abstenciones de los diputados de Izquierda Unida<\/a>.<\/p>\n<p>Cuatro a\u00f1os despu\u00e9s, Extremadura se vuelve a te\u00f1ir de rojo. El <a href=\"https:\/\/www.rtve.es\/noticias\/20150525\/psoe-elecciones-autonomicas-extremadura\/1149620.shtml\" target=\"_blank\" rel=\"nofollow noopener\">PSOE fue la fuerza m\u00e1s votada en mayo de 2015<\/a>, con 30 esca\u00f1os, y <a href=\"https:\/\/www.rtve.es\/noticias\/20150624\/podemos-apoyara-investidura-guillermo-fernandez-vara-como-presidente-extremadura\/1167140.shtml\" target=\"_blank\" rel=\"nofollow noopener\">Vara fue elegido nuevamente presidente de la Junta gracias a los votos de Podemos<\/a>, que logr\u00f3 seis esca\u00f1os tras ser el tercer partido m\u00e1s votado.<\/p>\n<p>En la siguiente legislatura, <a href=\"https:\/\/www.rtve.es\/noticias\/20190625\/socialista-fernandez-vara-reelegido-presidente-junta-extremadura\/1961432.shtml\" target=\"_blank\" rel=\"nofollow noopener\">Vara revalid\u00f3 el cargo<\/a>, pero entonces no necesit\u00f3 el apoyo de otras fuerzas pol\u00edticas, pues el <a href=\"https:\/\/www.rtve.es\/noticias\/20190527\/psoe-logra-mayoria-absoluta-extremadura-vara-se-asegura-su-tercer-mandato\/1946072.shtml\" target=\"_blank\" rel=\"nofollow noopener\">PSOE arras\u00f3 en las elecciones auton\u00f3micas con mayor\u00eda absoluta despu\u00e9s de doce a\u00f1os<\/a>.<\/p>\n<p>Guillermo Fern\u00e1ndez Vara dej\u00f3 finalmente la Junta tras las <a href=\"https:\/\/www.rtve.es\/noticias\/20230528\/resultados-elecciones-extremadura-28m-ganador-pactos\/2447654.shtml\" target=\"_blank\" rel=\"nofollow noopener\">elecciones de mayo de 2023<\/a>, cuando la irrupci\u00f3n de Vox en el Parlamento extreme\u00f1o con cinco diputados entrega la <a href=\"https:\/\/www.rtve.es\/noticias\/20230704\/extremadura-convoca-pleno-investidura-dias-13-14-julio\/2451150.shtml\" target=\"_blank\" rel=\"nofollow noopener\">Presidencia a la candidata del PP, Mar\u00eda Guardiola<\/a>.<\/p>\n<p>En julio de ese a\u00f1o, <a href=\"https:\/\/www.rtve.es\/noticias\/20230720\/fernandez-vara-gordillo-designados-senadores-extremadura\/2452454.shtml\" target=\"_blank\" rel=\"nofollow noopener\">Vara fue nombrado senador por designaci\u00f3n auton\u00f3mica<\/a> por la Asamblea de Extremadura. <\/p>\n<p>El actual secretario del PSOE de Extremadura, Miguel \u00c1ngel Gallardo, ha lamentado su p\u00e9rdida y ha agradecido su labor: \u00abHoy Extremadura pierde a un referente. Y con \u00e9l se va un pedazo de nuestra historia reciente: doce a\u00f1os de presidencia y toda una vida dedicada a servir a su tierra\u00bb.<\/p>\n","protected":false},"excerpt":{"rendered":"El expresidente socialista de Extremadura Guillermo Fern\u00e1ndez Vara ha muerto este domingo a los 66 a\u00f1os, tras luchar&hellip;\n","protected":false},"author":2,"featured_media":157574,"comment_status":"","ping_status":"","sticky":false,"template":"","format":"standard","meta":{"footnotes":""},"categories":[8],"tags":[17,18,25,24,13,14,11,19,20,9,10,15,16,23,12,21,22],"class_list":{"0":"post-157573","1":"post","2":"type-post","3":"status-publish","4":"format-standard","5":"has-post-thumbnail","7":"category-espana","8":"tag-breaking-news","9":"tag-breakingnews","10":"tag-es","11":"tag-espana","12":"tag-featured-news","13":"tag-featurednews","14":"tag-headlines","15":"tag-latest-news","16":"tag-latestnews","17":"tag-news","18":"tag-noticias","19":"tag-noticias-destacadas","20":"tag-noticiasdestacadas","21":"tag-spain","22":"tag-titulares","23":"tag-ultimas-noticias","24":"tag-ultimasnoticias"},"share_on_mastodon":{"url":"","error":""},"_links":{"self":[{"href":"https:\/\/www.europesays.com\/es\/wp-json\/wp\/v2\/posts\/157573","targetHints":{"allow":["GET"]}}],"collection":[{"href":"https:\/\/www.europesays.com\/es\/wp-json\/wp\/v2\/posts"}],"about":[{"href":"https:\/\/www.europesays.com\/es\/wp-json\/wp\/v2\/types\/post"}],"author":[{"embeddable":true,"href":"https:\/\/www.europesays.com\/es\/wp-json\/wp\/v2\/users\/2"}],"replies":[{"embeddable":true,"href":"https:\/\/www.europesays.com\/es\/wp-json\/wp\/v2\/comments?post=157573"}],"version-history":[{"count":0,"href":"https:\/\/www.europesays.com\/es\/wp-json\/wp\/v2\/posts\/157573\/revisions"}],"wp:featuredmedia":[{"embeddable":true,"href":"https:\/\/www.europesays.com\/es\/wp-json\/wp\/v2\/media\/157574"}],"wp:attachment":[{"href":"https:\/\/www.europesays.com\/es\/wp-json\/wp\/v2\/media?parent=157573"}],"wp:term":[{"taxonomy":"category","embeddable":true,"href":"https:\/\/www.europesays.com\/es\/wp-json\/wp\/v2\/categories?post=157573"},{"taxonomy":"post_tag","embeddable":true,"href":"https:\/\/www.europesays.com\/es\/wp-json\/wp\/v2\/tags?post=157573"}],"curies":[{"name":"wp","href":"https:\/\/api.w.org\/{rel}","templated":true}]}}