{"id":157575,"date":"2025-10-05T05:40:09","date_gmt":"2025-10-05T05:40:09","guid":{"rendered":"https:\/\/www.europesays.com\/es\/157575\/"},"modified":"2025-10-05T05:40:09","modified_gmt":"2025-10-05T05:40:09","slug":"marcelino-ironico-sobre-el-arbitraje-algo-pudo-pasar-no","status":"publish","type":"post","link":"https:\/\/www.europesays.com\/es\/157575\/","title":{"rendered":"Marcelino, ir\u00f3nico sobre el arbitraje: \u201cAlgo pudo pasar, \u00bfno?\u201d"},"content":{"rendered":"<p data-gtm-element-container=\"modulo-texto-link\" class=\"paragraph\"><strong>Marcelino Garc\u00eda Toral<\/strong>, entrenador del Villarreal, asegur\u00f3 que \u201cno\u201d le gust\u00f3 \u201cnada\u201d el arbitraje de Guillermo Cuadra, quien se\u00f1al\u00f3 un penalti en su contra y expuls\u00f3 a <strong>Santiago<\/strong> <strong>Mouri\u00f1o<\/strong> por dos cartulinas amarillas, a la vez que insisti\u00f3 en que \u201cno\u201d iba a entrar a analizar cada jugada pero s\u00ed, con una sonrisa, se mostr\u00f3 ir\u00f3nico al decir que \u201calgo pudo pasar\u201d.<\/p>\n<p data-gtm-element-container=\"modulo-texto-link\" class=\"paragraph\">Marcelino inici\u00f3 su rueda de prensa siendo cuestionado por el arbitraje: \u201cNo s\u00e9. No voy a hablar del \u00e1rbitro\u201d, respondi\u00f3, aunque fue insistido por ello.<\/p>\n<p data-gtm-element-container=\"modulo-texto-link\" class=\"paragraph\">Y, tras declarar, que \u201cno\u201d le gust\u00f3 \u201cnada el arbitraje\u201d fue cuestionado sobre las palabras previas de Santi Comesa\u00f1a , quien s\u00ed critic\u00f3 directamente al \u00e1rbitro y asegur\u00f3 que \u201csi ya es dif\u00edcil ganar en el <strong>Santiago<\/strong> <strong>Bernab\u00e9u<\/strong>\u201d, con las decisiones del colegiado es \u201ca\u00fan m\u00e1s dif\u00edcil\u201d.<\/p>\n<p data-gtm-element-container=\"modulo-texto-link\" class=\"paragraph\">\u201cEs su opini\u00f3n. Aunque me hag\u00e1is 200 preguntas del \u00e1rbitro, no voy a hablar. No me corresponde. Pero\u2026 algo pudo pasar, \u00bfno?\u201d, contest\u00f3 con una sonrisa.\u00a0Eso s\u00ed, apunt\u00f3 a que fueron dos decisiones clave en el devenir del partido.<\/p>\n<p data-gtm-element-container=\"modulo-texto-link\" class=\"paragraph\">\u201cFutbol\u00edsticamente, con el penalti, se ponen con ventaja cuando el partido est\u00e1 igualado. Le facilitas al rival ponerse por delante. \u00bfLa segunda amarilla? Que venga el CTA y que lo explique; seguro que estuvo todo bien\u201d, declar\u00f3.<\/p>\n<p data-gtm-element-container=\"modulo-texto-link\" class=\"paragraph\">El Real Madrid hizo m\u00e1s merecimiento para ganar este partido, pero tambi\u00e9n hubo momentos puntuales en los que el partido gir\u00f3\u201d, analiz\u00f3 sobre un partido en el que no se mostr\u00f3 contento por el inicio de su equipo ni por el primer gol encajado, tras una jugada individual de <strong>Vin\u00edcius<\/strong> <strong>Junior<\/strong>.<\/p>\n<p>    Lee tambi\u00e9n<\/p>\n<p data-gtm-element-container=\"modulo-texto-link\" class=\"paragraph\">\u201cEl primer tiempo el rival nos domin\u00f3 en exceso, m\u00e1s de lo que nos hubiera gustado y defendimos m\u00e1s en bloque bajo m\u00e1s de lo que pretend\u00edamos. Pero a medida que pasaron los minutos, al final de la primera parte, tuvimos la ocasi\u00f3n m\u00e1s clara. Nos hubiera gustado tener m\u00e1s bal\u00f3n y defender 20 metros m\u00e1s arriba, pero llegamos lo suficiente para adelantarnos en el marcador\u201d, asegur\u00f3.<\/p>\n<p data-gtm-element-container=\"modulo-texto-link\" class=\"paragraph\">\u201cSin embargo, como nos pas\u00f3 hace tres d\u00edas, empezamos el segundo tiempo y el rival nos penaliz\u00f3 en otro error grave; como pas\u00f3 contra la <strong>Juventus<\/strong>. Un gol desafortunado para nosotros. No lo hicimos bien. Despu\u00e9s estuvimos bien en el partido, con situaciones en las que pod\u00edamos generar peligro\u2026 hasta que cambi\u00f3 todo -en referencia al penalti se\u00f1alado por el \u00e1rbitro en el minuto 68. y ya no tuvimos pr\u00e1cticamente nada que hacer\u201d, complet\u00f3.<\/p>\n","protected":false},"excerpt":{"rendered":"Marcelino Garc\u00eda Toral, entrenador del Villarreal, asegur\u00f3 que \u201cno\u201d le gust\u00f3 \u201cnada\u201d el arbitraje de Guillermo Cuadra, quien&hellip;\n","protected":false},"author":2,"featured_media":157576,"comment_status":"","ping_status":"","sticky":false,"template":"","format":"standard","meta":{"footnotes":""},"categories":[5],"tags":[17,18,25,24,13,14,11,19,20,9,10,15,16,23,12,21,22],"class_list":{"0":"post-157575","1":"post","2":"type-post","3":"status-publish","4":"format-standard","5":"has-post-thumbnail","7":"category-titulares","8":"tag-breaking-news","9":"tag-breakingnews","10":"tag-es","11":"tag-espana","12":"tag-featured-news","13":"tag-featurednews","14":"tag-headlines","15":"tag-latest-news","16":"tag-latestnews","17":"tag-news","18":"tag-noticias","19":"tag-noticias-destacadas","20":"tag-noticiasdestacadas","21":"tag-spain","22":"tag-titulares","23":"tag-ultimas-noticias","24":"tag-ultimasnoticias"},"share_on_mastodon":{"url":"","error":""},"_links":{"self":[{"href":"https:\/\/www.europesays.com\/es\/wp-json\/wp\/v2\/posts\/157575","targetHints":{"allow":["GET"]}}],"collection":[{"href":"https:\/\/www.europesays.com\/es\/wp-json\/wp\/v2\/posts"}],"about":[{"href":"https:\/\/www.europesays.com\/es\/wp-json\/wp\/v2\/types\/post"}],"author":[{"embeddable":true,"href":"https:\/\/www.europesays.com\/es\/wp-json\/wp\/v2\/users\/2"}],"replies":[{"embeddable":true,"href":"https:\/\/www.europesays.com\/es\/wp-json\/wp\/v2\/comments?post=157575"}],"version-history":[{"count":0,"href":"https:\/\/www.europesays.com\/es\/wp-json\/wp\/v2\/posts\/157575\/revisions"}],"wp:featuredmedia":[{"embeddable":true,"href":"https:\/\/www.europesays.com\/es\/wp-json\/wp\/v2\/media\/157576"}],"wp:attachment":[{"href":"https:\/\/www.europesays.com\/es\/wp-json\/wp\/v2\/media?parent=157575"}],"wp:term":[{"taxonomy":"category","embeddable":true,"href":"https:\/\/www.europesays.com\/es\/wp-json\/wp\/v2\/categories?post=157575"},{"taxonomy":"post_tag","embeddable":true,"href":"https:\/\/www.europesays.com\/es\/wp-json\/wp\/v2\/tags?post=157575"}],"curies":[{"name":"wp","href":"https:\/\/api.w.org\/{rel}","templated":true}]}}