{"id":157577,"date":"2025-10-05T05:41:07","date_gmt":"2025-10-05T05:41:07","guid":{"rendered":"https:\/\/www.europesays.com\/es\/157577\/"},"modified":"2025-10-05T05:41:07","modified_gmt":"2025-10-05T05:41:07","slug":"el-disiclin-se-atasca-ante-el-carballal","status":"publish","type":"post","link":"https:\/\/www.europesays.com\/es\/157577\/","title":{"rendered":"El Disicl\u00edn se atasca ante el Carballal"},"content":{"rendered":"<p class=\"ft-text\">El Granitos Ib\u00e9ricos Carballal sali\u00f3 reforzado de su duelo de necesitados ante el Disicl\u00edn Balonm\u00e1n Lal\u00edn. Su victoria por 24-21 esconde un serio partido, especialmente a nivel defensivo. Su intensidad fue un escollo que no supo afrontar el equipo de Cacheda, siempre por detr\u00e1s en el marcador y sin opci\u00f3n en el tramo final para llevarse alg\u00fan punto de este desplazamiento.<\/p>\n<p class=\"ft-text\">La primera parte del encuentro se mantuvo igualada, aunque con los locales siempre por delante y dejando mejores sensaciones sobre la pista. Las ventajas del Carballal amenazaban con romper el partido pero los rojinegros lograron llegar al paso por los vestuarios con 13-10 en el marcador que dejaba todo por decidir en la segunda parte.<\/p>\n<p class=\"ft-text\">El conjunto local dej\u00f3 el choque sentenciado en una buena segunda mitad. Primero con un parcial de 3-0 que le permiti\u00f3 agrandar su renta hasta los cinco goles (18-13). Los lalinenses tiraron entonces de coraz\u00f3n, recortando diferencias para colocar a dos (19-17) cuando todav\u00eda quedaban ocho minutos por disputarse. Su intento de remontada se qued\u00f3 sin embargo ah\u00ed. Los locales reajustaron su defensa y en los siguientes minutos firmaron un parcial de 4-1 que dej\u00f3 el encuentro sentenciado. Los de Cacheda murieron con presi\u00f3n a toda pista y buscando la remontada a la her\u00f3ica, aunque ya no tuvieron opci\u00f3n de volver a meterse en el partido.<\/p>\n","protected":false},"excerpt":{"rendered":"El Granitos Ib\u00e9ricos Carballal sali\u00f3 reforzado de su duelo de necesitados ante el Disicl\u00edn Balonm\u00e1n Lal\u00edn. Su victoria&hellip;\n","protected":false},"author":2,"featured_media":157578,"comment_status":"","ping_status":"","sticky":false,"template":"","format":"standard","meta":{"footnotes":""},"categories":[278],"tags":[22662,1782,376,34610,168,1778,437,25,24,375,5544,23,167],"class_list":{"0":"post-157577","1":"post","2":"type-post","3":"status-publish","4":"format-standard","5":"has-post-thumbnail","7":"category-balonmano","8":"tag-atasca","9":"tag-balonman-lalin","10":"tag-balonmano","11":"tag-carballal","12":"tag-deportes","13":"tag-disiclin","14":"tag-encuentro","15":"tag-es","16":"tag-espana","17":"tag-handball","18":"tag-igualada","19":"tag-spain","20":"tag-sports"},"share_on_mastodon":{"url":"","error":""},"_links":{"self":[{"href":"https:\/\/www.europesays.com\/es\/wp-json\/wp\/v2\/posts\/157577","targetHints":{"allow":["GET"]}}],"collection":[{"href":"https:\/\/www.europesays.com\/es\/wp-json\/wp\/v2\/posts"}],"about":[{"href":"https:\/\/www.europesays.com\/es\/wp-json\/wp\/v2\/types\/post"}],"author":[{"embeddable":true,"href":"https:\/\/www.europesays.com\/es\/wp-json\/wp\/v2\/users\/2"}],"replies":[{"embeddable":true,"href":"https:\/\/www.europesays.com\/es\/wp-json\/wp\/v2\/comments?post=157577"}],"version-history":[{"count":0,"href":"https:\/\/www.europesays.com\/es\/wp-json\/wp\/v2\/posts\/157577\/revisions"}],"wp:featuredmedia":[{"embeddable":true,"href":"https:\/\/www.europesays.com\/es\/wp-json\/wp\/v2\/media\/157578"}],"wp:attachment":[{"href":"https:\/\/www.europesays.com\/es\/wp-json\/wp\/v2\/media?parent=157577"}],"wp:term":[{"taxonomy":"category","embeddable":true,"href":"https:\/\/www.europesays.com\/es\/wp-json\/wp\/v2\/categories?post=157577"},{"taxonomy":"post_tag","embeddable":true,"href":"https:\/\/www.europesays.com\/es\/wp-json\/wp\/v2\/tags?post=157577"}],"curies":[{"name":"wp","href":"https:\/\/api.w.org\/{rel}","templated":true}]}}