{"id":157579,"date":"2025-10-05T05:52:11","date_gmt":"2025-10-05T05:52:11","guid":{"rendered":"https:\/\/www.europesays.com\/es\/157579\/"},"modified":"2025-10-05T05:52:11","modified_gmt":"2025-10-05T05:52:11","slug":"alepoko-zazpi-pediatrak-es-la-ultima-obra-del-escritor-ermuarra-txabi-arnal","status":"publish","type":"post","link":"https:\/\/www.europesays.com\/es\/157579\/","title":{"rendered":"&#8216;Alepoko zazpi pediatrak&#8217; es la \u00faltima obra del escritor ermuarra Txabi Arnal"},"content":{"rendered":"<p class=\"v-mdl-ath__p v-mdl-ath__p--6\">\nS\u00e1bado, 4 de octubre 2025, 00:19<\/p>\n<p class=\"v-p\">&#8216;Alepoko zazpi pedriatrak&#8217; es el t\u00edtulo de la m\u00e1s reciente publicaci\u00f3n del escritor ermuarra Txabi Arnal, una obra de literatura infantil coescrita con Edu Zelaieta, con mucho tacto y maestr\u00eda, precisamente por estar dirigida a ni\u00f1as y ni\u00f1os, y brillantemente ilustrada por Raquel Samitier. Este libro, la sexta colaboraci\u00f3n entre Arnal y Zelaieta y la quinta con la editorial Elkar, se sumerge en una de las realidades m\u00e1s crudas de la guerra, transform\u00e1ndola en una narraci\u00f3n agridulce con un mensaje esperanzador.<\/p>\n<p class=\"v-p\">La g\u00e9nesis de &#8216;Alepoko zazpi pedriatrak&#8217; se remonta a una noticia real de gran impacto, que Edu Zelaieta comparti\u00f3 con Txabi Arnal, alrededor del a\u00f1o 2017. La noticia versaba sobre la muerte del \u00faltimo pediatra de Alepo, Mohammed Wasim Moazek, acaecida tras un bombardeo del hospital Al Quds. Este tr\u00e1gico suceso inspir\u00f3 a los autores a crear esta obra que, aunque aborda una realidad terrible, se enfoca con un punto de vista positivo.<\/p>\n<p>Conocer la realidad, pero sin rebasar la capacidad de resistencia<\/p>\n<p class=\"v-p\">Txabi Arnal describe este proyecto como un gran reto, \u00aben el que encontrar el modo de presentar un tema tan duro y tan triste a la literatura infantil y, por ende, a los ni\u00f1os y ni\u00f1as\u00bb. Los autores fueron meticulosos en su enfoque, conscientes de la sensibilidad de su audiencia. \u00abLo ten\u00edamos muy claro, teniendo en cuenta que la capacidad de resistencia de los ni\u00f1os y ni\u00f1as ante temas tan duros es limitada y no podemos rebasarla porque sino estar\u00edamos haci\u00e9ndoles da\u00f1o\u00bb. La convicci\u00f3n de Arnal es que los ni\u00f1os \u00abtienen todo el derecho a conocer la realidad, pero debemos present\u00e1rsela sin rebasar su capacidad de resistencia\u00bb, detalle el escritor ermuarra. Para lograr este equilibrio, la obra est\u00e1 estructurada con una entrada y salida y siete cap\u00edtulos, cada uno dedicado a un pediatra, que funcionan como una cuenta atr\u00e1s hasta el \u00faltimo m\u00e9dico infantil real, el Dr. Moazek.<\/p>\n<p>Equilibrio entre dulce y agrio<\/p>\n<p class=\"v-p\">El libro emplea un mecanismo narrativo de episodios \u00abagridulces\u00bb para mantener la esperanza sin ignorar la realidad. detalla el escritor ermuarra. <\/p>\n<p class=\"v-p\">Cada cap\u00edtulo presenta \u00abuna fantas\u00eda, una aventura, tiene tambi\u00e9n alg\u00fan punto de humor\u00bb, pero concluye con un \u00abfinal doble o agridulce\u00bb. El lado \u00abagrio\u00bb es la muerte del pediatra, mientras que el \u00abdulce\u00bb se encuentra en la certeza de que \u00ablos ni\u00f1os van a seguir adelante y con un nuevo aprendizaje muy valioso para la vida, que les ha transmitido ese pediatra\u00bb. Es en este cruce de caminos donde \u00abbuscamos dejar el mensaje de que a pesar de todo lo que trae la guerra es posible la paz\u00bb.<\/p>\n<p>Un esfuerzo coral y colaborativo<\/p>\n<p class=\"v-p\">Arnal subraya la naturaleza colaborativa de esta publicaci\u00f3n, destacando la implicaci\u00f3n de todo un equipo. \u00abEs un libro muy elaborado, dentro de su simpleza\u00bb, afirma. La labor de la ilustradora pamplonesa, Raquel Samitier, fue crucial. \u00abHa sabido leer y ha jugado en la ilustraci\u00f3n con lo \u00e1spero y lo dulce en sus texturas, como nosotros mezclamos lo agrio y lo dulce en el texto\u00bb.<\/p>\n<p class=\"v-p\">El autor destaca que esta fue una experiencia de trabajo \u00fanica. \u00abTambi\u00e9n hemos tenido la implicaci\u00f3n directa de nuestra editora, Aintzi\u00f1e y del maquetador, Unai. Despu\u00e9s de la cantidad de obras de literatura infantil que he publicado es la primera que he trabajado con tanta gente, antes de verla maquetada\u00bb.<\/p>\n<p>Reporta un error<\/p>\n","protected":false},"excerpt":{"rendered":"S\u00e1bado, 4 de octubre 2025, 00:19 &#8216;Alepoko zazpi pedriatrak&#8217; es el t\u00edtulo de la m\u00e1s reciente publicaci\u00f3n del&hellip;\n","protected":false},"author":2,"featured_media":157580,"comment_status":"","ping_status":"","sticky":false,"template":"","format":"standard","meta":{"footnotes":""},"categories":[172],"tags":[47023,47027,224,146,147,25,24,225,4125,47025,23,47026,1885,47024],"class_list":{"0":"post-157579","1":"post","2":"type-post","3":"status-publish","4":"format-standard","5":"has-post-thumbnail","7":"category-libros","8":"tag-alepoko","9":"tag-arnal","10":"tag-books","11":"tag-entertainment","12":"tag-entretenimiento","13":"tag-es","14":"tag-espana","15":"tag-libros","16":"tag-obra","17":"tag-pediatrak","18":"tag-spain","19":"tag-txabi","20":"tag-ultima","21":"tag-zazpi"},"share_on_mastodon":{"url":"","error":""},"_links":{"self":[{"href":"https:\/\/www.europesays.com\/es\/wp-json\/wp\/v2\/posts\/157579","targetHints":{"allow":["GET"]}}],"collection":[{"href":"https:\/\/www.europesays.com\/es\/wp-json\/wp\/v2\/posts"}],"about":[{"href":"https:\/\/www.europesays.com\/es\/wp-json\/wp\/v2\/types\/post"}],"author":[{"embeddable":true,"href":"https:\/\/www.europesays.com\/es\/wp-json\/wp\/v2\/users\/2"}],"replies":[{"embeddable":true,"href":"https:\/\/www.europesays.com\/es\/wp-json\/wp\/v2\/comments?post=157579"}],"version-history":[{"count":0,"href":"https:\/\/www.europesays.com\/es\/wp-json\/wp\/v2\/posts\/157579\/revisions"}],"wp:featuredmedia":[{"embeddable":true,"href":"https:\/\/www.europesays.com\/es\/wp-json\/wp\/v2\/media\/157580"}],"wp:attachment":[{"href":"https:\/\/www.europesays.com\/es\/wp-json\/wp\/v2\/media?parent=157579"}],"wp:term":[{"taxonomy":"category","embeddable":true,"href":"https:\/\/www.europesays.com\/es\/wp-json\/wp\/v2\/categories?post=157579"},{"taxonomy":"post_tag","embeddable":true,"href":"https:\/\/www.europesays.com\/es\/wp-json\/wp\/v2\/tags?post=157579"}],"curies":[{"name":"wp","href":"https:\/\/api.w.org\/{rel}","templated":true}]}}