{"id":15758,"date":"2025-07-31T07:12:09","date_gmt":"2025-07-31T07:12:09","guid":{"rendered":"https:\/\/www.europesays.com\/es\/15758\/"},"modified":"2025-07-31T07:12:09","modified_gmt":"2025-07-31T07:12:09","slug":"luis-enrique-enciende-la-traca","status":"publish","type":"post","link":"https:\/\/www.europesays.com\/es\/15758\/","title":{"rendered":"Luis Enrique enciende la traca"},"content":{"rendered":"<p class=\"ft-text\"><strong>Son d\u00edas de calma chicha en Par\u00eds. Algo se cuece entre bambalinas pero, de momento, no se ha concretado ninguna incorporaci\u00f3n que refuerce al s\u00fapercampe\u00f3n de todo -excepto el Mundial de Clubes-<\/strong>. El calendario apremia, tambi\u00e9n <a href=\"https:\/\/www.sport.es\/es\/noticias\/futbol-internacional\/psg\/psg-caja-luis-enrique-119814130\" class=\"ft-link ft-link--decoration\" rel=\"nofollow noopener\" target=\"_blank\"><strong>Luis Enrique<\/strong><\/a>. El asturiano <strong>ha convocado a su plantilla para el pr\u00f3ximo mi\u00e9rcoles 6 de agosto<\/strong>, apenas una semana antes del primer encuentro oficial que disputar\u00e1n el d\u00eda 13: <strong>la Supercopa de Europa frente al Tottenham.<\/strong><\/p>\n<p class=\"ft-text\"><strong>El t\u00e9cnico pondr\u00e1 as\u00ed fin a un receso imperioso y merecido<\/strong>. La plantilla necesitaba desconectar tras una temporada trufada de \u00e9xitos&#8230; y de partidos. <strong>Para el regreso a los entrenamientos, al gijon\u00e9s le encantar\u00eda que su plantilla se asemejara a la que arrancar\u00e1 la competici\u00f3n en Francia el domingo 17 contra el Nantes<\/strong>. Tarea complicada viendo los tempos que se manejan en el mercado, <strong>con negociaciones que a menudo requieren de semanas para cerrarse. <\/strong><\/p>\n<p><img decoding=\"async\" src=\"https:\/\/www.europesays.com\/es\/wp-content\/uploads\/2025\/07\/a34b4142-45d5-4248-b51f-79a828aab247_alta-libre-aspect-ratio_default_0.jpg\" width=\"1200\" height=\"675\" alt=\"Luis Enrique, t\u00e9cnico del PSG\" class=\"ft-helper-img-rd\" loading=\"lazy\" hasdataaida=\"true\"\/><\/p>\n<p class=\"ft-helper-fontColor-quaternary ft-helper-fontSize-body-S ft-helper-spacer-t-xxs\">Luis Enrique, t\u00e9cnico del PSG  \/ EFE<\/p>\n<p>Dos son las prioridades<\/p>\n<p class=\"ft-text\"><strong>Que un equipo haya arrasado no significa que no precise de retoques. Luis Enrique ha detectado un par de posiciones a apuntalar para consolidar <\/strong>un proyecto que huele a hegemon\u00eda continental. La primera de ellas: el eje central. <strong>Pacho y Marquinhos son intocables, pero necesitan un relevo de garant\u00edas, tal y como se pudo comprobar en la final mundialista<\/strong> que se perdi\u00f3 el ecuatoriano. Beraldo no acaba de convencer y <strong>Lucho aprieta por un zaguero que pueda competir con los dos mencionados<\/strong>.<\/p>\n<p class=\"ft-text\"><strong>El objetivo no es otro que Illya Zabarnyi, central del Bournemouth<\/strong>. El ucraniano ha explotado de la mano de Andoni Iraola, que se resigna a perder a su pareja de centrales este verano tras la salida de Dean Huijsen al Real Madrid. <strong>Las conversaciones entre franceses e ingleses est\u00e1n avanzadas, aunque sin acuerdo total en el apartado econ\u00f3mico. En el Vitality Stadium esperan una cantidad que supere los 60 millones para sellar el pacto. <\/strong><\/p>\n<p class=\"ft-text\"><a href=\"https:\/\/www.sport.es\/es\/noticias\/futbol-internacional\/psg\/luis-enrique-cura-salud-sustituto-120089232\" class=\"ft-link ft-link--decoration\" rel=\"nofollow noopener\" target=\"_blank\"><strong>La segunda prioridad es Lucas Chevalier, un fichaje que parece un vendaje antes de la herida que supondr\u00eda la no renovaci\u00f3n de Gianluigi Donnarumma<\/strong><\/a>. El PSG ya ha enviado una primera propuesta, rechazada por <strong>el Lille rotundamente al considerarla insuficiente. El club norte\u00f1o solicita 40 &#8216;kilos&#8217; por su portero<\/strong>.<\/p>\n<p>Pendientes de Portugal<\/p>\n<p class=\"ft-text\"><strong>Luis Campos no ha desconectado ni en sus d\u00edas de asueto en el Algarve luso<\/strong>. El director deportivo, siempre pendiente de sus compatriotas, ha echado el ojo a Rodrigo Mora, joven promesa del Oporto. Un futbolista talentoso, que se desenvuelve en la mediapunta y cuyo \u00fanico lunar es su precio. <strong>El futbolista renov\u00f3 recientemente con los &#8216;dragones&#8217;, con una cl\u00e1usula de 70 millones. Ser\u00e1 complicado sacarlo ahora de las garras de Villas-Boas.<\/strong><\/p>\n<p class=\"ft-text\"><strong>Otro de los nombres que ha surgido en las \u00faltimas horas es de Rafael Leao<\/strong>. El extremo del Milan gusta en Par\u00eds, sobre todo si sale Bradley Barcola, y<strong> la amistad de Jorge Mendes, su representante, con Campos allanar\u00eda el camino<\/strong>. Las virtudes del futbolista portugu\u00e9s casan con lo que le pide Lucho a un atacante. <strong>El mercado del PSG coge temperatura<\/strong>.<\/p>\n","protected":false},"excerpt":{"rendered":"Son d\u00edas de calma chicha en Par\u00eds. Algo se cuece entre bambalinas pero, de momento, no se ha&hellip;\n","protected":false},"author":2,"featured_media":15759,"comment_status":"","ping_status":"","sticky":false,"template":"","format":"standard","meta":{"footnotes":""},"categories":[268],"tags":[168,25,24,285,280,282,10402,1239,4409,281,23,167],"class_list":{"0":"post-15758","1":"post","2":"type-post","3":"status-publish","4":"format-standard","5":"has-post-thumbnail","7":"category-futbol","8":"tag-deportes","9":"tag-es","10":"tag-espana","11":"tag-fichajes","12":"tag-football","13":"tag-futbol","14":"tag-luis-enrique","15":"tag-mercado","16":"tag-psg","17":"tag-soccer","18":"tag-spain","19":"tag-sports"},"share_on_mastodon":{"url":"","error":""},"_links":{"self":[{"href":"https:\/\/www.europesays.com\/es\/wp-json\/wp\/v2\/posts\/15758","targetHints":{"allow":["GET"]}}],"collection":[{"href":"https:\/\/www.europesays.com\/es\/wp-json\/wp\/v2\/posts"}],"about":[{"href":"https:\/\/www.europesays.com\/es\/wp-json\/wp\/v2\/types\/post"}],"author":[{"embeddable":true,"href":"https:\/\/www.europesays.com\/es\/wp-json\/wp\/v2\/users\/2"}],"replies":[{"embeddable":true,"href":"https:\/\/www.europesays.com\/es\/wp-json\/wp\/v2\/comments?post=15758"}],"version-history":[{"count":0,"href":"https:\/\/www.europesays.com\/es\/wp-json\/wp\/v2\/posts\/15758\/revisions"}],"wp:featuredmedia":[{"embeddable":true,"href":"https:\/\/www.europesays.com\/es\/wp-json\/wp\/v2\/media\/15759"}],"wp:attachment":[{"href":"https:\/\/www.europesays.com\/es\/wp-json\/wp\/v2\/media?parent=15758"}],"wp:term":[{"taxonomy":"category","embeddable":true,"href":"https:\/\/www.europesays.com\/es\/wp-json\/wp\/v2\/categories?post=15758"},{"taxonomy":"post_tag","embeddable":true,"href":"https:\/\/www.europesays.com\/es\/wp-json\/wp\/v2\/tags?post=15758"}],"curies":[{"name":"wp","href":"https:\/\/api.w.org\/{rel}","templated":true}]}}