{"id":157583,"date":"2025-10-05T05:57:09","date_gmt":"2025-10-05T05:57:09","guid":{"rendered":"https:\/\/www.europesays.com\/es\/157583\/"},"modified":"2025-10-05T05:57:09","modified_gmt":"2025-10-05T05:57:09","slug":"ourense-se-vacuna-contra-la-gripe-y-el-covid","status":"publish","type":"post","link":"https:\/\/www.europesays.com\/es\/157583\/","title":{"rendered":"Ourense se vacuna contra la gripe y el covid"},"content":{"rendered":"<p class=\"paragraph-atom &#10;        B-500-500-700-N B-600-500-700-N--md  \">Ha comenzado<strong> la campa\u00f1a de <\/strong><a href=\"https:\/\/www.laregion.es\/temas\/vacunas\/\" rel=\"nofollow noopener\" target=\"_blank\"><strong>vacunaci\u00f3n <\/strong><\/a><strong>de gripe y covid-19 de Galicia del 2025 <\/strong>en las diferentes residencias sociosanitarias de la comunidad. La operaci\u00f3n se desarrolla <strong>de forma progresiva a trav\u00e9s de los diferentes colectivos de habitantes seg\u00fan su edad y riesgo<\/strong>, empezando por los residentes en los centros, hasta alcanzar al conjunto de los grupos de poblaci\u00f3n diana y durar\u00e1 hasta final de a\u00f1o, sin contar con vacun\u00f3dromos masivos en contraste con anteriores ediciones.<\/p>\n<p>                                                            <img decoding=\"async\" loading=\"lazy\" src=\"https:\/\/www.europesays.com\/es\/wp-content\/uploads\/2025\/10\/1e31cf51-6848-4ff7-9985-12aa30280d4f_source-aspect-ratio_1600w_0.jpg\" alt=\"Infograf\u00eda\" title=\"Infograf\u00eda\" height=\"753\" width=\"596\"\/><\/p>\n<p>    Infograf\u00eda<\/p>\n<p class=\"paragraph-atom &#10;        B-500-500-700-N B-600-500-700-N--md  \"><strong>En la provincia de Ourense existen m\u00e1s de 150 centros sociosaniarios, con aproximadamente 6.300 usuarios, que ser\u00e1n los primeros ourensanos en recibir la doble vacuna<\/strong>, adem\u00e1s del personal que trabaja en estas residencias. En el estreno en la Residencia do Carballi\u00f1o para Persoas con Dependencia estuvieron presentes, el delegado de la Xunta en Ourense, Manuel Pardo, el gerente del \u00c1rea sanitaria de Ourense, Ver\u00edn y O Barco de Valdeorras, Santiago Camba y el alcalde de O Carballi\u00f1o, Francisco Fumega, entre diversas figuras pol\u00edticas y del \u00e1mbito sanitario.<\/p>\n<p>\n        Relacionado\n    <\/p>\n","protected":false},"excerpt":{"rendered":"Ha comenzado la campa\u00f1a de vacunaci\u00f3n de gripe y covid-19 de Galicia del 2025 en las diferentes residencias&hellip;\n","protected":false},"author":2,"featured_media":157584,"comment_status":"","ping_status":"","sticky":false,"template":"","format":"standard","meta":{"footnotes":""},"categories":[92],"tags":[2270,25,24,7749,165,47032,19704,166,23,8177],"class_list":{"0":"post-157583","1":"post","2":"type-post","3":"status-publish","4":"format-standard","5":"has-post-thumbnail","7":"category-salud","8":"tag-covid","9":"tag-es","10":"tag-espana","11":"tag-gripe","12":"tag-health","13":"tag-infografia","14":"tag-ourense","15":"tag-salud","16":"tag-spain","17":"tag-vacuna"},"share_on_mastodon":{"url":"","error":""},"_links":{"self":[{"href":"https:\/\/www.europesays.com\/es\/wp-json\/wp\/v2\/posts\/157583","targetHints":{"allow":["GET"]}}],"collection":[{"href":"https:\/\/www.europesays.com\/es\/wp-json\/wp\/v2\/posts"}],"about":[{"href":"https:\/\/www.europesays.com\/es\/wp-json\/wp\/v2\/types\/post"}],"author":[{"embeddable":true,"href":"https:\/\/www.europesays.com\/es\/wp-json\/wp\/v2\/users\/2"}],"replies":[{"embeddable":true,"href":"https:\/\/www.europesays.com\/es\/wp-json\/wp\/v2\/comments?post=157583"}],"version-history":[{"count":0,"href":"https:\/\/www.europesays.com\/es\/wp-json\/wp\/v2\/posts\/157583\/revisions"}],"wp:featuredmedia":[{"embeddable":true,"href":"https:\/\/www.europesays.com\/es\/wp-json\/wp\/v2\/media\/157584"}],"wp:attachment":[{"href":"https:\/\/www.europesays.com\/es\/wp-json\/wp\/v2\/media?parent=157583"}],"wp:term":[{"taxonomy":"category","embeddable":true,"href":"https:\/\/www.europesays.com\/es\/wp-json\/wp\/v2\/categories?post=157583"},{"taxonomy":"post_tag","embeddable":true,"href":"https:\/\/www.europesays.com\/es\/wp-json\/wp\/v2\/tags?post=157583"}],"curies":[{"name":"wp","href":"https:\/\/api.w.org\/{rel}","templated":true}]}}