{"id":157585,"date":"2025-10-05T05:58:09","date_gmt":"2025-10-05T05:58:09","guid":{"rendered":"https:\/\/www.europesays.com\/es\/157585\/"},"modified":"2025-10-05T05:58:09","modified_gmt":"2025-10-05T05:58:09","slug":"fallece-el-actor-javier-manrique-destacado-por-su-papel-en-camera-cafe","status":"publish","type":"post","link":"https:\/\/www.europesays.com\/es\/157585\/","title":{"rendered":"Fallece el actor Javier Manrique, destacado por su papel en Camera Caf\u00e9"},"content":{"rendered":"<p class=\"v-mdl-ath__p v-mdl-ath__p--6\">\nViernes, 3 de octubre 2025, 17:00<\/p>\n<p class=\"v-p\">Semanas despu\u00e9s de los inesperados fallecimientos de Ver\u00f3nica Echegui y Eusebio Poncela, el mundo de la interpretaci\u00f3n de <strong>nuestro pa\u00eds vuelve a vestirse de luto con la muerte a los 56 a\u00f1os del popular actor Javier Manrique<\/strong>, recordado por su personaje de Lorenzo en la serie &#8216;Camera Caf\u00e9&#8217;, y por sus papeles de secundario de lujo en algunas de las pel\u00edculas m\u00e1s conocidas de \u00c1lex de la Iglesia, como &#8216;El d\u00eda de la bestia&#8217; o &#8216;Las brujas de Zugarramurdi&#8217;.<\/p>\n<p class=\"v-p\">Ha sido la Academia de Cine la que ha comunicado la triste noticia este jueves a trav\u00e9s de un comunicado publicado en su cuenta de &#8216;X&#8217; d\u00edas, <strong>d\u00edas despu\u00e9s del fallecimiento del int\u00e9rpreta<\/strong>, al que la directora Aitana Gal\u00e1n homenaje\u00f3 en redes sociales el pasado 30 de septiembre, r<strong>ecordando sus inicios en el mundo del cine.<\/strong><\/p>\n<p class=\"v-p\"><strong>Nacido en Per\u00fa<\/strong>, Javier S\u00e1ez de Lafuente -su verdadero nombre- particip\u00f3 en algunas de las series m\u00e1s importantes de nuestro pa\u00eds desde finales de los 80: &#8216;Farmacia de Guardia&#8217;, &#8216;La casa de los l\u00edos&#8217;, &#8216;A las once en casa&#8217;, &#8216;Turno de oficio&#8217;, &#8216;Este es mi barrio&#8217;, &#8216;Hospital Central&#8217;, &#8216;Centro m\u00e9dico&#8217;, o &#8216;Camera Caf\u00e9&#8217;, donde dio vida al popular personaje de Lorenzo.<\/p>\n<p class=\"v-p\">Una carrera que tambi\u00e9n fue prol\u00edfica en cine, donde actu\u00f3 en pel\u00edculas como &#8216;Todo es mentira&#8217; -con Pen\u00e9lope Cruz-, &#8216;M\u00e1s que amor frenes\u00ed&#8217; y donde se gan\u00f3 un hueco en las pel\u00edculas del director \u00c1lex de la Iglesia, con roles secundarios en &#8216;El d\u00eda de la bestia&#8217;, &#8216;Las brujas de Zagarramurdi&#8217;, y &#8216;Mi gran noche&#8217; (2015).<\/p>\n<p class=\"v-p\">En los \u00faltimos a\u00f1os Javier <strong>dej\u00f3 a un lado la interpretaci\u00f3n para centrarse en su faceta de representante de actores con su propia agencia<\/strong>, Manrique Management, llevando la carrera de j\u00f3venes promesas como Marco C\u00e1ceres.<\/p>\n<p>Reporta un error<\/p>\n","protected":false},"excerpt":{"rendered":"Viernes, 3 de octubre 2025, 17:00 Semanas despu\u00e9s de los inesperados fallecimientos de Ver\u00f3nica Echegui y Eusebio Poncela,&hellip;\n","protected":false},"author":2,"featured_media":157586,"comment_status":"","ping_status":"","sticky":false,"template":"","format":"standard","meta":{"footnotes":""},"categories":[91],"tags":[1339,6185,30342,4007,146,147,25,24,5992,5264,47033,847,23],"class_list":{"0":"post-157585","1":"post","2":"type-post","3":"status-publish","4":"format-standard","5":"has-post-thumbnail","7":"category-entretenimiento","8":"tag-actor","9":"tag-cafe","10":"tag-camera","11":"tag-destacado","12":"tag-entertainment","13":"tag-entretenimiento","14":"tag-es","15":"tag-espana","16":"tag-fallece","17":"tag-javier","18":"tag-manrique","19":"tag-papel","20":"tag-spain"},"share_on_mastodon":{"url":"","error":""},"_links":{"self":[{"href":"https:\/\/www.europesays.com\/es\/wp-json\/wp\/v2\/posts\/157585","targetHints":{"allow":["GET"]}}],"collection":[{"href":"https:\/\/www.europesays.com\/es\/wp-json\/wp\/v2\/posts"}],"about":[{"href":"https:\/\/www.europesays.com\/es\/wp-json\/wp\/v2\/types\/post"}],"author":[{"embeddable":true,"href":"https:\/\/www.europesays.com\/es\/wp-json\/wp\/v2\/users\/2"}],"replies":[{"embeddable":true,"href":"https:\/\/www.europesays.com\/es\/wp-json\/wp\/v2\/comments?post=157585"}],"version-history":[{"count":0,"href":"https:\/\/www.europesays.com\/es\/wp-json\/wp\/v2\/posts\/157585\/revisions"}],"wp:featuredmedia":[{"embeddable":true,"href":"https:\/\/www.europesays.com\/es\/wp-json\/wp\/v2\/media\/157586"}],"wp:attachment":[{"href":"https:\/\/www.europesays.com\/es\/wp-json\/wp\/v2\/media?parent=157585"}],"wp:term":[{"taxonomy":"category","embeddable":true,"href":"https:\/\/www.europesays.com\/es\/wp-json\/wp\/v2\/categories?post=157585"},{"taxonomy":"post_tag","embeddable":true,"href":"https:\/\/www.europesays.com\/es\/wp-json\/wp\/v2\/tags?post=157585"}],"curies":[{"name":"wp","href":"https:\/\/api.w.org\/{rel}","templated":true}]}}