{"id":157591,"date":"2025-10-05T06:02:09","date_gmt":"2025-10-05T06:02:09","guid":{"rendered":"https:\/\/www.europesays.com\/es\/157591\/"},"modified":"2025-10-05T06:02:09","modified_gmt":"2025-10-05T06:02:09","slug":"el-pp-sufre-por-el-auge-de-vox-que-marca-el-debate-politico-y-le-resta-un-millon-de-votos-el-pais-expres","status":"publish","type":"post","link":"https:\/\/www.europesays.com\/es\/157591\/","title":{"rendered":"El PP sufre por el auge de Vox, que marca el debate pol\u00edtico y le resta un mill\u00f3n de votos | El PA\u00cdS Expr\u00e9s"},"content":{"rendered":"<p><img fetchpriority=\"high\" decoding=\"auto\" class=\"_re  a_m-h\" height=\"414\"  width=\"414\"  src=\"https:\/\/www.europesays.com\/es\/wp-content\/uploads\/2025\/10\/ER44PCCR75AETBDF3HXNOECBSA.jpg\" loading=\"eager\"\/>El presidente del VOX, Santiago Abascal, interviene durante el acto pol\u00edtico de VOX \u0091Europa Viva 2025\u0092, en el Palacio de Vistalegre, a 14 de septiembre de 2025, en Madrid (Espa\u00f1a). EUROPA VIVA 2025 se realiza este a\u00f1o bajo el lema \u0091Por una Europa nueva y decente\u0092 y ha ocupado los d\u00edas 13 y 14 de septiembre con actividades para las familias, casetas provinciales, gastronom\u00eda, o zona de compras, entre otras, y un acto pol\u00edtico como cierre.&#13;<br \/>\n14 SEPTIEMBRE 2025;EUROPA VIVA;PALACIO DE VISTALEGRE;MADRID;VOX&#13;<br \/>\nCarlos Luj\u00e1n \/ Europa Press&#13;<br \/>\n14\/09\/2025Foto: Carlos Luj\u00e1n (Europa Press)<\/p>\n<p class=\"\">Vox se ha convertido en un actor clave de la pol\u00edtica espa\u00f1ola pese a su baja actividad p\u00fablica y parlamentaria. Aprovechando el descontento social, la ola antiinmigraci\u00f3n y su \u00e9xito en redes sociales, el partido de Santiago Abascal crece entre los j\u00f3venes y amenaza el espacio del Partido Popular. <\/p>\n<p class=\"\"><b>\u00bfQu\u00e9 dicen las encuestas? <\/b>Vox resta m\u00e1s de un mill\u00f3n de votos al PP, debilitando su liderazgo frente al PSOE, que resiste mejor de lo previsto. <\/p>\n<ul>\n<li>Esta situaci\u00f3n genera nerviosismo en G\u00e9nova, donde se barajan adelantos electorales en autonom\u00edas como o Andaluc\u00eda o Extremadura.<\/li>\n<\/ul>\n<p class=\"\"><b>Adem\u00e1s, el PP tiene otro problema.<\/b> Lo pol\u00e9mica sobre el aborto en Madrid (donde se aprob\u00f3 una moci\u00f3n de Vox para informar a las mujeres de un s\u00edndrome posaborto inexistente) ejemplifica c\u00f3mo la ultraderecha marca la pauta pol\u00edtica, forzando al PP a rectificar y dej\u00e1ndolo como una \u201cderecha cobarde\u201d.<\/p>\n<p class=\"\"><b>La divisi\u00f3n favorece al PSOE.<\/b> Esta semana Pedro S\u00e1nchez aprovech\u00f3 el error del PP sobre el aborto para reactivar la idea de incluirlo como derecho en la Constituci\u00f3n. <\/p>\n<p class=\"\">\u00a9Foto: Carlos Luj\u00e1n (EP)<\/p>\n<p class=\"\"><a href=\"https:\/\/elpais.com\/espana\/2025-10-05\/vox-desorienta-al-pp-e-inquieta-al-gobierno.html\" target=\"_self\" rel=\"nofollow noopener\" title=\"https:\/\/elpais.com\/espana\/2025-10-05\/vox-desorienta-al-pp-e-inquieta-al-gobierno.html\">Si quieres saber m\u00e1s, puedes leer aqu\u00ed.<\/a><\/p>\n","protected":false},"excerpt":{"rendered":"El presidente del VOX, Santiago Abascal, interviene durante el acto pol\u00edtico de VOX \u0091Europa Viva 2025\u0092, en el&hellip;\n","protected":false},"author":2,"featured_media":157592,"comment_status":"","ping_status":"","sticky":false,"template":"","format":"standard","meta":{"footnotes":""},"categories":[8],"tags":[6069,17,18,25,24,2287,13,14,11,19,20,9,10,15,16,2959,956,1699,6914,23,12,21,22,624],"class_list":{"0":"post-157591","1":"post","2":"type-post","3":"status-publish","4":"format-standard","5":"has-post-thumbnail","7":"category-espana","8":"tag-alberto-nunez-feijoo","9":"tag-breaking-news","10":"tag-breakingnews","11":"tag-es","12":"tag-espana","13":"tag-extrema-derecha","14":"tag-featured-news","15":"tag-featurednews","16":"tag-headlines","17":"tag-latest-news","18":"tag-latestnews","19":"tag-news","20":"tag-noticias","21":"tag-noticias-destacadas","22":"tag-noticiasdestacadas","23":"tag-pedro-sanchez","24":"tag-pp","25":"tag-psoe","26":"tag-santiago-abascal","27":"tag-spain","28":"tag-titulares","29":"tag-ultimas-noticias","30":"tag-ultimasnoticias","31":"tag-vox"},"share_on_mastodon":{"url":"","error":""},"_links":{"self":[{"href":"https:\/\/www.europesays.com\/es\/wp-json\/wp\/v2\/posts\/157591","targetHints":{"allow":["GET"]}}],"collection":[{"href":"https:\/\/www.europesays.com\/es\/wp-json\/wp\/v2\/posts"}],"about":[{"href":"https:\/\/www.europesays.com\/es\/wp-json\/wp\/v2\/types\/post"}],"author":[{"embeddable":true,"href":"https:\/\/www.europesays.com\/es\/wp-json\/wp\/v2\/users\/2"}],"replies":[{"embeddable":true,"href":"https:\/\/www.europesays.com\/es\/wp-json\/wp\/v2\/comments?post=157591"}],"version-history":[{"count":0,"href":"https:\/\/www.europesays.com\/es\/wp-json\/wp\/v2\/posts\/157591\/revisions"}],"wp:featuredmedia":[{"embeddable":true,"href":"https:\/\/www.europesays.com\/es\/wp-json\/wp\/v2\/media\/157592"}],"wp:attachment":[{"href":"https:\/\/www.europesays.com\/es\/wp-json\/wp\/v2\/media?parent=157591"}],"wp:term":[{"taxonomy":"category","embeddable":true,"href":"https:\/\/www.europesays.com\/es\/wp-json\/wp\/v2\/categories?post=157591"},{"taxonomy":"post_tag","embeddable":true,"href":"https:\/\/www.europesays.com\/es\/wp-json\/wp\/v2\/tags?post=157591"}],"curies":[{"name":"wp","href":"https:\/\/api.w.org\/{rel}","templated":true}]}}