{"id":157597,"date":"2025-10-05T06:19:24","date_gmt":"2025-10-05T06:19:24","guid":{"rendered":"https:\/\/www.europesays.com\/es\/157597\/"},"modified":"2025-10-05T06:19:24","modified_gmt":"2025-10-05T06:19:24","slug":"el-1x1-del-deportivo-en-el-empate-ante-el-almeria","status":"publish","type":"post","link":"https:\/\/www.europesays.com\/es\/157597\/","title":{"rendered":"El \u00ab1&#215;1\u00bb del Deportivo en el empate ante el Almer\u00eda"},"content":{"rendered":"<p>\t\t\t\t\t\tYeremay destac\u00f3 como el mejor en un partido en que varios jugadores alcanzaron el notable<br \/>\n\t\t\t\t\t\t\t\t\t\t\t\t<strong>04 oct 2025<\/strong> . Actualizado a las 18:26 h.\t\t\t\t\t\t<\/p>\n<p>\t\t\t\t\t\t\t\t\t\t\t\t\t\t\t\t\t\t\tEl mejor |\u00a0Yeremay Hern\u00e1ndez | 8<\/p>\n<p class=\"txt\">Su partido estaba siendo corriente hasta el gol. Pero es que el gol fue un aut\u00e9ntico esc\u00e1ndalo. A partir de ah\u00ed, continu\u00f3 crecido hasta el final.<\/p>\n<p>\t\t\t\t           \t\t\t\t\t\t\t\t\t\t\t\t\t\t\t\t\t\t\t\t\tGerm\u00e1n Parre\u00f1o | 6<\/p>\n<p class=\"txt\">El 0-1 lleg\u00f3 en un cabezazo imposible de contrarrestar. Por lo dem\u00e1s, seguro en los blocajes y atento a los balones largos.<\/p>\n<p>\t\t\t\t\t\t \t\t\t\t\t\t\t\t\t\t\t\t\t\t\t\t\t\t\t\t\t\t\tXimo Navarro | 7<\/p>\n<p class=\"txt\">Amonestado por una dura entrada. Cuando se anim\u00f3 a subir, puso un bal\u00f3n de gol a Mulattieri y tuvo un remate. Se fue lesionado.<\/p>\n<p>\t\t\t\t           \t\t\t\t\t\t\t\t\t\t\t\t\t\t\t\t\t\t\t\t\tMiguel Loureiro | 6<\/p>\n<p class=\"txt\">Atento al corte y sacrificado en funciones defensivas. Pendiente de las irrupciones de Arribas.<\/p>\n<p>Dani Barcia | 6<\/p>\n<p class=\"txt\">Perdi\u00f3 la marca en el c\u00f3rner del 0-1 en su \u00fanico lunar de la tarde. Antes y despu\u00e9s, correcto.<\/p>\n<p>\t\t\t\t\t\t \t\t\t\t\t\t\t\t\t\t\t\t\t\t\t\t\t\t\t\t\t\t\tGiacomo Quagliata | 8<\/p>\n<p class=\"txt\">De los m\u00e1s participativos. Se plant\u00f3 varias veces en campo rival y venci\u00f3 el duelo constante con Arnau y Baptistao.<\/p>\n<p>\t\t\t\t           \t\t\t\t\t\t\t\t\t\t\t\t\t\t\t\t\t\t\t\t\tDiego Villares | 7<\/p>\n<p class=\"txt\">Llev\u00f3 m\u00e1s peligro al marco almeriense que ning\u00fan otro compa\u00f1ero. Busc\u00f3 sorprender con sus incorporaciones.<\/p>\n<p>Charlie Pati\u00f1o | 6<\/p>\n<p class=\"txt\">Empez\u00f3 con pases f\u00e1ciles y fue entrando en calor y atrevi\u00e9ndose a buscar huecos entre l\u00edneas o en zonas alejadas.<\/p>\n<p>\t\t\t\t\t\t \t\t\t\t\t\t\t\t\t\t\t\t\t\t\t\t\t\t\t\t\t\t\tMario Soriano | 7<\/p>\n<p class=\"txt\">Otro encuentro en el que se multiplic\u00f3 para asociarse y tratar de filtrar balones. Cay\u00f3 bastante a banda.<\/p>\n<p>\t\t\t\t           \t\t\t\t\t\t\t\t\t\t\t\t\t\t\t\t\t\t\t\t\tLuismi Cruz | 8<\/p>\n<p class=\"txt\">Demostr\u00f3 much\u00edsimo criterio en cada bal\u00f3n que toc\u00f3. Aporta desequilibrio y pase.<\/p>\n<p>Samuele Mulattieri | 6<\/p>\n<p class=\"txt\">Tuvo el 1-1 en un gran centro de Ximo. Mejor lejos del \u00e1rea que dentro de ella.<\/p>\n<p>\t\t\t\t\t\t \t\t\t\t\t\t\t\t\t\t\t\t\t\t\t\t\t\t\t\t\t\t\tZakaria Eddahchouri | 7<\/p>\n<p class=\"txt\">Important\u00edsima su actuaci\u00f3n en la jugada del 1-1. Volvi\u00f3 a salir desde el banquillo para sumar.<\/p>\n<p>Stoichkov | 5<\/p>\n<p class=\"txt\">Sali\u00f3 fr\u00edo y poco fino, pero tuvo un buen disparo desde la frontal.<\/p>\n<p>\t\t\t\t           \t\t\t\t\t\t\t\t\t\t\t\t\t\t\t\t\t\t\t\t\tLucas Noubi | 4<\/p>\n<p class=\"txt\">Reemplaz\u00f3 al lesionado Ximo. Muy descentrado.<\/p>\n<p>Jos\u00e9 \u00c1ngel Jurado | &#8211;<\/p>\n<p class=\"txt\">Debut\u00f3 esta temporada.<\/p>\n<p>Cristian Herrera | &#8211;<\/p>\n<p class=\"txt\">Sali\u00f3 casi en el descuento.<\/p>\n<p>&#13;<br \/>\n\tArchivado en:&#13;<br \/>\n\t\t\t\t\t<a href=\"https:\/\/www.lavozdegalicia.es\/temas\/deportivo\/\" target=\"_blank\" class=\"mg-l\" rel=\"nofollow noopener\">Deportivo<\/a>&#13;<br \/>\n\t&#13;<\/p>\n","protected":false},"excerpt":{"rendered":"Yeremay destac\u00f3 como el mejor en un partido en que varios jugadores alcanzaron el notable 04 oct 2025&hellip;\n","protected":false},"author":2,"featured_media":157598,"comment_status":"","ping_status":"","sticky":false,"template":"","format":"standard","meta":{"footnotes":""},"categories":[93],"tags":[168,412,25,24,23,167],"class_list":{"0":"post-157597","1":"post","2":"type-post","3":"status-publish","4":"format-standard","5":"has-post-thumbnail","7":"category-deportes","8":"tag-deportes","9":"tag-deportivo","10":"tag-es","11":"tag-espana","12":"tag-spain","13":"tag-sports"},"share_on_mastodon":{"url":"","error":""},"_links":{"self":[{"href":"https:\/\/www.europesays.com\/es\/wp-json\/wp\/v2\/posts\/157597","targetHints":{"allow":["GET"]}}],"collection":[{"href":"https:\/\/www.europesays.com\/es\/wp-json\/wp\/v2\/posts"}],"about":[{"href":"https:\/\/www.europesays.com\/es\/wp-json\/wp\/v2\/types\/post"}],"author":[{"embeddable":true,"href":"https:\/\/www.europesays.com\/es\/wp-json\/wp\/v2\/users\/2"}],"replies":[{"embeddable":true,"href":"https:\/\/www.europesays.com\/es\/wp-json\/wp\/v2\/comments?post=157597"}],"version-history":[{"count":0,"href":"https:\/\/www.europesays.com\/es\/wp-json\/wp\/v2\/posts\/157597\/revisions"}],"wp:featuredmedia":[{"embeddable":true,"href":"https:\/\/www.europesays.com\/es\/wp-json\/wp\/v2\/media\/157598"}],"wp:attachment":[{"href":"https:\/\/www.europesays.com\/es\/wp-json\/wp\/v2\/media?parent=157597"}],"wp:term":[{"taxonomy":"category","embeddable":true,"href":"https:\/\/www.europesays.com\/es\/wp-json\/wp\/v2\/categories?post=157597"},{"taxonomy":"post_tag","embeddable":true,"href":"https:\/\/www.europesays.com\/es\/wp-json\/wp\/v2\/tags?post=157597"}],"curies":[{"name":"wp","href":"https:\/\/api.w.org\/{rel}","templated":true}]}}