{"id":157605,"date":"2025-10-05T06:23:07","date_gmt":"2025-10-05T06:23:07","guid":{"rendered":"https:\/\/www.europesays.com\/es\/157605\/"},"modified":"2025-10-05T06:23:07","modified_gmt":"2025-10-05T06:23:07","slug":"grandes-cadenas-de-hosteleria-se-interesan-por-el-local-mas-codiciado-de-porta-do-sol","status":"publish","type":"post","link":"https:\/\/www.europesays.com\/es\/157605\/","title":{"rendered":"Grandes cadenas de hosteler\u00eda se interesan por el local m\u00e1s codiciado de Porta do Sol"},"content":{"rendered":"<p class=\"ft-text ft-helper-closenews\">La joya de la corona de Porta do Sol se traspasa. Tal y como inform\u00f3 FARO recientemente, la planta baja del hist\u00f3rico edificio Sime\u00f3n se traspasa. Los due\u00f1os del negocio de hosteler\u00eda que lleva ah\u00ed tres a\u00f1os, el Ca\u00f1averal, han decidido cerrarlo para dedicarse a otras l\u00edneas de negocio que tienen activas, poniendo el local en el mercado. <strong>\u00abEs el m\u00e1s grande de la zona, el que tiene m\u00e1s visibilidad\u00bb<\/strong>, asegura Carlos Garc\u00eda Vilaboa, el agente inmobiliario que est\u00e1 llevando la operaci\u00f3n. Son varias las grandes cadenas del sector de la hosteler\u00eda las que se han interesado por este codiciado local. Pero tendr\u00e1n que rascarse el bolsillo. Y es que <strong>su ubicaci\u00f3n estrat\u00e9gica en el coraz\u00f3n de Porta do Sol, en la esquina con la calle Doctor Cadaval, dispara su precio<\/strong>. Es m\u00e1s, es uno de los locales m\u00e1s caros de toda la ciudad.<\/p>\n<p class=\"ft-text\">Concretamente, por el traspaso se pide unos 350.000 euros, a los que hay que sumar una renta mensual de 12.000 al mes. Es decir, una inversi\u00f3n muy importante y que no est\u00e1 accesible para muchos pero que se considera que tiene retorno. Solo hace falta pasarse un d\u00eda por all\u00ed y ver c\u00f3mo est\u00e1 el restaurante Ca\u00f1averal, que todav\u00eda sigue operativo hasta que se traspase el local. Pese a que cuenta con unos precios m\u00e1s elevados por la zona en la que est\u00e1, lo cierto es que<strong> pr\u00e1cticamente a cualquier hora del d\u00eda, sino llueve, tiene las dos terrazas, tanto la exterior como la cubierta, a rebosar<\/strong>. Y el interior, lo mismo. Y es que a diario pasan por all\u00ed miles de personas, y es precisamente esa ubicaci\u00f3n privilegiada lo que convierte al local en una apuesta segura.<\/p>\n<p class=\"ft-text\">Tal y como apunta el agente inmobiliario, \u00abes una inversi\u00f3n segura y rentable\u00bb la idea inicial es traspasarlo como negocio de hosteler\u00eda, con toda la maquinaria con la que cuenta. Las ofertas han ido llegando pero en caso de que no fructifiquen,<strong> tampoco se descarta un traspaso para otro tipo de negocio que muestre un inter\u00e9s real en mudarse all\u00ed<\/strong>. En caso de que finalmente se cierre un traspaso como local de hosteler\u00eda, ir\u00eda competamente equipado y listo para continuar la actividad sin interrupciones.<\/p>\n<p class=\"ft-text\">El local, de <strong>400 m\u00b2<\/strong>, ha sido reformado recientemente con un dise\u00f1o elegante y materiales de alta calidad. Cuenta con una terraza exterior y otra cubierta, perfectas para aprovechar el buen clima y aumentar la capacidad del local.<\/p>\n<p class=\"ft-text\"><strong>M\u00e1s de una treintena de negocios de la ciudad est\u00e1n en traspaso<\/strong>. Se concentran, sobre todo, en el casco urbano: Pr\u00edncipe, Garc\u00eda Barb\u00f3n, Bala\u00eddos, Camelias, O Berb\u00e9s, O Calvario o la Gran V\u00eda. Pero tambi\u00e9n hay en Lavadores o Coruxo. Este tipo de operaciones permiten recuperar parte de la inversi\u00f3n realizada en el local y ofrecen a emprendedores la ventaja de empezar su aventura en un espacio ya equipado y, en algunos casos, con clientela asegurada. Bares, cafeter\u00edas y restaurantes son candidatos a protagonizar estos movimientos. As\u00ed lo reflejan los datos: centran m\u00e1s de la mitad de los anuncios en portales digitales como Idealista, Fotocasa o Milanuncios.<\/p>\n<p class=\"ft-text\">Traspasar un negocio es una opci\u00f3n interesante porque permite al propietario recuperar parte de la inversi\u00f3n realizada en reformas, licencias o equipamiento, una alternativa a cerrar y perderlo todo. Adem\u00e1s, facilita que otra persona contin\u00fae la actividad de forma inmediata, aprovechando el local ya acondicionado, la clientela fidelizada y la reputaci\u00f3n del establecimiento. <strong>Para el comprador, supone menos riesgo que comenzar un proyecto desde cero, ya que accede a un negocio en marcha con estructura y permisos vigentes.<\/strong><\/p>\n<p data-close=\"closedContent\" class=\"subscribeHideForDisplay\">Suscr\u00edbete para seguir leyendo<\/p>\n","protected":false},"excerpt":{"rendered":"La joya de la corona de Porta do Sol se traspasa. Tal y como inform\u00f3 FARO recientemente, la&hellip;\n","protected":false},"author":2,"featured_media":157606,"comment_status":"","ping_status":"","sticky":false,"template":"","format":"standard","meta":{"footnotes":""},"categories":[80],"tags":[82,15644,95,94,25,24,4645,6799,37681,2552,3634,41742,23],"class_list":{"0":"post-157605","1":"post","2":"type-post","3":"status-publish","4":"format-standard","5":"has-post-thumbnail","7":"category-economia","8":"tag-business","9":"tag-cadenas","10":"tag-economia","11":"tag-economy","12":"tag-es","13":"tag-espana","14":"tag-grandes","15":"tag-hosteleria","16":"tag-interesan","17":"tag-local","18":"tag-mercado-inmobiliario","19":"tag-porta-do-sol","20":"tag-spain"},"share_on_mastodon":{"url":"","error":""},"_links":{"self":[{"href":"https:\/\/www.europesays.com\/es\/wp-json\/wp\/v2\/posts\/157605","targetHints":{"allow":["GET"]}}],"collection":[{"href":"https:\/\/www.europesays.com\/es\/wp-json\/wp\/v2\/posts"}],"about":[{"href":"https:\/\/www.europesays.com\/es\/wp-json\/wp\/v2\/types\/post"}],"author":[{"embeddable":true,"href":"https:\/\/www.europesays.com\/es\/wp-json\/wp\/v2\/users\/2"}],"replies":[{"embeddable":true,"href":"https:\/\/www.europesays.com\/es\/wp-json\/wp\/v2\/comments?post=157605"}],"version-history":[{"count":0,"href":"https:\/\/www.europesays.com\/es\/wp-json\/wp\/v2\/posts\/157605\/revisions"}],"wp:featuredmedia":[{"embeddable":true,"href":"https:\/\/www.europesays.com\/es\/wp-json\/wp\/v2\/media\/157606"}],"wp:attachment":[{"href":"https:\/\/www.europesays.com\/es\/wp-json\/wp\/v2\/media?parent=157605"}],"wp:term":[{"taxonomy":"category","embeddable":true,"href":"https:\/\/www.europesays.com\/es\/wp-json\/wp\/v2\/categories?post=157605"},{"taxonomy":"post_tag","embeddable":true,"href":"https:\/\/www.europesays.com\/es\/wp-json\/wp\/v2\/tags?post=157605"}],"curies":[{"name":"wp","href":"https:\/\/api.w.org\/{rel}","templated":true}]}}