{"id":157611,"date":"2025-10-05T06:27:09","date_gmt":"2025-10-05T06:27:09","guid":{"rendered":"https:\/\/www.europesays.com\/es\/157611\/"},"modified":"2025-10-05T06:27:09","modified_gmt":"2025-10-05T06:27:09","slug":"31-32-el-estudiantes-empieza-con-fuerza-tambien-a-domicilio","status":"publish","type":"post","link":"https:\/\/www.europesays.com\/es\/157611\/","title":{"rendered":"(31-32) El Estudiantes empieza con fuerza tambi\u00e9n a domicilio"},"content":{"rendered":"<p>El Club Balonmano Estudiantes ha comenzado fuerte la temporada y tras su contundente triunfo del pasado fin de semana ante el Roquetas, se ha estrenado este s\u00e1bado a domicilio con otra victoria, en esta caso mucho m\u00e1s ajustada en C\u00f3rdoba, donde se ha impuesto al Deza por 31-32.<\/p>\n<p>El Estudiantes ha demostrado su potencia ante un rival que lo ha puesto nada f\u00e1cil, que ha conseguido, de hecho, irse al descanso con un gol de ventaja (16-15).<\/p>\n<p>La segunda parte ha sido muy igualada hasta el final. Las de Larbi Hamed parec\u00edan tenerlo todo a favor tras obtener una renta de seis goles, pero el Deza tir\u00f3 de casta para meterse en el partido y tener opciones hasta los \u00faltimos instantes, aunque el Estudiantes ha logrado hacerse con la victoria.<\/p>\n","protected":false},"excerpt":{"rendered":"El Club Balonmano Estudiantes ha comenzado fuerte la temporada y tras su contundente triunfo del pasado fin de&hellip;\n","protected":false},"author":2,"featured_media":157612,"comment_status":"","ping_status":"","sticky":false,"template":"","format":"standard","meta":{"footnotes":""},"categories":[278],"tags":[376,168,25,24,9486,375,23,167],"class_list":{"0":"post-157611","1":"post","2":"type-post","3":"status-publish","4":"format-standard","5":"has-post-thumbnail","7":"category-balonmano","8":"tag-balonmano","9":"tag-deportes","10":"tag-es","11":"tag-espana","12":"tag-estudiantes","13":"tag-handball","14":"tag-spain","15":"tag-sports"},"share_on_mastodon":{"url":"","error":""},"_links":{"self":[{"href":"https:\/\/www.europesays.com\/es\/wp-json\/wp\/v2\/posts\/157611","targetHints":{"allow":["GET"]}}],"collection":[{"href":"https:\/\/www.europesays.com\/es\/wp-json\/wp\/v2\/posts"}],"about":[{"href":"https:\/\/www.europesays.com\/es\/wp-json\/wp\/v2\/types\/post"}],"author":[{"embeddable":true,"href":"https:\/\/www.europesays.com\/es\/wp-json\/wp\/v2\/users\/2"}],"replies":[{"embeddable":true,"href":"https:\/\/www.europesays.com\/es\/wp-json\/wp\/v2\/comments?post=157611"}],"version-history":[{"count":0,"href":"https:\/\/www.europesays.com\/es\/wp-json\/wp\/v2\/posts\/157611\/revisions"}],"wp:featuredmedia":[{"embeddable":true,"href":"https:\/\/www.europesays.com\/es\/wp-json\/wp\/v2\/media\/157612"}],"wp:attachment":[{"href":"https:\/\/www.europesays.com\/es\/wp-json\/wp\/v2\/media?parent=157611"}],"wp:term":[{"taxonomy":"category","embeddable":true,"href":"https:\/\/www.europesays.com\/es\/wp-json\/wp\/v2\/categories?post=157611"},{"taxonomy":"post_tag","embeddable":true,"href":"https:\/\/www.europesays.com\/es\/wp-json\/wp\/v2\/tags?post=157611"}],"curies":[{"name":"wp","href":"https:\/\/api.w.org\/{rel}","templated":true}]}}