{"id":157615,"date":"2025-10-05T06:43:08","date_gmt":"2025-10-05T06:43:08","guid":{"rendered":"https:\/\/www.europesays.com\/es\/157615\/"},"modified":"2025-10-05T06:43:08","modified_gmt":"2025-10-05T06:43:08","slug":"estos-son-los-desencadenantes-de-la-inflamacion-que-estas-pasando-por-alto","status":"publish","type":"post","link":"https:\/\/www.europesays.com\/es\/157615\/","title":{"rendered":"\u201cEstos son los desencadenantes de la inflamaci\u00f3n que est\u00e1s pasando por alto\u201d"},"content":{"rendered":"<p data-journey-content=\"true\" data-node-id=\"2\" class=\"css-6wxqfj emevuu60\">Su primer libro, <strong data-node-id=\"2.1\">Dime que comes y te dir\u00e9 qu\u00e9 bacterias tienes<\/strong>, vendi\u00f3 m\u00e1s de 100.000 ejemplares en los primeros seis meses. Despu\u00e9s llegaron Sanotes, sanitos, Las recetas de Blanca, Dime qu\u00e9 como ahora y, por fin, su \u00faltimo y esperado \u00faltimo libro: 5 semanas para desinflamarte. Estamos hablando de <strong data-node-id=\"2.11\">Blanca Garc\u00eda-Orea Haro, m\u00e1s conocida como @blancanutri<\/strong>, una de las nutricionistas m\u00e1s seguidas en redes y una de las mejores influencers en 2020 seg\u00fan la revista Forbes.<\/p>\n<p data-journey-content=\"true\" data-node-id=\"3\" class=\"css-6wxqfj emevuu60\">Esta vez Blanca viene a hablarnos sobre la <a href=\"https:\/\/www.elle.com\/es\/belleza\/salud-fitness\/a65941325\/senales-inflamacion-cronica-como-reducirla\/\" target=\"_blank\" data-vars-ga-outbound-link=\"https:\/\/www.elle.com\/es\/belleza\/salud-fitness\/a65941325\/senales-inflamacion-cronica-como-reducirla\/\" data-vars-ga-ux-element=\"Hyperlink\" data-vars-ga-call-to-action=\"inflamaci\u00f3n\" data-node-id=\"3.1\" class=\"body-link css-103hk4r emevuu60\" rel=\"nofollow noopener\">inflamaci\u00f3n<\/a>, sus desastrosas consecuencias para nuestra salud f\u00edsica y mental y, sobre todo, a proponernos <strong data-node-id=\"3.3\">un plan de cinco semanas lleno de h\u00e1bitos, consejos y deliciosas recetas <\/strong>para que sea muy f\u00e1cil cumplirlo y mejorar nuestra salud y nuestro bienestar. \u00bfLo mejor? Hemos tenido la suerte de hablar con ella para descubrirlo todo de primer\u00edsima mano.<\/p>\n<p>Por qu\u00e9 es tan importante controlar la inflamaci\u00f3n<\/p>\n<p data-journey-content=\"true\" data-node-id=\"5\" class=\"css-6wxqfj emevuu60\">Como dice Blanca, \u201ces posible que pienses en la inflamacio\u0301n solo como ese proceso que se produce cuando nos doblamos el tobillo y enseguida aparece un edema y la zona se pone caliente. En efecto, esa es una inflamacio\u0301n aguda y muy necesaria, es <strong data-node-id=\"5.1\">un proceso que ayuda al cuerpo a defenderse frente a dan\u0303os<\/strong>, un mecanismo que pone en marcha los componentes necesarios para la reparacio\u0301n. Y es que sin inflamacio\u0301n no hay curacio\u0301n\u201d, explica esta nutricionista.<\/p>\n<p data-journey-content=\"true\" data-node-id=\"7\" class=\"css-6wxqfj emevuu60\">Sin embargo, como se\u00f1ala Garc\u00eda-Orea Haro, el problema viene cuando este proceso de inflamacio\u0301n se mantiene activo y se cronifica: \u201cEl sistema esta\u0301 en alerta constante, aunque de forma imperceptible, y es lo que se llama <strong data-node-id=\"7.1\">\u2018inflamacio\u0301n cro\u0301nica de bajo grado\u2019<\/strong>, que es a lo que nos referimos cuando decimos que estamos inflamados\u201d.<\/p>\n<p data-journey-content=\"true\" data-node-id=\"8\" class=\"css-6wxqfj emevuu60\">Como contin\u00faa esta experta, \u201cla inflamaci\u00f3n cr\u00f3nica de bajo grado eleva el riesgo de <strong data-node-id=\"8.1\">enfermedad cardiovascular, diabetes, c\u00e1ncer, trastornos autoinmunes, <a href=\"https:\/\/www.elle.com\/es\/living\/psico\/a19714687\/depresion-sintomas\/\" data-vars-ga-outbound-link=\"https:\/\/www.elle.com\/es\/living\/psico\/a19714687\/depresion-sintomas\/\" data-vars-ga-ux-element=\"Hyperlink\" data-vars-ga-call-to-action=\"depresi\u00f3n\" data-node-id=\"8.1.1\" class=\"body-link css-103hk4r emevuu60\" rel=\"nofollow noopener\" target=\"_blank\">depresi\u00f3n<\/a><\/strong>, enfermedades neurodegenerativas, osteoporosis, fibromialgia, etc. De hecho, se asocia con mayor riesgo de mortalidad por todas las causas\u201d.<\/p>\n<p>S\u00edntomas de la inflamaci\u00f3n cr\u00f3nica<\/p>\n<p data-journey-content=\"true\" data-node-id=\"10\" class=\"css-6wxqfj emevuu60\">Blanca Nutri nos cuenta cu\u00e1les son los s\u00edntomas que de te dir\u00e1n si sufres inflamaci\u00f3n cr\u00f3nica. Como se\u00f1ala la experta, \u201cestos s\u00edntomas pueden variar de leves a severos y pueden durar meses o incluso a\u00f1os\u201d:<\/p>\n<ul data-node-id=\"11\" class=\"css-kw9lqy emevuu60\">\n<li data-node-id=\"11.1\">Fatiga      constante.<\/li>\n<li data-node-id=\"11.3\">Insomnio.<\/li>\n<li data-node-id=\"11.5\">Depresi\u00f3n, <a href=\"https:\/\/www.elle.com\/es\/living\/psico\/a42946679\/como-vencer-ansiedad\/\" data-vars-ga-outbound-link=\"https:\/\/www.elle.com\/es\/living\/psico\/a42946679\/como-vencer-ansiedad\/\" data-vars-ga-ux-element=\"Hyperlink\" data-vars-ga-call-to-action=\"ansiedad\" data-node-id=\"11.5.1\" class=\"body-link css-103hk4r emevuu60\" rel=\"nofollow noopener\" target=\"_blank\">ansiedad<\/a> y      otros trastornos del estado de \u00e1nimo.<\/li>\n<li data-node-id=\"11.7\">Problemas      gastrointestinales como estre\u00f1imiento, diarrea, distensi\u00f3n abdominal,      reflujo o acidez.<\/li>\n<li data-node-id=\"11.9\">\u00dalceras      en la boca.<\/li>\n<li data-node-id=\"11.11\">Hipertensi\u00f3n.<\/li>\n<li data-node-id=\"11.13\">Aumento      de peso.<\/li>\n<li data-node-id=\"11.15\">Infecciones      frecuentes.<\/li>\n<li data-node-id=\"11.17\">Dolor      articular o muscular, etc. <\/li>\n<\/ul>\n<p>Los desencadenantes de la inflamaci\u00f3n que est\u00e1s pasando por alto<\/p>\n<p data-journey-content=\"true\" data-node-id=\"13\" class=\"css-6wxqfj emevuu60\">\u00bfCu\u00e1les son esos desencadenantes de la inflamaci\u00f3n que estamos pasando por alto? \u00bfEs nuestro <strong data-node-id=\"13.1\">estilo de vida actual altamente antiinflamatorio<\/strong>? Los desencadenantes de la inflamaci\u00f3n es nuestro estilo de vida, como se\u00f1ala Blanca, son:<\/p>\n<ul data-node-id=\"14\" class=\"css-kw9lqy emevuu60\">\n<li data-node-id=\"14.1\">Mala      alimentaci\u00f3n.<\/li>\n<li data-node-id=\"14.3\">Falta      de descanso.<\/li>\n<li data-node-id=\"14.5\">Falta      de movimiento.<\/li>\n<li data-node-id=\"14.7\">Mala      gesti\u00f3n emocional.<\/li>\n<li data-node-id=\"14.9\">Exposici\u00f3n      a t\u00f3xicos comunes como el alcohol o el tabaco.<\/li>\n<\/ul>\n<p data-journey-content=\"true\" data-node-id=\"15\" class=\"css-6wxqfj emevuu60\">\u00abEl mejor seguro de vida es entrenar tus h\u00e1bitos\u201d, subraya Blanca. \u201cLa motivaci\u00f3n es importante, pero para lograr tus objetivos se necesita constancia, disciplina y paciencia\u201d, se\u00f1ala esta experta.<\/p>\n<p data-journey-content=\"true\" data-node-id=\"16\" class=\"css-6wxqfj emevuu60\">\u201cMi objetivo no es que pierdas peso en cinco semanas, quiero que construyas h\u00e1bitos que te mantengan en forma f\u00edsica y mental <strong data-node-id=\"16.1\">por los pr\u00f3ximos 50 a\u00f1os<\/strong>\u201d, dice Blanca Garc\u00eda-Orea Haro. <\/p>\n<p data-journey-content=\"true\" data-node-id=\"17\" class=\"css-6wxqfj emevuu60\">\u201cSeguramente has pensado que no tienes tiempo suficiente para dedicarte a entrenar, comer adecuadamente y aplicar todos estos consejos; antes de agobiarte, para reducir la inflamaci\u00f3n, simplifica tus h\u00e1bitos, come comida real, dedica 20 minutos a tus entrenamientos, camina todos los d\u00edas y duerme entre 6-9 horas\u201d, dice.  <\/p>\n<p>La importancia del sue\u00f1o y la luz natural<\/p>\n<p data-journey-content=\"true\" data-node-id=\"19\" class=\"css-6wxqfj emevuu60\">\u201cPara saber que significa esto tenemos que conocer lo que son los ritmos circadianos\u201d, dice Blanca que, como nos explica, \u201c<strong data-node-id=\"19.1\">el ritmo circadiano es el ciclo de aproximadamente 24 horas<\/strong> que regula los procesos biol\u00f3gicos en el cuerpo, incluido el sue\u00f1o y la vigilia\u201d.<\/p>\n<p data-journey-content=\"true\" data-node-id=\"20\" class=\"css-6wxqfj emevuu60\">\u201cCircadiano significa \u2018circa (cerca), \u2018diano (d\u00eda), porque tiene una duraci\u00f3n pr\u00f3xima a las 24h del d\u00eda. El ser humano repite varias actividades a lo largo del d\u00eda como comer, dormir o estar despierto a unas horas determinadas\u201d, aclara. <\/p>\n<p data-journey-content=\"true\" data-node-id=\"21\" class=\"css-6wxqfj emevuu60\">Seg\u00fan Blanca Nutri, \u201cmantener nuestros ritmos circadianos equilibrados es fundamental para preservar nuestro sistema inmune y nuestra salud en general\u201d. <\/p>\n<p data-journey-content=\"true\" data-node-id=\"22\" class=\"css-6wxqfj emevuu60\">\u201cPara ello, debemos cuidar nuestros <strong data-node-id=\"22.1\">h\u00e1bitos de sue\u00f1o, luz, alimentaci\u00f3n, ejercicio y el estr\u00e9s<\/strong>\u201d, a\u00f1ade. Seg\u00fan esta experta, algunas pr\u00e1cticas que ayudan a regular los ritmos circadianos son:<\/p>\n<ul data-node-id=\"23\" class=\"css-kw9lqy emevuu60\">\n<li data-node-id=\"23.1\">\u201c<a href=\"https:\/\/www.elle.com\/es\/belleza\/cara-cuerpo\/a44645780\/cuanto-tiempo-tomar-sol-sin-proteccion-vitamina-d-sintetizar\/\" target=\"_blank\" data-vars-ga-outbound-link=\"https:\/\/www.elle.com\/es\/belleza\/cara-cuerpo\/a44645780\/cuanto-tiempo-tomar-sol-sin-proteccion-vitamina-d-sintetizar\/\" data-vars-ga-ux-element=\"Hyperlink\" data-vars-ga-call-to-action=\"Exponte a la luz natural \" data-node-id=\"23.1.1\" class=\"body-link css-103hk4r emevuu60\" rel=\"nofollow noopener\">Exponte a la luz natural <\/a>durante el d\u00eda, especialmente durante la      ma\u00f1ana.<\/li>\n<li data-node-id=\"23.3\">Practica      ejercicio de forma regular; a ser posible ev\u00edtalo en las horas muy      cercanas al sue\u00f1o para que no interfiera.<\/li>\n<li data-node-id=\"23.5\">Reducir      al mi\u0301nimo el uso de estimulantes: cafe\u0301, te, mate, chocolate.<\/li>\n<li data-node-id=\"23.7\">Duerme      entre 6-9 horas al d\u00eda en un ambiente oscuro y silencioso\u201d.<\/li>\n<\/ul>\n<p>Qu\u00e9 es lo mejor para quemar calor\u00edas<\/p>\n<p data-journey-content=\"true\" data-node-id=\"25\" class=\"css-6wxqfj emevuu60\">\u00abLa comida basura est\u00e1 muy instaurada en nuestro d\u00eda a d\u00eda, desde las galletas (todas), los cereales de desayuno, los zumos, bollos, yogures de sabores, chocolate con leche, refrescos y un largo etc.\u201d, dice Blanca.<\/p>\n<p data-journey-content=\"true\" data-node-id=\"26\" class=\"css-6wxqfj emevuu60\">Seg\u00fan esta nutricionista, \u201c<strong data-node-id=\"26.1\">comer ultraprocesados influye mucho en nuestro peso<\/strong> porque hace que estemos comiendo continuamente, desata la ansiedad por comer\u201d. \u201cEs imposible hacer un d\u00e9ficit cal\u00f3rico si te alimentas de bollos, az\u00facares, galletas, etc.\u201d, subraya.<\/p>\n<p data-journey-content=\"true\" data-node-id=\"27\" class=\"css-6wxqfj emevuu60\">Como explica Blanca Garc\u00eda-Orea Haro, \u201ccomer az\u00facar (o ultraprocesados) provoca <strong data-node-id=\"27.1\">liberaci\u00f3n de dopamina a nivel cerebral<\/strong>, que es el neurotransmisor asociado a la sensaci\u00f3n de recompensa, motivaci\u00f3n y placer\u201d. <\/p>\n<p data-journey-content=\"true\" data-node-id=\"28\" class=\"css-6wxqfj emevuu60\">\u201cPor eso, cuando comemos az\u00facar hace que nos sintamos bien, con energ\u00eda y motivaci\u00f3n. Esa sensaci\u00f3n de recompensa es muy efectiva pero tambi\u00e9n muy breve\u201d, a\u00f1ade. Esto es <a href=\"https:\/\/www.elle.com\/es\/belleza\/salud-fitness\/a63815575\/consejos-controlar-la-adiccion-al-azucar-y-evitar-el-envejecimiento-prematuro\/\" data-vars-ga-outbound-link=\"https:\/\/www.elle.com\/es\/belleza\/salud-fitness\/a63815575\/consejos-controlar-la-adiccion-al-azucar-y-evitar-el-envejecimiento-prematuro\/\" data-vars-ga-ux-element=\"Hyperlink\" data-vars-ga-call-to-action=\"todo lo malo que el az\u00facar provoca en tu organismo\" data-node-id=\"28.1\" class=\"body-link css-103hk4r emevuu60\" rel=\"nofollow noopener\" target=\"_blank\">todo lo malo que el az\u00facar provoca en tu organismo<\/a>.<\/p>\n<p data-journey-content=\"true\" data-node-id=\"29\" class=\"css-6wxqfj emevuu60\">Pero hay m\u00e1s\u2026 como dice Blanca, \u201ctodos <strong data-node-id=\"29.1\">los productos ultraprocesados tienen un poder inflamatorio elevado<\/strong>\u201d. <\/p>\n<p data-journey-content=\"true\" data-node-id=\"30\" class=\"css-6wxqfj emevuu60\">\u201cEstos productos no aportan nada a nivel nutricional, pero si\u0301 nos afectan en la regulacio\u0301n del apetito, desregulan el circuito hambre-saciedad y hacen que queramos comer a todas horas\u201d, se\u00f1ala. <\/p>\n<p data-journey-content=\"true\" data-node-id=\"31\" class=\"css-6wxqfj emevuu60\">\u201cSuponen un de\u0301ficit de los nutrientes necesarios, una ingesta de compuestos nocivos para la salud y, adema\u0301s, <strong data-node-id=\"31.1\">nuestro intestino no reconoce sus componentes y tiende a inflamarse<\/strong>. Nos hacen sentir la necesidad de comer de manera constante y el pa\u0301ncreas no deja de producir insulina, con lo que termina fatiga\u0301ndose\u201d, a\u00f1ade. <\/p>\n<p>Ejercicio, el mejor antidepresivo<\/p>\n<p data-journey-content=\"true\" data-node-id=\"33\" class=\"css-6wxqfj emevuu60\">\u201c<strong data-node-id=\"33.1\">Nuestro cuerpo no entiende que no nos movamos<\/strong>. Es necesario hacer ejercicio cardiovascular como andar, correr, bicicleta\u2026 y combinarlo con ejercicios de fuerza (yoga, pilates, barre, musculaci\u00f3n, etc.), especialmente de ejercicios de fuerza con peso\u201d, dice Blanca. <\/p>\n<p data-journey-content=\"true\" data-node-id=\"34\" class=\"css-6wxqfj emevuu60\">Seg\u00fan esta experta, \u201ccuanto menos te muevas menos energ\u00eda tendr\u00e1s, estar\u00e1s m\u00e1s cansada, d\u00e9bil\u2026 porque <strong data-node-id=\"34.1\">no movernos hace que movilicemos peor la glucosa en sangre<\/strong>\u201d. \u201cTu salud mental puede mejorar mucho movi\u00e9ndote, descansando y en contacto con la naturaleza\u201d. Esto es lo que recomienda Blanca:<\/p>\n<ul data-node-id=\"35\" class=\"css-kw9lqy emevuu60\">\n<li data-node-id=\"35.1\">\u201cSi      est\u00e1s ansiosa camina.<\/li>\n<li data-node-id=\"35.3\">Si      est\u00e1s estresada sal a correr.<\/li>\n<li data-node-id=\"35.5\">Si      est\u00e1s enfadada levanta pesas.<\/li>\n<li data-node-id=\"35.7\">Si      est\u00e1s de mal humor duerme una siesta.<\/li>\n<li data-node-id=\"35.9\">Si      est\u00e1s triste sal a tomar un poco el sol.<\/li>\n<li data-node-id=\"35.11\">Si      necesitas nuevas ideas camina\u201d.<\/li>\n<\/ul>\n<p data-journey-content=\"true\" data-node-id=\"36\" class=\"css-6wxqfj emevuu60\">\u201cSi no tienes tiempo siempre <strong data-node-id=\"36.1\">prioriza el entrenamiento de fuerza con peso<\/strong>\u201d, dice Garc\u00eda-Orea Haro.<\/p>\n<p>Peque\u00f1os h\u00e1bitos para mejorar la salud<\/p>\n<p data-journey-content=\"true\" data-node-id=\"38\" class=\"css-6wxqfj emevuu60\">\u00abEstos son <strong data-node-id=\"38.1\">los mejores h\u00e1bitos para mejorar tu salud<\/strong> que explico en el libro:<\/p>\n<ul data-node-id=\"39\" class=\"css-kw9lqy emevuu60\">\n<li data-node-id=\"39.1\">20-30g      de prote\u00edna por comida.<\/li>\n<li data-node-id=\"39.3\">A\u00f1ade      vegetales en todas las comidas.<\/li>\n<li data-node-id=\"39.5\">Camina      30-60min al d\u00eda.<\/li>\n<li data-node-id=\"39.7\">Entrena      fuerza 3-4 d\u00edas en semana.<\/li>\n<li data-node-id=\"39.9\"><a href=\"https:\/\/www.elle.com\/es\/belleza\/salud-fitness\/a63361052\/como-hacer-ayuno-perder-peso\/\" data-vars-ga-outbound-link=\"https:\/\/www.elle.com\/es\/belleza\/salud-fitness\/a63361052\/como-hacer-ayuno-perder-peso\/\" data-vars-ga-ux-element=\"Hyperlink\" data-vars-ga-call-to-action=\"Ayuno\" data-node-id=\"39.9.0\" class=\"body-link css-103hk4r emevuu60\" rel=\"nofollow noopener\" target=\"_blank\">Ayuno<\/a> 12h      al d\u00eda.<\/li>\n<li data-node-id=\"39.11\">Espacia      comidas 4-5h.<\/li>\n<li data-node-id=\"39.13\">Come      90% comida real.<\/li>\n<li data-node-id=\"39.15\">Duerme      6-9 horas al d\u00eda.<\/li>\n<li data-node-id=\"39.17\">Come      de d\u00eda y duerme de noche.<\/li>\n<li data-node-id=\"39.19\">Se      constante.<\/li>\n<li data-node-id=\"39.21\">Agrad\u00e9cete      diariamente todo el es esfuerzo que haces\u201d. <\/li>\n<\/ul>\n<p>Por qu\u00e9 tenemos tantos problemas digestivos<\/p>\n<p data-journey-content=\"true\" data-node-id=\"41\" class=\"css-6wxqfj emevuu60\">Como explica Blanca, \u201clas mujeres, debido a factores hormonales como el ciclo menstrual o la menopausia, pueden tener m\u00e1s problemas digestivos y que afectan a la microbiota\u201d. <\/p>\n<p data-journey-content=\"true\" data-node-id=\"42\" class=\"css-6wxqfj emevuu60\">\u201c<strong data-node-id=\"42.1\">El aumento o el descenso de estr\u00f3genos juega un papel fundamental<\/strong> en el aumento de la inflamaci\u00f3n y de los problemas digestivos como hinchaz\u00f3n abdominal, gases, estre\u00f1imiento, etc.\u201d, a\u00f1ade. <a href=\"https:\/\/www.elle.com\/es\/belleza\/salud-fitness\/a60041214\/sibo-trastorno-intestinal-viral-en-redes\/\" data-vars-ga-outbound-link=\"https:\/\/www.elle.com\/es\/belleza\/salud-fitness\/a60041214\/sibo-trastorno-intestinal-viral-en-redes\/\" data-vars-ga-ux-element=\"Hyperlink\" data-vars-ga-call-to-action=\"\u00bfSabes si tienes SIBO?\" data-node-id=\"42.3\" class=\"body-link css-103hk4r emevuu60\" rel=\"nofollow noopener\" target=\"_blank\">\u00bfSabes si tienes SIBO?<\/a><\/p>\n<p data-journey-content=\"true\" data-node-id=\"43\" class=\"css-6wxqfj emevuu60\">Adem\u00e1s, como se\u00f1ala Blanca, \u201c<strong data-node-id=\"43.1\">el estr\u00e9s puede agravar estos s\u00edntomas digestivos<\/strong> porque la comunicaci\u00f3n intestino-cerebro se ve m\u00e1s afectada\u201d.<\/p>\n<p data-journey-content=\"true\" data-node-id=\"44\" class=\"css-6wxqfj emevuu60\"><strong data-node-id=\"44.0\">Un d\u00eda antiinflamatorio de Blanca Nutri<\/strong><\/p>\n<p data-journey-content=\"true\" data-node-id=\"45\" class=\"css-6wxqfj emevuu60\">Qu\u00e9 hacer al levantarse, qu\u00e9 desayuno, qu\u00e9 tipo de ejercicio hace, qu\u00e9 pausas\u2026 La autora de 5 semanas para desinflamarte nos comparte un d\u00eda antiinfamatorio. \u201cRealmente, sigo las pautas que os he compartido anteriormente:<\/p>\n<ul data-node-id=\"46\" class=\"css-kw9lqy emevuu60\">\n<li data-node-id=\"46.1\">Hago      ayuno nocturno de 12-16h dependiendo del d\u00eda.<\/li>\n<li data-node-id=\"46.3\">Despu\u00e9s      entreno 1h (5-6 d\u00edas a la semana). Hago ejercicio de fuerza con      peso, <a href=\"https:\/\/www.elle.com\/es\/belleza\/salud-fitness\/a62498141\/ejercicios-de-barre-faciles-tonificar-cuerpo-casa\/\" target=\"_blank\" data-vars-ga-outbound-link=\"https:\/\/www.elle.com\/es\/belleza\/salud-fitness\/a62498141\/ejercicios-de-barre-faciles-tonificar-cuerpo-casa\/\" data-vars-ga-ux-element=\"Hyperlink\" data-vars-ga-call-to-action=\"barre\" data-node-id=\"46.3.1\" class=\"body-link css-103hk4r emevuu60\" rel=\"nofollow noopener\">barre<\/a>,      step, HIIT.<\/li>\n<li data-node-id=\"46.5\">Despu\u00e9s      desayuno sobre las 9 o 10h (cualquiera de los desayunos que ten\u00e9is en los      men\u00fas del libro, ricos en prote\u00edna y muy saciantes).<\/li>\n<li data-node-id=\"46.7\">Trabajo      hasta medio d\u00eda.<\/li>\n<li data-node-id=\"46.9\">Como      a las 14-15h aproximadamente.<\/li>\n<li data-node-id=\"46.11\">Sigo      trabajando hasta las 20h y despu\u00e9s ceno.<\/li>\n<li data-node-id=\"46.13\">Duermo      7-8h al d\u00eda.<\/li>\n<li data-node-id=\"46.15\">Cada      noche hago ritual de agradecimiento con mi hijo en la cama\u201d.<\/li>\n<\/ul>\n<p>C\u00f3mo es su programa de cinco semanas<\/p>\n<p data-journey-content=\"true\" data-node-id=\"48\" class=\"css-6wxqfj emevuu60\">\u00bfEn qu\u00e9 consiste el programa antiinflamatorio de cinco semanas de Blanca Garc\u00eda-Orea Haro? \u00bfCu\u00e1les son los pilares de este programa? Como se\u00f1ala esta experta en nutrici\u00f3n, \u201ces un programa en el que vamos a desinflamarnos, pero adem\u00e1s vamos a conseguir <strong data-node-id=\"48.1\">mejorar las digestiones, deshincharnos<\/strong> y aumentar nuestra energ\u00eda.<\/p>\n<p data-journey-content=\"true\" data-node-id=\"49\" class=\"css-6wxqfj emevuu60\">En el libro explica los tres grandes pilares que son: Nutrici\u00f3n antiinflamatoria, Importancia del descanso, Importancia del movimiento. Blanca tambi\u00e9n habla de los <strong data-node-id=\"49.1\">alimentos que son especialmente antiinflamatorios<\/strong> y de suplementaci\u00f3n para mejorar nuestro rendimiento f\u00edsico y mental. Adem\u00e1s, nos comparte las claves m\u00e1s importantes para la p\u00e9rdida de grasa, <a href=\"https:\/\/www.elle.com\/es\/belleza\/salud-fitness\/a63742721\/ayuno-40-50-y-60-ralentizar-envejecimiento-celular-reducir-inflamacion\/\" data-vars-ga-outbound-link=\"https:\/\/www.elle.com\/es\/belleza\/salud-fitness\/a63742721\/ayuno-40-50-y-60-ralentizar-envejecimiento-celular-reducir-inflamacion\/\" data-vars-ga-ux-element=\"Hyperlink\" data-vars-ga-call-to-action=\"ayuno intermitente\" data-node-id=\"49.3\" class=\"body-link css-103hk4r emevuu60\" rel=\"nofollow noopener\" target=\"_blank\">ayuno intermitente<\/a> y lectura de etiquetas para que no te enga\u00f1en en el supermercado. <\/p>\n<p><img src=\"https:\/\/www.europesays.com\/es\/wp-content\/uploads\/2025\/10\/52fb315c-2d01-4f98-b70a-569acb2080e3_1658488060.file\" alt=\"Headshot of Amalia Panea\" title=\"Headshot of Amalia Panea\" width=\"100%\" height=\"100%\" decoding=\"async\" loading=\"lazy\" class=\"css-o0wq4v ev8dhu53\"\/><\/p>\n<p>Experta en <strong>fitness, belleza, nutrici\u00f3n, salud, psico, pareja y sex<\/strong>o. Licenciada en Periodismo por la Universidad Complutense de Madrid, escribe en <strong>Elle.com y Womenshealth.com<\/strong> y ha escrito para muchas cabeceras de Hearst, \u201cmi segunda casa\u201d. En sus m\u00e1s de 25 a\u00f1os de profesi\u00f3n, ha pasado por Terra Mujer, Sport Life, Runners, Atresmedia, La Ser, Radio Arag\u00f3n o el programa Bellas &amp; Sanas. Es autora de <strong>Cambiar de vida es f\u00e1cil si te dicen c\u00f3mo. 15 pasos para conseguirlo<\/strong> y de Una vida en forma. La gu\u00eda de la actividad f\u00edsica y la mujer a cualquier edad. Amalia tambi\u00e9n es instructora de fitness, <strong>profesora de yoga, yoga facial <\/strong>y fundadora de Yogabrunch.es. \u00abPor suerte, la vida me ha permitido unir mis dos pasiones, el periodismo y el mundo del bienestar\u00bb. \u00a0<\/p>\n","protected":false},"excerpt":{"rendered":"Su primer libro, Dime que comes y te dir\u00e9 qu\u00e9 bacterias tienes, vendi\u00f3 m\u00e1s de 100.000 ejemplares en&hellip;\n","protected":false},"author":2,"featured_media":157616,"comment_status":"","ping_status":"","sticky":false,"template":"","format":"standard","meta":{"footnotes":""},"categories":[92],"tags":[253,25,24,165,166,23],"class_list":{"0":"post-157615","1":"post","2":"type-post","3":"status-publish","4":"format-standard","5":"has-post-thumbnail","7":"category-salud","8":"tag-discover","9":"tag-es","10":"tag-espana","11":"tag-health","12":"tag-salud","13":"tag-spain"},"share_on_mastodon":{"url":"","error":""},"_links":{"self":[{"href":"https:\/\/www.europesays.com\/es\/wp-json\/wp\/v2\/posts\/157615","targetHints":{"allow":["GET"]}}],"collection":[{"href":"https:\/\/www.europesays.com\/es\/wp-json\/wp\/v2\/posts"}],"about":[{"href":"https:\/\/www.europesays.com\/es\/wp-json\/wp\/v2\/types\/post"}],"author":[{"embeddable":true,"href":"https:\/\/www.europesays.com\/es\/wp-json\/wp\/v2\/users\/2"}],"replies":[{"embeddable":true,"href":"https:\/\/www.europesays.com\/es\/wp-json\/wp\/v2\/comments?post=157615"}],"version-history":[{"count":0,"href":"https:\/\/www.europesays.com\/es\/wp-json\/wp\/v2\/posts\/157615\/revisions"}],"wp:featuredmedia":[{"embeddable":true,"href":"https:\/\/www.europesays.com\/es\/wp-json\/wp\/v2\/media\/157616"}],"wp:attachment":[{"href":"https:\/\/www.europesays.com\/es\/wp-json\/wp\/v2\/media?parent=157615"}],"wp:term":[{"taxonomy":"category","embeddable":true,"href":"https:\/\/www.europesays.com\/es\/wp-json\/wp\/v2\/categories?post=157615"},{"taxonomy":"post_tag","embeddable":true,"href":"https:\/\/www.europesays.com\/es\/wp-json\/wp\/v2\/tags?post=157615"}],"curies":[{"name":"wp","href":"https:\/\/api.w.org\/{rel}","templated":true}]}}