{"id":157617,"date":"2025-10-05T06:44:17","date_gmt":"2025-10-05T06:44:17","guid":{"rendered":"https:\/\/www.europesays.com\/es\/157617\/"},"modified":"2025-10-05T06:44:17","modified_gmt":"2025-10-05T06:44:17","slug":"el-proceso-este-hay-que-vivirlo-hasta-la-curacion","status":"publish","type":"post","link":"https:\/\/www.europesays.com\/es\/157617\/","title":{"rendered":"\u00abEl proceso este hay que vivirlo hasta la curaci\u00f3n\u00bb"},"content":{"rendered":"<p class=\"voc-p\" style=\"\">Fue el 4 de septiembre cuando la actriz <a href=\"https:\/\/www.abc.es\/gente\/actriz-antonia-san-juan-revela-cancer-20250904092223-nt.html\" target=\"_self\" data-voc-vtm-id=\"in-text-traffic\" title=\"Antonia San Juan anunciaba que ten\u00eda un c\u00e1ncer\" data-mrf-link=\"www.abc.es\" rel=\"nofollow noopener\">Antonia San Juan anunciaba que ten\u00eda un c\u00e1ncer<\/a>. Ya ha comenzado el <strong>tratamiento<\/strong> y ahora ha publicado un extenso v\u00eddeo en sus redes sociales donde ha actualizado s<strong>u estado de salud<\/strong> y ha reafirmado su entereza. \u00ab<strong>El proceso este hay que vivirlo hasta la curaci\u00f3n<\/strong>\u00bb, ha asegurado.<\/p>\n<p class=\"voc-p\" style=\"\">La int\u00e9rprete ya comienza a acusar <strong>los efectos de la quimioterapia<\/strong> y ha aparecido en el v\u00eddeo con un pa\u00f1uelo tapando su cabello y en la serena compa\u00f1\u00eda de su perrita Fefa. <strong>Pero cero dramas<\/strong>. As\u00ed, y para empezar, la int\u00e9rprete ha defendido el uso del pa\u00f1uelo y la peluca.<\/p>\n<p class=\"voc-p\" style=\"\">\u00abPues ya ustedes se habr\u00e1n dado cuenta. <strong>El pelito comienza a caerse<\/strong>. Toca taparse y o te pones un pa\u00f1uelito o te pones una peluquita. <strong>No hay que tener complejos<\/strong>, hoy todo el mundo se pone peluquita. Mi madre era una gran aficionada a las pelucas. En los 70 ten\u00eda el mostrador del dormitorio lleno de pelucas y le quedaban bien. Voy a defenderla. Es muy importante defender una peluca\u00bb, ha comenzado como en una especie de mon\u00f3logo.<\/p>\n<p>\nAceptar el proceso\n<\/p>\n<p class=\"voc-p\" style=\"\"><a href=\"https:\/\/www.abc.es\/gente\/luis-miguel-segui-exmarido-antonia-san-juan-20250916120548-nt.html\" target=\"_self\" data-voc-vtm-id=\"in-text-traffic\" title=\"Antonia San Juan\" data-mrf-link=\"www.abc.es\" rel=\"nofollow noopener\">Antonia San Juan<\/a> ha explicado la importancia de aceptar todo el proceso. \u00abReflexionando mientras me duchaba y hac\u00eda meditaci\u00f3n, dije: &#8216;S\u00ed, claro que uno puede permitirse todos los d\u00edas malos que quiera&#8217;. Pero tambi\u00e9n renegar no ayuda. Decir &#8216;maldito c\u00e1ncer&#8217;\u2026 no ayuda. <strong>El proceso este hay que vivirlo hasta la curaci\u00f3n<\/strong>. Entonces hay que hacer todo lo que te van diciendo\u00bb, ha destacado. <\/p>\n<p class=\"voc-p\" style=\"\">Seg\u00fan ella, \u00abno tiene uno que pactar con el m\u00e9dico, &#8216;voy a hacer esto, d\u00e9jeme hacerlo&#8217;\u00bb porque \u00ab<strong>aqu\u00ed no hay pacto ninguno<\/strong>\u00bb con el doctor. \u00abEl m\u00e9dico dice y t\u00fa tienes que hacer. Digo esto porque el estar todo el d\u00eda renegando no le viene bien al cuerpo\u00bb, ha dicho. <\/p>\n<p class=\"voc-p\" style=\"\">\u00abS\u00ed es muy importante <strong>aceptar si tienes un d\u00eda malo<\/strong>. Porque uno se pude deshacer de un novio. T\u00fa puedes estar con un novio que te va mal hasta las narices, hasta los cojones de este se\u00f1or, y dices que a su casa. Usted puede, si tiene una suegra con la que no se lleva bien, una amiga que no le guste, un profesor que\u2026 Uno puede decir &#8216;al carajo&#8217;. <strong>Pero aqu\u00ed, con la enfermedad, es que no puedes decir que no<\/strong>\u00bb, ha se\u00f1alado.<\/p>\n<p>\nLa ayuda psicol\u00f3gica\n<\/p>\n<p class=\"voc-p\" style=\"\"><a href=\"https:\/\/www.abc.es\/gente\/antonia-san-juan-diagnostico-cero-dramas-actitud-20250913110904-vi.html\" target=\"_self\" data-voc-vtm-id=\"in-text-traffic\" title=\"Antonia San Juan\" data-mrf-link=\"www.abc.es\" rel=\"nofollow noopener\">Antonia San Juan<\/a> es consciente de que un suceso como el que ella est\u00e1 atravesando cambia una vida. \u00abEsto, de buenas a primeras, <strong>se desmanda todo, todo se vuelve un disparate<\/strong>. Ibas al gimnasio, luego se te cae el pelo, luego la quimio\u2026 Bueno, reorganizarlo requiere un tiempo\u00bb, ha insistido antes de advertir: \u00abLa ayuda psicol\u00f3gica es importante\u00bb.<\/p>\n<p class=\"voc-p\" style=\"\">Esta ha sido su conclusi\u00f3n: \u00abSencillamente, <strong>uno tiene que dejarse llevar por el terapeuta<\/strong> que te va a ayudar y que te va a hacer comprender mejor la realidad. Les deseamos que pasen un buen fin de semana y la vida, con filosof\u00eda. La filosof\u00eda salva, os lo garantizo\u00bb. <\/p>\n<p class=\"voc-p\" style=\"\">Naturalmente, el v\u00eddeo ha recibido de inmediato miles de likes y los comentarios de \u00e1nimo y admiraci\u00f3n se han sucedido al comprobar<strong> el coraje y la entereza<\/strong> que est\u00e1 mostrando Antonia San Juan en esta dif\u00edcil etapa de su vida y para la cual parece llena de fortaleza, como ha demostrado en su v\u00eddeo.<\/p>\n<p>Reportar un error<\/p>\n","protected":false},"excerpt":{"rendered":"Fue el 4 de septiembre cuando la actriz Antonia San Juan anunciaba que ten\u00eda un c\u00e1ncer. Ya ha&hellip;\n","protected":false},"author":2,"featured_media":157618,"comment_status":"","ping_status":"","sticky":false,"template":"","format":"standard","meta":{"footnotes":""},"categories":[91],"tags":[7495,33613,1066,24230,146,147,25,24,409,8626,18099,166,2228,23,575,47041],"class_list":{"0":"post-157617","1":"post","2":"type-post","3":"status-publish","4":"format-standard","5":"has-post-thumbnail","7":"category-entretenimiento","8":"tag-actualiza","9":"tag-antonia","10":"tag-cancer","11":"tag-curacion","12":"tag-entertainment","13":"tag-entretenimiento","14":"tag-es","15":"tag-espana","16":"tag-juan","17":"tag-proceso","18":"tag-revelar","19":"tag-salud","20":"tag-san","21":"tag-spain","22":"tag-tras","23":"tag-vivirlo"},"share_on_mastodon":{"url":"","error":""},"_links":{"self":[{"href":"https:\/\/www.europesays.com\/es\/wp-json\/wp\/v2\/posts\/157617","targetHints":{"allow":["GET"]}}],"collection":[{"href":"https:\/\/www.europesays.com\/es\/wp-json\/wp\/v2\/posts"}],"about":[{"href":"https:\/\/www.europesays.com\/es\/wp-json\/wp\/v2\/types\/post"}],"author":[{"embeddable":true,"href":"https:\/\/www.europesays.com\/es\/wp-json\/wp\/v2\/users\/2"}],"replies":[{"embeddable":true,"href":"https:\/\/www.europesays.com\/es\/wp-json\/wp\/v2\/comments?post=157617"}],"version-history":[{"count":0,"href":"https:\/\/www.europesays.com\/es\/wp-json\/wp\/v2\/posts\/157617\/revisions"}],"wp:featuredmedia":[{"embeddable":true,"href":"https:\/\/www.europesays.com\/es\/wp-json\/wp\/v2\/media\/157618"}],"wp:attachment":[{"href":"https:\/\/www.europesays.com\/es\/wp-json\/wp\/v2\/media?parent=157617"}],"wp:term":[{"taxonomy":"category","embeddable":true,"href":"https:\/\/www.europesays.com\/es\/wp-json\/wp\/v2\/categories?post=157617"},{"taxonomy":"post_tag","embeddable":true,"href":"https:\/\/www.europesays.com\/es\/wp-json\/wp\/v2\/tags?post=157617"}],"curies":[{"name":"wp","href":"https:\/\/api.w.org\/{rel}","templated":true}]}}