{"id":15762,"date":"2025-07-31T07:14:10","date_gmt":"2025-07-31T07:14:10","guid":{"rendered":"https:\/\/www.europesays.com\/es\/15762\/"},"modified":"2025-07-31T07:14:10","modified_gmt":"2025-07-31T07:14:10","slug":"la-escuela-de-arte-de-albacete-abre-su-periodo-de-admision","status":"publish","type":"post","link":"https:\/\/www.europesays.com\/es\/15762\/","title":{"rendered":"La Escuela de Arte de Albacete abre su periodo de admisi\u00f3n"},"content":{"rendered":"<p>La Escuela de Arte de Albacete abre un nuevo ciclo con la incorporaci\u00f3n de un equipo directivo renovado y la convocatoria de admisi\u00f3n para el pr\u00f3ximo curso. Del 1 al 4 de septiembre, los estudiantes interesados podr\u00e1n presentar sus solicitudes para cursar los ciclos formativos de grado superior en Fotograf\u00eda, Gr\u00e1fica Impresa, Dise\u00f1o de Interiores, Animaci\u00f3n y Amueblamiento, as\u00ed como el grado medio en Asistencia al Producto Gr\u00e1fico Interactivo.<\/p>\n<p>Al frente de la nueva etapa est\u00e1 la directora Sara de la Pola acompa\u00f1ada de Gonzalo Candel, Goyo L\u00f3pez y Esperanza Chac\u00f3n. Conformando as\u00ed un equipo paritario encabezado por primera vez por una mujer.<\/p>\n<p>Entre los objetivos prioritarios de la nueva direcci\u00f3n est\u00e1n la profesionalizaci\u00f3n de los estudios, el fortalecimiento de la colaboraci\u00f3n con empresas e instituciones locales, y la consolidaci\u00f3n de los programas de internacionalizaci\u00f3n mediante planes europeos de movilidad.<\/p>\n<p><img loading=\"lazy\" decoding=\"async\" width=\"1200\" height=\"800\" src=\"https:\/\/www.europesays.com\/es\/wp-content\/uploads\/2025\/07\/Equipo_FotodeEmilioVazquez.jpg\" alt=\"\" class=\"wp-image-1050310\"  \/>Equipo directivo de la Escuela de Artes de Albacete \/ Foto cedida: Emilio V\u00e1zquez<\/p>\n<p>La Escuela de Arte de Albacete, \u00fanica en la provincia en ofrecer ense\u00f1anzas p\u00fablicas de artes pl\u00e1sticas y dise\u00f1o, mantiene una intensa programaci\u00f3n cultural. A trav\u00e9s del Departamento de Promoci\u00f3n Art\u00edstica se difunden las creaciones del alumnado, promoviendo el talento joven de la provincia.<\/p>\n<p>Durante el pasado curso se organizaron seis cert\u00e1menes art\u00edsticos en torno a la ilustraci\u00f3n, el dise\u00f1o, la creaci\u00f3n audiovisual y la literatura. Tambi\u00e9n se realizaron m\u00e1s de treinta exposiciones abiertas al p\u00fablico.<\/p>\n<p>El centro mantiene una colaboraci\u00f3n activa con instituciones como la Diputaci\u00f3n de Albacete, el Ayuntamiento de Albacete \u2014a trav\u00e9s de sus \u00e1reas de Juventud y Cultura\u2014 y la Universidad de Castilla-La Mancha. Tambi\u00e9n se han desarrollado proyectos con entidades como Alienta, Amnist\u00eda Internacional, AMAC y Embarriadas.<\/p>\n<p><img loading=\"lazy\" decoding=\"async\" width=\"1200\" height=\"1594\" src=\"https:\/\/www.europesays.com\/es\/wp-content\/uploads\/2025\/07\/25N_EAAlbacete.jpg\" alt=\"\" class=\"wp-image-1050309\"  \/>Alumnos de la Escuela de Artes \/ Foto cedida<\/p>\n<p>En total, se organizaron 33 charlas y visitas profesionales con especialistas en animaci\u00f3n, dise\u00f1o gr\u00e1fico, dise\u00f1o de interiores, fotograf\u00eda, ilustraci\u00f3n, m\u00fasica y artes esc\u00e9nicas.<\/p>\n<p>Uno de los proyectos destacados del curso 2024-2025 ha sido Sintiendo Europa II, enmarcado en el programa Erasmus+, financiado por la Uni\u00f3n Europea y el Instituto de la Juventud (INJUVE). Gracias a \u00e9l, estudiantes del centro pudieron realizar tres viajes formativos a ciudades como Copenhague, Berl\u00edn, Par\u00eds, Roma, Viena, N\u00e1poles, Budapest, Atenas y Venecia, con visitas culturales a lugares como el museo del Louvre, el Coliseo o la Bienal de Venecia, acompa\u00f1ados por profesorado del centro.<\/p>\n","protected":false},"excerpt":{"rendered":"La Escuela de Arte de Albacete abre un nuevo ciclo con la incorporaci\u00f3n de un equipo directivo renovado&hellip;\n","protected":false},"author":2,"featured_media":15763,"comment_status":"","ping_status":"","sticky":false,"template":"","format":"standard","meta":{"footnotes":""},"categories":[173],"tags":[2545,229,233,231,230,232,234,146,147,25,24,23],"class_list":{"0":"post-15762","1":"post","2":"type-post","3":"status-publish","4":"format-standard","5":"has-post-thumbnail","7":"category-arte-y-diseno","8":"tag-albacete","9":"tag-arte","10":"tag-arte-y-diseno","11":"tag-arts","12":"tag-arts-and-design","13":"tag-design","14":"tag-diseno","15":"tag-entertainment","16":"tag-entretenimiento","17":"tag-es","18":"tag-espana","19":"tag-spain"},"share_on_mastodon":{"url":"","error":""},"_links":{"self":[{"href":"https:\/\/www.europesays.com\/es\/wp-json\/wp\/v2\/posts\/15762","targetHints":{"allow":["GET"]}}],"collection":[{"href":"https:\/\/www.europesays.com\/es\/wp-json\/wp\/v2\/posts"}],"about":[{"href":"https:\/\/www.europesays.com\/es\/wp-json\/wp\/v2\/types\/post"}],"author":[{"embeddable":true,"href":"https:\/\/www.europesays.com\/es\/wp-json\/wp\/v2\/users\/2"}],"replies":[{"embeddable":true,"href":"https:\/\/www.europesays.com\/es\/wp-json\/wp\/v2\/comments?post=15762"}],"version-history":[{"count":0,"href":"https:\/\/www.europesays.com\/es\/wp-json\/wp\/v2\/posts\/15762\/revisions"}],"wp:featuredmedia":[{"embeddable":true,"href":"https:\/\/www.europesays.com\/es\/wp-json\/wp\/v2\/media\/15763"}],"wp:attachment":[{"href":"https:\/\/www.europesays.com\/es\/wp-json\/wp\/v2\/media?parent=15762"}],"wp:term":[{"taxonomy":"category","embeddable":true,"href":"https:\/\/www.europesays.com\/es\/wp-json\/wp\/v2\/categories?post=15762"},{"taxonomy":"post_tag","embeddable":true,"href":"https:\/\/www.europesays.com\/es\/wp-json\/wp\/v2\/tags?post=15762"}],"curies":[{"name":"wp","href":"https:\/\/api.w.org\/{rel}","templated":true}]}}