{"id":157623,"date":"2025-10-05T06:48:07","date_gmt":"2025-10-05T06:48:07","guid":{"rendered":"https:\/\/www.europesays.com\/es\/157623\/"},"modified":"2025-10-05T06:48:07","modified_gmt":"2025-10-05T06:48:07","slug":"muere-guillermo-fernandez-vara-expresidente-de-extremadura-a-los-66-anos","status":"publish","type":"post","link":"https:\/\/www.europesays.com\/es\/157623\/","title":{"rendered":"Muere Guillermo Fern\u00e1ndez Vara, expresidente de Extremadura, a los 66 a\u00f1os"},"content":{"rendered":"<p>05\/10\/2025<br \/>\n<br \/><strong><br \/>\nActualizado a las 07:54h.<br \/>\n<\/strong><\/p>\n<p class=\"voc-p\" style=\"\">Muere Guillermo Fern\u00e1ndez Vara, expresidente de Extremadura, a los 66 a\u00f1os, v\u00edctima de un agresivo c\u00e1ncer contra el que llevaba luchando desde 2023, mismo a\u00f1o en el que dej\u00f3 <strong>la primera l\u00ednea de la pol\u00edtica auton\u00f3mica; seg\u00fan ha informado el PSOE de esa Comunidad Auton\u00f3ma.<\/strong><\/p>\n<p class=\"voc-p\" style=\"\">Nacido en el fronterizo municipio pacense de Olivenza en 1958, Fern\u00e1ndez Vara recibi\u00f3 su educaci\u00f3n en el prestigioso y jesuita Colegio San Jos\u00e9, en Villafranca de los Barros, para despu\u00e9s licenciarse en Medicina y Cirug\u00eda por la <strong>Universidad de C\u00f3rdoba en 1983<\/strong>. Poco despu\u00e9s, siendo n\u00famero uno de su promoci\u00f3n, empez\u00f3 a ejercer como m\u00e9dico forense. Antes de comenzar su carrera pol\u00edtica, despunt\u00f3 en su campo, llegando a presidir, a finales de los ochenta, la Asociaci\u00f3n Estatal de M\u00e9dicos Forenses.<\/p>\n<p class=\"voc-p\" style=\"\">Con un natural don de gentes y llevando siempre la serenidad y la moderaci\u00f3n por bandera, con poco m\u00e1s de 30 a\u00f1os, empez\u00f3 a labrarse un hueco en el Partido Socialista de Extremadura que lideraba Juan Carlos Rodr\u00edguez Ibarra, al que siempre consider\u00f3 su \u00abmentor\u00bb. En 1995, ocupa su primer cargo de responsabilidad como director general de Salud P\u00fablica y consumo. <strong>Al a\u00f1o siguiente, Ibarra le dio todav\u00eda m\u00e1s peso<\/strong> con la consejer\u00eda de Bienestar Social (1996-1999). Fue el paso previo al cargo que empez\u00f3, definitivamente, a darle gran visibilidad en territorio extreme\u00f1o, como consejero de Sanidad y Consumo, puesto que ocup\u00f3 hasta el a\u00f1o 2007.<\/p>\n<p class=\"voc-p\" style=\"\">En septiembre de 2006, un a\u00f1o antes de las elecciones auton\u00f3micas, Ibarra, que llevaba<strong> presidiendo Extremadura 24 a\u00f1os<\/strong>, anuncia que no ser\u00e1 el candidato del PSOE a la Junta. Su sustituto era el que, para muchos, propios y extra\u00f1os, era simplemente Guillermo. Con un 53% de los votos, mejorando el resultado de los comicios de 2003, Guillermo pas\u00f3 a ser Fern\u00e1ndez Vara, presidente de la Junta de Extremadura. Era su primer mandato, que dur\u00f3 cuatro a\u00f1os. En 2011, result\u00f3 vencedor el PP de Jos\u00e9 Antonio Monago, que llev\u00f3, por primera vez, a los populares a gobernar en la comunidad aut\u00f3noma.<\/p>\n<p class=\"voc-p\" style=\"\">Pese a la derrota, Fern\u00e1ndez Vara sigui\u00f3 liderando al PSOE de Extremadura, al que devolvi\u00f3 a la victoria en 2015. Gobern\u00f3 la regi\u00f3n durante<strong> dos mandatos consecutivos<\/strong> hasta que, ya en 2023, perdi\u00f3 la presidencia de la Junta, pese a haber vuelto ganar las elecciones. Aunque , en un primer momento, anunci\u00f3 que dejar\u00eda la pol\u00edtica, fue designado senador auton\u00f3mico. Ha sido vicepresidente segundo de la C\u00e1mara Alta hasta el momento de su fallecimiento.<\/p>\n<p>\nLucha contra el c\u00e1ncer\n<\/p>\n<p class=\"voc-p\" style=\"\">A finales de 2023, el expresidente extreme\u00f1o anuncia que padece un agresivo c\u00e1ncer en el est\u00f3mago, del que ser\u00e1 operado a principios de 2024. Desde entonces, <strong>deja la primera l\u00ednea de la pol\u00edtica<\/strong> y su presencia p\u00fablica disminuye progresivamente. En mayo de este a\u00f1o, reapareci\u00f3 en el 14 Congreso Provincial del PSOE de Badajoz, donde pronunci\u00f3 un discurso viral sobre su enfermedad. \u00abTengo mucho tiempo para pensar. Y pienso mucho en la soledad del corredor de fondo\u00bb, empezaba diciendo: \u00abYo quiero seguir viviendo, pero lo quiero hacer por los m\u00edos, por vosotros y por tanta gente que nos necesita y por eso, compa\u00f1eros y compa\u00f1eras, merece la pena vivir, merece la pena luchar\u00bb. <\/p>\n<p class=\"voc-p\" style=\"\">En su discurso, Fern\u00e1ndez Vara subray\u00f3 que \u00abla patria no se defiende solo con los s\u00edmbolos\u00bb, sino que \u00ab<strong>significa millones de hombres<\/strong> y mujeres teniendo posibilidades de tener una vida digna\u00bb, donde \u00abtodo el mundo\u00bb goce de los \u00abmismos derechos y de las mismas obligaciones\u00bb. En ese sentido, agradec\u00eda a la sanidad p\u00fablica por seguir \u00abvivo\u00bb: \u00abDoy gracias a la vida por ello, cuando uno entra el primer d\u00eda en el hospital para ponerse la quimioterapia le encuentra sentido a toda su vida\u00bb. En agosto, hizo uso de sus redes sociales, para lamentar el fallecimiento del tambi\u00e9n l\u00edder socialista Javier Lamb\u00e1n.<\/p>\n<p class=\"voc-p\" style=\"\">Como uno de los barones m\u00e1s importantes, Fern\u00e1ndez Vara era reconocido en todo el pa\u00eds como un socialista de perfil moderado, apegado a la tradici\u00f3n de su partido. Famosas son sus declaraciones en las que aseguraba que \u00abprobablemente\u00bb se marchar\u00eda de su partido si S\u00e1nchez pactaba con los independentistas: <strong>\u00abNo puedo sentarme en la misma mesa que los que quieren romper Espa\u00f1a\u00bb<\/strong>. Un a\u00f1o despu\u00e9s, en 2017, anunci\u00f3 p\u00fablicamente que apoyar\u00eda la candidatura de su hom\u00f3loga andaluza, Susana D\u00edaz, a alcanzar la secretar\u00eda general del Partido Socialista: \u00abEstar\u00e9 en Madrid con Susana, pero contra Patxi ni contra Pedro\u00bb, dec\u00eda. Sin embargo, su postura contraria a S\u00e1nchez fue diluy\u00e9ndose con el paso de los a\u00f1os hasta pasar a ser uno de los barones afines al presidente del Gobierno<\/p>\n<p class=\"voc-p\" style=\"\">Su fallecimiento deja atr\u00e1s una<strong> larga trayectoria pol\u00edtica<\/strong> de m\u00e1s de 30 a\u00f1os, de los que, en 12, fue presidente de la Junta de Extremadura, justo la mitad del tiempo que la gobern\u00f3 su antecesor y \u00abmentor\u00bb Rodr\u00edguez Ibarra.<\/p>\n<p>Reportar un error<\/p>\n","protected":false},"excerpt":{"rendered":"05\/10\/2025 Actualizado a las 07:54h. Muere Guillermo Fern\u00e1ndez Vara, expresidente de Extremadura, a los 66 a\u00f1os, v\u00edctima de&hellip;\n","protected":false},"author":2,"featured_media":157624,"comment_status":"","ping_status":"","sticky":false,"template":"","format":"standard","meta":{"footnotes":""},"categories":[8],"tags":[17,18,25,24,22155,13074,5992,13,14,10994,6891,11,19,20,9,10,15,16,23,12,21,22,35250],"class_list":{"0":"post-157623","1":"post","2":"type-post","3":"status-publish","4":"format-standard","5":"has-post-thumbnail","7":"category-espana","8":"tag-breaking-news","9":"tag-breakingnews","10":"tag-es","11":"tag-espana","12":"tag-expresidente","13":"tag-extremeno","14":"tag-fallece","15":"tag-featured-news","16":"tag-featurednews","17":"tag-fernandez","18":"tag-guillermo","19":"tag-headlines","20":"tag-latest-news","21":"tag-latestnews","22":"tag-news","23":"tag-noticias","24":"tag-noticias-destacadas","25":"tag-noticiasdestacadas","26":"tag-spain","27":"tag-titulares","28":"tag-ultimas-noticias","29":"tag-ultimasnoticias","30":"tag-vara"},"share_on_mastodon":{"url":"","error":""},"_links":{"self":[{"href":"https:\/\/www.europesays.com\/es\/wp-json\/wp\/v2\/posts\/157623","targetHints":{"allow":["GET"]}}],"collection":[{"href":"https:\/\/www.europesays.com\/es\/wp-json\/wp\/v2\/posts"}],"about":[{"href":"https:\/\/www.europesays.com\/es\/wp-json\/wp\/v2\/types\/post"}],"author":[{"embeddable":true,"href":"https:\/\/www.europesays.com\/es\/wp-json\/wp\/v2\/users\/2"}],"replies":[{"embeddable":true,"href":"https:\/\/www.europesays.com\/es\/wp-json\/wp\/v2\/comments?post=157623"}],"version-history":[{"count":0,"href":"https:\/\/www.europesays.com\/es\/wp-json\/wp\/v2\/posts\/157623\/revisions"}],"wp:featuredmedia":[{"embeddable":true,"href":"https:\/\/www.europesays.com\/es\/wp-json\/wp\/v2\/media\/157624"}],"wp:attachment":[{"href":"https:\/\/www.europesays.com\/es\/wp-json\/wp\/v2\/media?parent=157623"}],"wp:term":[{"taxonomy":"category","embeddable":true,"href":"https:\/\/www.europesays.com\/es\/wp-json\/wp\/v2\/categories?post=157623"},{"taxonomy":"post_tag","embeddable":true,"href":"https:\/\/www.europesays.com\/es\/wp-json\/wp\/v2\/tags?post=157623"}],"curies":[{"name":"wp","href":"https:\/\/api.w.org\/{rel}","templated":true}]}}