{"id":157625,"date":"2025-10-05T06:50:00","date_gmt":"2025-10-05T06:50:00","guid":{"rendered":"https:\/\/www.europesays.com\/es\/157625\/"},"modified":"2025-10-05T06:50:00","modified_gmt":"2025-10-05T06:50:00","slug":"el-gobierno-de-castilla-la-mancha-impulsa-la-creacion-en-el-campo-del-comic-y-la-ilustracion-con-su-apoyo-a-la-beca-creativa-manchacomic-kids-2025-gobierno-de-castilla-la-mancha","status":"publish","type":"post","link":"https:\/\/www.europesays.com\/es\/157625\/","title":{"rendered":"El Gobierno de Castilla-La Mancha impulsa la creaci\u00f3n en el campo del comic y la ilustraci\u00f3n con su apoyo a la Beca creativa Manchac\u00f3mic Kids 2025 &#8211; Gobierno de Castilla-La Mancha"},"content":{"rendered":"<ol>\n<li><a href=\"https:\/\/news.google.com\/rss\/articles\/CBMi-gFBVV95cUxQbGVRMjk5VG5ZZXBzZ01fZ0tqZWRYMjVzOWQ0c0M5MURkRGNHWU9UQWNPX0VaSlMyVS1LdFFaTHdvY0dEVktSa0R5WHZqM3pnYVNjSEtWT1JiYXNyRVM1VWVUWkV6SGFxb2YzWXluUlNaSmtEZXNMOGZROGV4MFREYmhXZ2FMV3MwV1h3aXp5aTRzdDVoNFRMNVByMllYSGVNVVp6THFHVWlRU2ZscnV2UTRicHp4M2NTcHRyYkxwUEpaRkplRi1YMXAzYXhlaHdfRV9OTEJSOTVaa1lkZElESmpLdmduZUktVXNQVUs0NC1wamtpZVFtWlpB?oc=5\" target=\"_blank\" rel=\"nofollow noopener\">El Gobierno de Castilla-La Mancha impulsa la creaci\u00f3n en el campo del comic y la ilustraci\u00f3n con su apoyo a la Beca creativa Manchac\u00f3mic Kids 2025<\/a>&nbsp;&nbsp;Gobierno de Castilla-La Mancha<\/li>\n<li><a href=\"https:\/\/news.google.com\/rss\/articles\/CBMihwJBVV95cUxQdE5qYjNrd2FfTjltdUx5WXQ3THk0dTI4cG10akdheGFYWHlFcUx0UGt3c2J2T3lZVjAzSWpRZng3VGZYZHNfeUI2V1RTbDFRZ25hZzFRT0ZYMGRqU2x0TjVHMkk3SlZQUWllZHV6YXBfTG4wb0xrdzdCMHFmS1RFOGdMXzAtdVdSVEwyN3I4VHFBVlpPNDFIYUpnNWxPdGhRb3M5WlZRdVRqbGQ2UGtOeGRZVXZkZjc2a1dPTDlaVmZnVFN6VG5jUkVJak54R0pQSDhsSFlpTlNTcDlpaEZkSUZpcXllNXZlcF9Yb0VUc0xid0ZXakhZQ0dOQ3pRNjhyZDAyUmRLSdIBjAJBVV95cUxQT1Z4aUM0QmpHb3lORjNXTlJ1Rm9rWmJyUk9vUzh1RXNyVlp0VW1UX2FPNkU1cThJM1RldDM2TFBvM2Vxblg5Z3BMQ2ZwWnY5dUdnTUt4Mk5takZEamhVUExUU1NXaXZiS2hjd0lnUWM2WExmU3RyUmgzYUxDTl8zb1hXcWQtQUg3T3AxcnpZcjlWZjZmQmh2YkdvN1BQcHNFWTRpSXljMGdOZjE3TXVWcTY2MktYRGtfbkt2dHNERWRVOHI4cnlmRGFRUHFtUHBXUTVNdTJ6c3QyX0NUMUxCM013OEtXTXFxOVBscmF2Mk5sM1dpSjhVUnV0LTVrVVBPeEVSWWJDUFdaSkRj?oc=5\" target=\"_blank\" rel=\"nofollow noopener\">Ciudad Real vuelve a convertirse en la capital del c\u00f3mic con la celebraci\u00f3n de la 12\u00aa edici\u00f3n de &#8216;Manchac\u00f3mic&#8217;<\/a>&nbsp;&nbsp;La Comarca de Puertollano<\/li>\n<li><a href=\"https:\/\/news.google.com\/rss\/articles\/CBMibEFVX3lxTE5WWjJyZW5lb1EwVWJWZWVLZFR4SFB0bG4weXFocGh5QUI0Rkp3XzVNTmxNX25aM01raGp4M284OS10RWZaWXhvaFdQaE5xdWNqOThjM1NIY2k2dE5uSHFNbk9tWFB1NGs2cW5kbQ?oc=5\" target=\"_blank\" rel=\"nofollow noopener\">3, 4 y 5 de octubre. Manchac\u00f3mic 2025: Cultura gr\u00e1fica, comunidad y causa<\/a>&nbsp;&nbsp;Las cosas que nos hacen felices<\/li>\n<li><a href=\"https:\/\/news.google.com\/rss\/articles\/CBMi2gFBVV95cUxPa0FpSzQ0VGw2Z3p2SXJWNjdReUZRakJzSC1qUzlhZ2didlVXYnNXakhLZ1pSZ05BZS1QYm91UWdlb3JKd2dPb28zR2o0TVgtdm1YanpZX2tRZzRRN0J0MF8tQm8wOWY2X2pzVzRlNDkwSmJvYlJPVE9TX1Fkb3NCU1lwYWFVWHRKeFNRWFA4anB0QU5iSUZ4UkJTaEE2Ui1RQVhGVGFqV3lQajRhbW43SEhDandHUkdEczhWUWJJaEZTVGZRZE5ucTZ6dmVwM2N0VEdXWWVxTUJHUdIB3wFBVV95cUxOWWE5QXNEbEJoMXlTdW9tWFhidmhFLWE0ZnFiejNQUkthVW45ZHhwdWxmSTdiMkQwS2VHSFdLZldFOFhXZFd2VWhic2N1Nlo1T1BRbUpsd2lVR1VXdlpWNnphY1ktdHRkamhBbWJNMFE4SFhIN0xiY192bnQ2UnVONHNlXzVkT1dDcWRwekFTT0RVYWMwMmt4SFlGNHlsUDQta3g3RGd0ay1iTHdMTGE1UlMwVkpBaHVHdVB3VVEzSHlQY0p1dk5tYjczT09EQzJSajd6Zy1OWnRTTEl6UUlj?oc=5\" target=\"_blank\" rel=\"nofollow noopener\">Los Jardines del Prado se llenan de color, risas y vi\u00f1etas: as\u00ed se vive Mancha C\u00f3mic 2025 en Ciudad Real<\/a>&nbsp;&nbsp;Lanza Digital<\/li>\n<li><a href=\"https:\/\/news.google.com\/rss\/articles\/CBMi1gFBVV95cUxPQVQ0UFc1Nk9YZXB1WmZPOTRiSlhXQTBTZTl2eWNQYXRDNzRLQkQ4VGlmNlJJUHVXU0dkOUs2dUEtX1lZcTJkQVZtUU1pWEJfajJ2aWhhbmFTbzVPMjViQUlwRVo1R1llQXlRVTZzNjhUcmJSSGNjSGhCb09Kb1lQOU5VUWtjU1ZIWFl3eV9jS1FWdGhIWVVQTldQYWlBSjd4eHYwRHRNdkhjaldvSlZQejVnUEE2aEQzck5pZkdXYVBYZlRma2w3VUNCbjY0cHFJTkpTQ1JR?oc=5\" target=\"_blank\" rel=\"nofollow noopener\">Altuna: \u00abHacer lo que a uno le gusta es ya un premio\u00bb<\/a>&nbsp;&nbsp;La Tribuna de Ciudad Real<\/li>\n<\/ol>\n","protected":false},"excerpt":{"rendered":"El Gobierno de Castilla-La Mancha impulsa la creaci\u00f3n en el campo del comic y la ilustraci\u00f3n con su&hellip;\n","protected":false},"author":2,"featured_media":155649,"comment_status":"","ping_status":"","sticky":false,"template":"","format":"standard","meta":{"footnotes":""},"categories":[5],"tags":[17,18,25,24,13,14,11,19,20,9,10,15,16,23,12,21,22],"class_list":{"0":"post-157625","1":"post","2":"type-post","3":"status-publish","4":"format-standard","5":"has-post-thumbnail","7":"category-titulares","8":"tag-breaking-news","9":"tag-breakingnews","10":"tag-es","11":"tag-espana","12":"tag-featured-news","13":"tag-featurednews","14":"tag-headlines","15":"tag-latest-news","16":"tag-latestnews","17":"tag-news","18":"tag-noticias","19":"tag-noticias-destacadas","20":"tag-noticiasdestacadas","21":"tag-spain","22":"tag-titulares","23":"tag-ultimas-noticias","24":"tag-ultimasnoticias"},"share_on_mastodon":{"url":"","error":""},"_links":{"self":[{"href":"https:\/\/www.europesays.com\/es\/wp-json\/wp\/v2\/posts\/157625","targetHints":{"allow":["GET"]}}],"collection":[{"href":"https:\/\/www.europesays.com\/es\/wp-json\/wp\/v2\/posts"}],"about":[{"href":"https:\/\/www.europesays.com\/es\/wp-json\/wp\/v2\/types\/post"}],"author":[{"embeddable":true,"href":"https:\/\/www.europesays.com\/es\/wp-json\/wp\/v2\/users\/2"}],"replies":[{"embeddable":true,"href":"https:\/\/www.europesays.com\/es\/wp-json\/wp\/v2\/comments?post=157625"}],"version-history":[{"count":0,"href":"https:\/\/www.europesays.com\/es\/wp-json\/wp\/v2\/posts\/157625\/revisions"}],"wp:featuredmedia":[{"embeddable":true,"href":"https:\/\/www.europesays.com\/es\/wp-json\/wp\/v2\/media\/155649"}],"wp:attachment":[{"href":"https:\/\/www.europesays.com\/es\/wp-json\/wp\/v2\/media?parent=157625"}],"wp:term":[{"taxonomy":"category","embeddable":true,"href":"https:\/\/www.europesays.com\/es\/wp-json\/wp\/v2\/categories?post=157625"},{"taxonomy":"post_tag","embeddable":true,"href":"https:\/\/www.europesays.com\/es\/wp-json\/wp\/v2\/tags?post=157625"}],"curies":[{"name":"wp","href":"https:\/\/api.w.org\/{rel}","templated":true}]}}