{"id":157637,"date":"2025-10-05T07:12:07","date_gmt":"2025-10-05T07:12:07","guid":{"rendered":"https:\/\/www.europesays.com\/es\/157637\/"},"modified":"2025-10-05T07:12:07","modified_gmt":"2025-10-05T07:12:07","slug":"un-cirujano-de-la-politica","status":"publish","type":"post","link":"https:\/\/www.europesays.com\/es\/157637\/","title":{"rendered":"Un cirujano de la pol\u00edtica"},"content":{"rendered":"<p style=\"\">Este es el perfil de un servidor p\u00fablico, de alguien que eligi\u00f3 la medicina, pero la pol\u00edtica, la que se hace con may\u00fasculas, se cruz\u00f3 en su camino y le eligi\u00f3 a \u00e9l. En un momento marcado por el histrionismo y la crispaci\u00f3n, voces serenas  &#8230; <strong>como la de Guillermo Fern\u00e1ndez Vara<\/strong> se antojan m\u00e1s necesarias que nunca. El tono pausado, la palabra justa y una lealtad a Extremadura, a Espa\u00f1a y a su partido, por ese orden, que le reconocen dentro y fuera del PSOE. Compartan o discrepen de sus ideas y convicciones, todos los consultados coinciden en identificarlo como un \u00abhombre de consensos\u00bb.<\/p>\n<p class=\"voc-p\" style=\"\">Naci\u00f3 en Olivenza, en 1958, en el marco de una familia conservadora -nieto de un fiscal e hijo de un magistrado del Tribunal Supremo-, goz\u00f3 de una posici\u00f3n acomodada y una visi\u00f3n de la pol\u00edtica que fue modulando a lo largo de su trayectoria: pas\u00f3 de militar en Alianza Popular, de la mano de Antonio Hern\u00e1ndez Mancha, a ingresar en las filas del PSOE junto a su \u00abamigo\u00bb Juan Carlos Rodr\u00edguez Ibarra. <strong>\u00abMe morir\u00e9 siendo socialista\u00bb<\/strong>, dijo en alguna ocasi\u00f3n. Un c\u00e1ncer ha precipitado el final, al filo de cumplir los 67 a\u00f1os, sin cambiar un \u00e1pice esta vocaci\u00f3n.<\/p>\n<p class=\"voc-p\" style=\"\">Perdi\u00f3 el poder ganando las \u00faltimas elecciones y decidi\u00f3 que, entonces s\u00ed, hab\u00eda llegado el momento de dar un paso a un lado y dejar espacio a un nuevo liderazgo. No particip\u00f3 en conjuras internas, no quiso pilotar la sucesi\u00f3n, advirti\u00f3 de que si no gobernaba se marchar\u00eda, y cumpli\u00f3 su palabra. Licenciado en Medicina y Cirug\u00eda por la Universidad de C\u00f3rdoba en 1983, aplic\u00f3 la t\u00e9cnica aprendida y se convirti\u00f3 en un cirujano de la pol\u00edtica. Cambi\u00f3 la bata blanca por el traje (de faena) durante 28 a\u00f1os y, tras abandonar la escena p\u00fablica, pidi\u00f3 el reingreso como forense. No ejecut\u00f3 la decisi\u00f3n de \u00abforma inmediata\u00bb. Pese a ser uno de los damnificados del <strong>hurac\u00e1n antisanchista del 28-M<\/strong>, una llamada del presidente le hizo cambiar de idea y, en un ejercicio de lealtad hacia su partido, esper\u00f3 hasta despu\u00e9s de las elecciones generales, para no dejar descabezado al PSOE en Extremadura en plena contienda nacional.<\/p>\n<p class=\"voc-p\" style=\"\">Consigui\u00f3 cimentar un proyecto tras 24 a\u00f1os de \u00abIbarrismo\u00bb y presidi\u00f3 la Junta de Extremadura <strong>durante tres legislaturas discontinuas<\/strong>. Tras un primer mandato, entre 2007 y 2011, prob\u00f3 las hieles de la oposici\u00f3n durante cuatro a\u00f1os. Un periodo que supuso una cura de humildad y la reconexi\u00f3n con las demandas de la ciudadan\u00eda que le llevar\u00edan de nuevo al gobierno entre 2015 y 2023. <\/p>\n<p class=\"voc-p\" style=\"\">Su perfil profundamente conciliador le permiti\u00f3 la supervivencia en la etapa interna m\u00e1s cruenta del PSOE reciente. Fue uno de los pocos que se posicion\u00f3 abiertamente <strong>a favor de Eduardo Madina<\/strong> en las primarias de 2014, cuando el caballo ganador, el candidato del aparato, era S\u00e1nchez. Tras su victoria, no dud\u00f3 en cerrar filas con \u00e9l. Algo pareci\u00f3 ocurrir\u00eda en 2017, aunque en sentido inverso: tras alinearse con Susana D\u00edaz, se puso a disposici\u00f3n del nuevo secretario general y, en la \u00faltima etapa, se convirti\u00f3 en uno de sus escuderos m\u00e1s fieles. Hasta hoy, tuvo asiento en la Ejecutiva del partido.<\/p>\n<p class=\"voc-p\" style=\"\">En una de sus \u00faltimas apariciones pidi\u00f3 a sus compa\u00f1eros: \u00abNo quiero homenajes, calles, plazas, premios, medallas; no me propong\u00e1is para nada, <strong>mi mejor homenaje es mi foto<\/strong> en la casa de los extreme\u00f1os que vi por primera vez en Santiago de Alc\u00e1ntara, de all\u00ed sal\u00ed aquel d\u00eda convencido de que cualquier cosa que hiciera en la vida merecer\u00eda la pena\u00bb. \u00abEl hoy es un regalo, por eso se le llama presente, porque es un regalo\u00bb, sentenci\u00f3.<\/p>\n","protected":false},"excerpt":{"rendered":"Este es el perfil de un servidor p\u00fablico, de alguien que eligi\u00f3 la medicina, pero la pol\u00edtica, la&hellip;\n","protected":false},"author":2,"featured_media":157638,"comment_status":"","ping_status":"","sticky":false,"template":"","format":"standard","meta":{"footnotes":""},"categories":[8],"tags":[17,18,47044,25,24,13,14,10994,6891,11,19,20,9,10,15,16,952,23,12,21,22,35250],"class_list":{"0":"post-157637","1":"post","2":"type-post","3":"status-publish","4":"format-standard","5":"has-post-thumbnail","7":"category-espana","8":"tag-breaking-news","9":"tag-breakingnews","10":"tag-cirujano","11":"tag-es","12":"tag-espana","13":"tag-featured-news","14":"tag-featurednews","15":"tag-fernandez","16":"tag-guillermo","17":"tag-headlines","18":"tag-latest-news","19":"tag-latestnews","20":"tag-news","21":"tag-noticias","22":"tag-noticias-destacadas","23":"tag-noticiasdestacadas","24":"tag-politica","25":"tag-spain","26":"tag-titulares","27":"tag-ultimas-noticias","28":"tag-ultimasnoticias","29":"tag-vara"},"share_on_mastodon":{"url":"","error":""},"_links":{"self":[{"href":"https:\/\/www.europesays.com\/es\/wp-json\/wp\/v2\/posts\/157637","targetHints":{"allow":["GET"]}}],"collection":[{"href":"https:\/\/www.europesays.com\/es\/wp-json\/wp\/v2\/posts"}],"about":[{"href":"https:\/\/www.europesays.com\/es\/wp-json\/wp\/v2\/types\/post"}],"author":[{"embeddable":true,"href":"https:\/\/www.europesays.com\/es\/wp-json\/wp\/v2\/users\/2"}],"replies":[{"embeddable":true,"href":"https:\/\/www.europesays.com\/es\/wp-json\/wp\/v2\/comments?post=157637"}],"version-history":[{"count":0,"href":"https:\/\/www.europesays.com\/es\/wp-json\/wp\/v2\/posts\/157637\/revisions"}],"wp:featuredmedia":[{"embeddable":true,"href":"https:\/\/www.europesays.com\/es\/wp-json\/wp\/v2\/media\/157638"}],"wp:attachment":[{"href":"https:\/\/www.europesays.com\/es\/wp-json\/wp\/v2\/media?parent=157637"}],"wp:term":[{"taxonomy":"category","embeddable":true,"href":"https:\/\/www.europesays.com\/es\/wp-json\/wp\/v2\/categories?post=157637"},{"taxonomy":"post_tag","embeddable":true,"href":"https:\/\/www.europesays.com\/es\/wp-json\/wp\/v2\/tags?post=157637"}],"curies":[{"name":"wp","href":"https:\/\/api.w.org\/{rel}","templated":true}]}}