{"id":157639,"date":"2025-10-05T07:13:20","date_gmt":"2025-10-05T07:13:20","guid":{"rendered":"https:\/\/www.europesays.com\/es\/157639\/"},"modified":"2025-10-05T07:13:20","modified_gmt":"2025-10-05T07:13:20","slug":"fernandez-vara-se-encuentra-en-una-situacion-de-salud-muy-fragil-y-acompanado-de-su-familia","status":"publish","type":"post","link":"https:\/\/www.europesays.com\/es\/157639\/","title":{"rendered":"Fern\u00e1ndez Vara se encuentra en una situaci\u00f3n de salud \u00abmuy fr\u00e1gil\u00bb y acompa\u00f1ado de su familia"},"content":{"rendered":"<p>   M\u00c9RIDA 4 Oct. (EUROPA PRESS) &#8211; <\/p>\n<p>   El expresidente de la Junta de Extremadura Guillermo Fern\u00e1ndez Vara se encuentra en una situaci\u00f3n de salud \u00abmuy fr\u00e1gil\u00bb y acompa\u00f1ado de su familia.<\/p>\n<p>   As\u00ed lo ha se\u00f1alado el PSOE de Extremadura en un comunicado remitido en la tarde de este s\u00e1bado, recogido por Europa Press.<\/p>\n<p>    Por su parte, la familia de Fern\u00e1ndez Vara ha enviado un mensaje a trav\u00e9s del perfil de X del propio exmandatario socialista en el que se\u00f1alan que, en estos momentos, \u00abGuillermo se encuentra luchando contra su enfermedad\u00bb.<\/p>\n<p>   En esa misma comunicaci\u00f3n, tambi\u00e9n recogida por Europa Press, su familia y amigos han pedido \u00abrespeto\u00bb ante estos \u00abcompases tan duros\u00bb.<\/p>\n<p>    Por su parte, el PSOE de Extremadura ha agradecido las \u00abmuestras de preocupaci\u00f3n, cari\u00f1o y apoyo\u00bb recibidas, y ha pedido \u00abprudencia y respeto\u00bb ante esta situaci\u00f3n.<\/p>\n","protected":false},"excerpt":{"rendered":"M\u00c9RIDA 4 Oct. (EUROPA PRESS) &#8211; El expresidente de la Junta de Extremadura Guillermo Fern\u00e1ndez Vara se encuentra&hellip;\n","protected":false},"author":2,"featured_media":157640,"comment_status":"","ping_status":"","sticky":false,"template":"","format":"standard","meta":{"footnotes":""},"categories":[5],"tags":[17,18,25,24,13,14,11,19,20,9,10,15,16,23,12,21,22],"class_list":{"0":"post-157639","1":"post","2":"type-post","3":"status-publish","4":"format-standard","5":"has-post-thumbnail","7":"category-titulares","8":"tag-breaking-news","9":"tag-breakingnews","10":"tag-es","11":"tag-espana","12":"tag-featured-news","13":"tag-featurednews","14":"tag-headlines","15":"tag-latest-news","16":"tag-latestnews","17":"tag-news","18":"tag-noticias","19":"tag-noticias-destacadas","20":"tag-noticiasdestacadas","21":"tag-spain","22":"tag-titulares","23":"tag-ultimas-noticias","24":"tag-ultimasnoticias"},"share_on_mastodon":{"url":"","error":""},"_links":{"self":[{"href":"https:\/\/www.europesays.com\/es\/wp-json\/wp\/v2\/posts\/157639","targetHints":{"allow":["GET"]}}],"collection":[{"href":"https:\/\/www.europesays.com\/es\/wp-json\/wp\/v2\/posts"}],"about":[{"href":"https:\/\/www.europesays.com\/es\/wp-json\/wp\/v2\/types\/post"}],"author":[{"embeddable":true,"href":"https:\/\/www.europesays.com\/es\/wp-json\/wp\/v2\/users\/2"}],"replies":[{"embeddable":true,"href":"https:\/\/www.europesays.com\/es\/wp-json\/wp\/v2\/comments?post=157639"}],"version-history":[{"count":0,"href":"https:\/\/www.europesays.com\/es\/wp-json\/wp\/v2\/posts\/157639\/revisions"}],"wp:featuredmedia":[{"embeddable":true,"href":"https:\/\/www.europesays.com\/es\/wp-json\/wp\/v2\/media\/157640"}],"wp:attachment":[{"href":"https:\/\/www.europesays.com\/es\/wp-json\/wp\/v2\/media?parent=157639"}],"wp:term":[{"taxonomy":"category","embeddable":true,"href":"https:\/\/www.europesays.com\/es\/wp-json\/wp\/v2\/categories?post=157639"},{"taxonomy":"post_tag","embeddable":true,"href":"https:\/\/www.europesays.com\/es\/wp-json\/wp\/v2\/tags?post=157639"}],"curies":[{"name":"wp","href":"https:\/\/api.w.org\/{rel}","templated":true}]}}