{"id":1577,"date":"2025-07-25T06:35:09","date_gmt":"2025-07-25T06:35:09","guid":{"rendered":"https:\/\/www.europesays.com\/es\/1577\/"},"modified":"2025-07-25T06:35:09","modified_gmt":"2025-07-25T06:35:09","slug":"tailandia-advierte-de-riesgo-de-guerra-con-camboya-en-segundo-dia-de-combates-mortales","status":"publish","type":"post","link":"https:\/\/www.europesays.com\/es\/1577\/","title":{"rendered":"Tailandia advierte de riesgo de guerra con Camboya en segundo d\u00eda de combates mortales"},"content":{"rendered":"<p>    <img src=\"https:\/\/www.europesays.com\/es\/wp-content\/uploads\/2025\/07\/30e2797c6773f5dc0483cb4d1cf7bc9e-89732729.jpg\" width=\"1024\" height=\"682\" alt=\"\" loading=\"eager\" decoding=\"sync\" fetchpriority=\"high\"\/><\/p>\n<p>            afp_tickers        <\/p>\n<p>        Este contenido fue publicado en    <\/p>\n<p>        25 julio 2025 &#8211; 07:56\n<\/p>\n<p>Tailandia advirti\u00f3 este viernes del riesgo de una guerra a gran escala contra su vecina Camboya en el segundo d\u00eda de enfrentamientos transfronterizos que dejaron m\u00e1s de una quincena de muertos y decenas de miles de evacuados.<\/p>\n<p>Una disputa territorial de d\u00e9cadas deriv\u00f3 el jueves en intensas hostilidades entre ambos reinos del sudeste asi\u00e1tico con la movilizaci\u00f3n de aviones de combate, artiller\u00eda, tanques e infanter\u00eda que inquietan a la comunidad internacional.<\/p>\n<p>\u00abSi la situaci\u00f3n se agrava podr\u00eda derivar en una guerra, aunque por ahora sigue limitada a enfrentamientos\u00bb, advirti\u00f3 el primer ministro interino de Tailandia, Phumtham Wechayachai, a la prensa en Bangkok.<\/p>\n<p>El ministro tailand\u00e9s del Interior se\u00f1al\u00f3 que m\u00e1s de 138.000 civiles de las cuatro provincias fronterizas con Camboya, entre ellos 428 pacientes hospitalarios, fueron trasladados a refugios temporales.<\/p>\n<p>El balance de los enfrentamientos en Tailandia se elev\u00f3 el viernes a 15 muertos -un soldado y 14 civiles- y 46 heridos.\u00a0<\/p>\n<p>En su primer parte desde el estallido de las hostilidades, las autoridades provinciales de Camboya reportaron un muerto y cinco heridos.<\/p>\n<p>Los combates se reanudaron en tres zonas en la madrugada del viernes, afirm\u00f3 el ej\u00e9rcito tailand\u00e9s.\u00a0<\/p>\n<p>Las fuerzas camboyanas bombardearon con armas pesadas, artiller\u00eda y cohetes BM-21 y las tropas tailandesas respondieron \u00abcon el fuego de apoyo apropiado\u00bb, explic\u00f3.<\/p>\n<p>En el municipio camboyano de Samraong, a unos 20 km de la frontera, periodistas de AFP escucharon disparos lejanos de artiller\u00eda el viernes por la ma\u00f1ana.<\/p>\n<p>Al escuchar esas detonaciones, familias con ni\u00f1os cargaron r\u00e1pidamente sus pertenencias en sus coches y huyeron de la zona, mientras algunos soldados tomaban lanzacohetes y se dirig\u00edan r\u00e1pidamente hacia la frontera.<\/p>\n<p>\u00abVivo muy cerca de la frontera. Tenemos miedo porque empezaron a disparar de nuevo sobre las 6 de la madrugada\u00bb, explic\u00f3 Pro Bak, un hombre de 41 a\u00f1os que lleva a su mujer y sus hijos a refugiarse a un templo budista.<\/p>\n<p>\u00abNo s\u00e9 cu\u00e1ndo podremos volver a casa\u00bb, agreg\u00f3.<\/p>\n<p>El primer ministro de Malasia, Anwar Ibrahim, cuyo pa\u00eds preside temporalmente la Asociaci\u00f3n de Naciones del Sudeste Asi\u00e1tico (ASEAN), afirm\u00f3 que hab\u00eda hablado el jueves con sus hom\u00f3logos de Camboya y Tailandia.<\/p>\n<p>Seg\u00fan explic\u00f3 en un mensaje en la noche del jueves, pidi\u00f3 a los dos pa\u00edses miembros de ASEAN un alto el fuego y di\u00e1logo y estos mostraron \u00abse\u00f1ales positivas y predisposici\u00f3n\u00bb.<\/p>\n<p>\u2013 Tanques y aviones de combate \u2013<\/p>\n<p>Estos combates representan una dram\u00e1tica escalada en una vieja disputa entre estos dos vecinos que comparten 800 kil\u00f3metros de frontera y atraen cada a\u00f1o a millones de turistas extranjeros.<\/p>\n<p>Decenas de kil\u00f3metros en esa frontera salpicada de antiguos templos contin\u00faan en disputa. Entre 2008 y 2011 ya se produjeron enfrentamientos que dejaron 28 muertos y decenas de miles de desplazados.<\/p>\n<p>Una decisi\u00f3n en favor de Camboya de la Corte Internacional de Justicia de la ONU zanj\u00f3 esa crisis durante una d\u00e9cada, pero la tensi\u00f3n emergi\u00f3 de nuevo en mayo con la muerte de un soldado jemer en un nuevo enfrentamiento.<\/p>\n<p>Los combates del jueves se desarrollaron en seis puntos distintos, entre ellos dos antiguos templos, seg\u00fan el ej\u00e9rcito tailand\u00e9s.<\/p>\n<p>Tropas de infanter\u00eda apoyadas por tanques luchan por el control del territorio. Las tropas camboyanas disparaban cohetes y proyectiles desde su territorio y el ej\u00e9rcito tailand\u00e9s bombarde\u00f3 con cazas objetivos militares en la frontera del pa\u00eds vecino.<\/p>\n<p>Ambas partes se acusan mutuamente de haber iniciado las hostilidades. De su parte, Tailandia acus\u00f3 a Camboya de atacar infraestructura civil como un hospital o una estaci\u00f3n de servicio donde se produjeron varias v\u00edctimas.<\/p>\n<p>Horas antes de estos combates, Tailandia expuls\u00f3 al embajador camboyano y llam\u00f3 a consultas a su enviado en Phnom Penh, en respuesta al estallido de una mina terrestre que hiri\u00f3 a cinco soldados del reino.<\/p>\n<p>Camboya respondi\u00f3 degradando las relaciones diplom\u00e1ticas \u00abal nivel m\u00e1s bajo\u00bb, retirando a todos sus diplom\u00e1ticos en Bangkok excepto uno y expulsando a sus equivalentes tailandeses en su territorio.<\/p>\n<p>A petici\u00f3n del primer ministro camboyano, Hun Manet, el Consejo de Seguridad de la ONU se reunir\u00e1 el viernes de forma urgente y a puerta cerrada para abordar el conflicto.<\/p>\n<p>Estados Unidos y Francia, la antigua potencia colonial en Camboya, llamaron a cesar inmediatamente las hostilidades.<\/p>\n<p>La Uni\u00f3n Europea y China se mostraron muy preocupadas por los choques y reclamaron di\u00e1logo.<\/p>\n<p>burs-pdw\/tym\/dbh\/atm\/dbh\/zm<\/p>\n","protected":false},"excerpt":{"rendered":"afp_tickers Este contenido fue publicado en 25 julio 2025 &#8211; 07:56 Tailandia advirti\u00f3 este viernes del riesgo de&hellip;\n","protected":false},"author":2,"featured_media":1578,"comment_status":"","ping_status":"","sticky":false,"template":"","format":"standard","meta":{"footnotes":""},"categories":[42],"tags":[635,17,18,636,83,13,14,11,61,62,63,86,64,19,20,9,10,15,16,88,90,12,21,22,65,66,67],"class_list":{"0":"post-1577","1":"post","2":"type-post","3":"status-publish","4":"format-standard","5":"has-post-thumbnail","7":"category-internacional","8":"tag-armed-conflict","9":"tag-breaking-news","10":"tag-breakingnews","11":"tag-conflict","12":"tag-diplomacy","13":"tag-featured-news","14":"tag-featurednews","15":"tag-headlines","16":"tag-internacional","17":"tag-international","18":"tag-international-news","19":"tag-international-relations","20":"tag-internationalnews","21":"tag-latest-news","22":"tag-latestnews","23":"tag-news","24":"tag-noticias","25":"tag-noticias-destacadas","26":"tag-noticiasdestacadas","27":"tag-politics","28":"tag-ticker","29":"tag-titulares","30":"tag-ultimas-noticias","31":"tag-ultimasnoticias","32":"tag-world","33":"tag-world-news","34":"tag-worldnews"},"share_on_mastodon":{"url":"","error":""},"_links":{"self":[{"href":"https:\/\/www.europesays.com\/es\/wp-json\/wp\/v2\/posts\/1577","targetHints":{"allow":["GET"]}}],"collection":[{"href":"https:\/\/www.europesays.com\/es\/wp-json\/wp\/v2\/posts"}],"about":[{"href":"https:\/\/www.europesays.com\/es\/wp-json\/wp\/v2\/types\/post"}],"author":[{"embeddable":true,"href":"https:\/\/www.europesays.com\/es\/wp-json\/wp\/v2\/users\/2"}],"replies":[{"embeddable":true,"href":"https:\/\/www.europesays.com\/es\/wp-json\/wp\/v2\/comments?post=1577"}],"version-history":[{"count":0,"href":"https:\/\/www.europesays.com\/es\/wp-json\/wp\/v2\/posts\/1577\/revisions"}],"wp:featuredmedia":[{"embeddable":true,"href":"https:\/\/www.europesays.com\/es\/wp-json\/wp\/v2\/media\/1578"}],"wp:attachment":[{"href":"https:\/\/www.europesays.com\/es\/wp-json\/wp\/v2\/media?parent=1577"}],"wp:term":[{"taxonomy":"category","embeddable":true,"href":"https:\/\/www.europesays.com\/es\/wp-json\/wp\/v2\/categories?post=1577"},{"taxonomy":"post_tag","embeddable":true,"href":"https:\/\/www.europesays.com\/es\/wp-json\/wp\/v2\/tags?post=1577"}],"curies":[{"name":"wp","href":"https:\/\/api.w.org\/{rel}","templated":true}]}}